{"id":9593,"date":"2011-09-20T09:23:26","date_gmt":"2011-09-20T07:23:26","guid":{"rendered":"http:\/\/www.granadablogs.com\/pateandoelmundo\/?p=9593"},"modified":"2011-09-20T09:23:26","modified_gmt":"2011-09-20T07:23:26","slug":"la-alegria-de-los-profesores","status":"publish","type":"post","link":"https:\/\/www.granadablogs.com\/pateandoelmundo\/la-alegria-de-los-profesores\/","title":{"rendered":"La alegr\u00eda de los profesores"},"content":{"rendered":"<p style=\"text-align: justify;\"><em>Unas notas, para aportar al debate educativo, en un art\u00edculo que publicamos hoy en IDEAL, con un puntito sentimental y, como escribe Rosa Montero <strong>\u201cLos articulistas llevan dos semanas escribiendo sobre los profesores: pocas veces he visto tanta redundancia. Mis disculpas al lector que ya est\u00e9 harto\u201d.<\/strong><\/em><\/p>\n<p style=\"text-align: justify;\"><strong>No me extra\u00f1a la que le ha ca\u00eddo a<\/strong> Esperanza Aguirre por su famosa carta. M\u00e1s all\u00e1 de las supuestas faltas de ortograf\u00eda, lo que me parece deleznable es que toda una ex Ministra de Educaci\u00f3n firme y suscriba, como Presidenta de Madrid, la misma cantinela que venimos oyendo desde que el mundo es mundo: los profesores son unos privilegiados con trabajo fijo y garantizado que no s\u00f3lo gozan de unos horarios envidiables sino que tambi\u00e9n disfrutan de unas interminables vacaciones, tan desproporcionadas como \u00bfinmerecidas?<\/p>\n<p style=\"text-align: center;\"><a href=\"http:\/\/www.granadablogs.com\/pateandoelmundo\/wp-content\/uploads\/2011\/09\/Boicot2.jpg\"><img loading=\"lazy\" decoding=\"async\" class=\"size-full wp-image-9594  aligncenter\" title=\"La Carta\" src=\"http:\/\/www.granadablogs.com\/pateandoelmundo\/wp-content\/uploads\/2011\/09\/Boicot2.jpg\" alt=\"\" width=\"341\" height=\"226\" srcset=\"https:\/\/www.granadablogs.com\/pateandoelmundo\/wp-content\/uploads\/2011\/09\/Boicot2.jpg 341w, https:\/\/www.granadablogs.com\/pateandoelmundo\/wp-content\/uploads\/2011\/09\/Boicot2-300x198.jpg 300w\" sizes=\"auto, (max-width: 341px) 100vw, 341px\" \/><\/a><\/p>\n<p style=\"text-align: justify;\">Uno atesora la imagen imborrable de su madre, profesora, corrigiendo ex\u00e1menes bajo un flexo, preparando clases, leyendo libros sobre filolog\u00eda, lengua y literatura, una tarde tras otra. O recuerda que, en su antigua casa, la banda sonora que nos despertaba los fines de semana era el continuo e interminable aporrear de los dedos de su padre, profesor, sobre las teclas de su m\u00e1quina de escribir. Por eso, escuchar seg\u00fan qu\u00e9 cosas, me dar\u00eda mucha risa si no fuera porque me da mucha pena. Y rabia.<\/p>\n<p style=\"text-align: justify;\">Lo que pasa es que en este pa\u00eds, por mucho que estemos en el siglo XXI y nos creamos muy modernos y vanguardistas, seguimos teniendo la rancia mentalidad del presencialismo hist\u00f3rico y existencial: si no est\u00e1s, es que no trabajas. Si no te ven, es como si no estuvieras. Dan igual Internet, el ADSL, la portabilidad, los iPad, la formaci\u00f3n, el reciclaje, la calidad o la productividad. \u00a1Ah\u00ed te quiero ver, impasible el adem\u00e1n, horas y horas encorvado sobre tu mesa! No importa tanto lo que hagas o c\u00f3mo lo hagas, cuanto que te vean.<\/p>\n<p style=\"text-align: center;\"><a href=\"http:\/\/www.granadablogs.com\/pateandoelmundo\/wp-content\/uploads\/2011\/09\/001.png\"><img loading=\"lazy\" decoding=\"async\" class=\"size-full wp-image-9595  aligncenter\" title=\"Educaci\u00f3n a distancia\" src=\"http:\/\/www.granadablogs.com\/pateandoelmundo\/wp-content\/uploads\/2011\/09\/001.png\" alt=\"\" width=\"291\" height=\"356\" srcset=\"https:\/\/www.granadablogs.com\/pateandoelmundo\/wp-content\/uploads\/2011\/09\/001.png 291w, https:\/\/www.granadablogs.com\/pateandoelmundo\/wp-content\/uploads\/2011\/09\/001-245x300.png 245w\" sizes=\"auto, (max-width: 291px) 100vw, 291px\" \/><\/a><\/p>\n<p style=\"text-align: justify;\">Y, sobre todo, los espa\u00f1oles seguimos siendo asquerosamente mezquinos y envidiosos. En realidad, pasamos de la calidad de la ense\u00f1anza, el Informe PISA y las aplicaciones inform\u00e1ticas en la educaci\u00f3n. El hecho de que un profesor tenga dos meses seguidos sin clase (que no de vacaciones) nos jode. Y punto. \u00bfPor qu\u00e9 ellos s\u00ed y yo no? Esa es la cuesti\u00f3n.<\/p>\n<p style=\"text-align: justify;\">Imaginemos que apareciera un nuevo sistema educativo por el que los maestros fueran capaces de conseguir que los alumnos aprendieran m\u00e1s y mejor\u2026 en la mitad de tiempo. \u00bfNos pondr\u00edamos contentos y saltar\u00edamos de alegr\u00eda, pensando en el nuevo horizonte que se abrir\u00eda frente a nosotros o empezar\u00edamos a quejarnos, inmediatamente, de las muchas vacaciones que iban a tener los profesores?<\/p>\n<p style=\"text-align: center;\"><a href=\"http:\/\/www.granadablogs.com\/pateandoelmundo\/wp-content\/uploads\/2011\/09\/Caf\u00e93.jpg\"><img loading=\"lazy\" decoding=\"async\" class=\"size-medium wp-image-9596  aligncenter\" title=\"Educaci\u00f3n\" src=\"http:\/\/www.granadablogs.com\/pateandoelmundo\/wp-content\/uploads\/2011\/09\/Caf\u00e93-300x177.jpg\" alt=\"\" width=\"300\" height=\"177\" srcset=\"https:\/\/www.granadablogs.com\/pateandoelmundo\/wp-content\/uploads\/2011\/09\/Caf\u00e93-300x177.jpg 300w, https:\/\/www.granadablogs.com\/pateandoelmundo\/wp-content\/uploads\/2011\/09\/Caf\u00e93.jpg 624w\" sizes=\"auto, (max-width: 300px) 100vw, 300px\" \/><\/a><\/p>\n<p style=\"text-align: justify;\">Un reciente estudio de ESECA se\u00f1ala que qui\u00e9nes m\u00e1s tiempo estudian y m\u00e1s esfuerzo invierten en su formaci\u00f3n, tienen m\u00e1s probabilidades de encontrar trabajo. Y no es una perogrullada, que anda que no hemos escuchado veces, en los tiempos del ladrillazo, eso de que estudiar no sirve para nada. As\u00ed las cosas y en vez de quejarnos por sus vacaciones, \u00bfno deber\u00edamos preocuparnos de que nuestros maestros y profesores estuvieran contentos, alegres y optimistas, fuertes y energ\u00e9ticos, motivados y satisfechos, para dar lo mejor de s\u00ed mismos en beneficio de nuestros ni\u00f1os y j\u00f3venes?<\/p>\n<p style=\"text-align: justify;\">Jes\u00fas Lens Espinosa de los Monteros.<\/p>\n","protected":false},"excerpt":{"rendered":"<p>Unas notas, para aportar al debate educativo, en un art\u00edculo que publicamos hoy en IDEAL, con un puntito sentimental y, como escribe Rosa Montero \u201cLos articulistas llevan dos semanas escribiendo sobre los profesores: pocas veces he visto tanta redundancia. Mis disculpas al lector que ya est\u00e9 harto\u201d. No me extra\u00f1a la que le ha ca\u00eddo [&hellip;]<\/p>\n","protected":false},"author":1,"featured_media":0,"comment_status":"open","ping_status":"open","sticky":false,"template":"","format":"standard","meta":{"jetpack_post_was_ever_published":false,"_jetpack_newsletter_access":"","_jetpack_dont_email_post_to_subs":false,"_jetpack_newsletter_tier_id":0,"_jetpack_memberships_contains_paywalled_content":false,"_jetpack_memberships_contains_paid_content":false,"footnotes":""},"categories":[6],"tags":[5308,5305,533,5307,5309,5304,5303,5306],"class_list":["post-9593","post","type-post","status-publish","format-standard","hentry","category-opinion","tag-calidad-ensenanza","tag-debate-educativo","tag-educacion","tag-esperanza-aguirre-profesores","tag-informe-eseca-educacion","tag-maestros","tag-profesores","tag-vacaciones-de-los-profesores"],"jetpack_featured_media_url":"","jetpack_sharing_enabled":true,"_links":{"self":[{"href":"https:\/\/www.granadablogs.com\/pateandoelmundo\/wp-json\/wp\/v2\/posts\/9593","targetHints":{"allow":["GET"]}}],"collection":[{"href":"https:\/\/www.granadablogs.com\/pateandoelmundo\/wp-json\/wp\/v2\/posts"}],"about":[{"href":"https:\/\/www.granadablogs.com\/pateandoelmundo\/wp-json\/wp\/v2\/types\/post"}],"author":[{"embeddable":true,"href":"https:\/\/www.granadablogs.com\/pateandoelmundo\/wp-json\/wp\/v2\/users\/1"}],"replies":[{"embeddable":true,"href":"https:\/\/www.granadablogs.com\/pateandoelmundo\/wp-json\/wp\/v2\/comments?post=9593"}],"version-history":[{"count":1,"href":"https:\/\/www.granadablogs.com\/pateandoelmundo\/wp-json\/wp\/v2\/posts\/9593\/revisions"}],"predecessor-version":[{"id":9597,"href":"https:\/\/www.granadablogs.com\/pateandoelmundo\/wp-json\/wp\/v2\/posts\/9593\/revisions\/9597"}],"wp:attachment":[{"href":"https:\/\/www.granadablogs.com\/pateandoelmundo\/wp-json\/wp\/v2\/media?parent=9593"}],"wp:term":[{"taxonomy":"category","embeddable":true,"href":"https:\/\/www.granadablogs.com\/pateandoelmundo\/wp-json\/wp\/v2\/categories?post=9593"},{"taxonomy":"post_tag","embeddable":true,"href":"https:\/\/www.granadablogs.com\/pateandoelmundo\/wp-json\/wp\/v2\/tags?post=9593"}],"curies":[{"name":"wp","href":"https:\/\/api.w.org\/{rel}","templated":true}]}}