{"id":8974,"date":"2011-06-12T20:05:13","date_gmt":"2011-06-12T18:05:13","guid":{"rendered":"http:\/\/www.granadablogs.com\/pateandoelmundo\/?p=8974"},"modified":"2011-06-12T20:05:13","modified_gmt":"2011-06-12T18:05:13","slug":"fabre-cacho-carne-pedazo-marmol","status":"publish","type":"post","link":"https:\/\/www.granadablogs.com\/pateandoelmundo\/fabre-cacho-carne-pedazo-marmol\/","title":{"rendered":"Fabre: cacho carne, pedazo m\u00e1rmol"},"content":{"rendered":"<p style=\"text-align: justify;\">No era la primera ve que habl\u00e1bamos de \u00e9l. <a href=\"http:\/\/www.granadablogs.com\/pateandoelmundo\/2011\/06\/piedad-el-final-esta-cerca-arrepentios\/\">Hace unos d\u00edas public\u00e1bamos la Piedad<\/a> que sigue a este p\u00e1rrafo y, si pinch\u00e1is el enlace anterior, ver\u00e9is que un habitual lector de este Blog se molest\u00f3 bastante con uno de los comentarios que se vertieron.<\/p>\n<p style=\"text-align: justify;\"><a href=\"http:\/\/www.granadablogs.com\/pateandoelmundo\/wp-content\/uploads\/2011\/06\/09h3.jpg\"><img loading=\"lazy\" decoding=\"async\" class=\"aligncenter size-full wp-image-8975\" title=\"Piedad fabre\" src=\"http:\/\/www.granadablogs.com\/pateandoelmundo\/wp-content\/uploads\/2011\/06\/09h3.jpg\" alt=\"\" width=\"600\" height=\"260\" srcset=\"https:\/\/www.granadablogs.com\/pateandoelmundo\/wp-content\/uploads\/2011\/06\/09h3.jpg 600w, https:\/\/www.granadablogs.com\/pateandoelmundo\/wp-content\/uploads\/2011\/06\/09h3-300x130.jpg 300w\" sizes=\"auto, (max-width: 600px) 100vw, 600px\" \/><\/a><\/p>\n<p style=\"text-align: justify;\">Pero, como dec\u00eda antes, <a href=\"http:\/\/www.granadablogs.com\/pateandoelmundo\/2008\/11\/jan-fabre\/\">ya aqu\u00ed hab\u00edamos hablado anteriormente de Fabre<\/a>, un tipo que no deja indiferente y que, por ejemplo hoy, ha despertado las iras del irascible Juan Manuel de Prada, <a href=\"http:\/\/xlsemanal.finanzas.com\/web\/firma.php?id_edicion=6407&amp;id_firma=13791\">como pod\u00e9is leer aqu\u00ed<\/a>.<\/p>\n<p style=\"text-align: justify;\">\n<p style=\"text-align: justify;\">\u00bfQu\u00e9 os parece la pol\u00e9mica?<\/p>\n<p style=\"text-align: justify;\">\n<p style=\"text-align: justify;\">Antes de hablar del mosqueo de De Prada, un inciso, que nos manda <a href=\"http:\/\/www.granadablogs.com\/pateandoelmundo\/2011\/05\/se-busca-titulo\/\">la inquieta e inquisitiva Irene<\/a>, a trav\u00e9s de la siguiente imagen, pregunt\u00e1ndose en alta voz por el l\u00edmite entre el plagio y el homenaje. Y reivindicando la \u00bfcasualidad? y la retroalimentaci\u00f3n permanente del mundo del arte.<\/p>\n<p style=\"text-align: justify;\"><a href=\"http:\/\/www.granadablogs.com\/pateandoelmundo\/wp-content\/uploads\/2011\/06\/0aa3.jpg\"><img loading=\"lazy\" decoding=\"async\" class=\"aligncenter size-full wp-image-8976\" title=\"Piedad Marvel\" src=\"http:\/\/www.granadablogs.com\/pateandoelmundo\/wp-content\/uploads\/2011\/06\/0aa3.jpg\" alt=\"\" width=\"293\" height=\"400\" srcset=\"https:\/\/www.granadablogs.com\/pateandoelmundo\/wp-content\/uploads\/2011\/06\/0aa3.jpg 293w, https:\/\/www.granadablogs.com\/pateandoelmundo\/wp-content\/uploads\/2011\/06\/0aa3-219x300.jpg 219w\" sizes=\"auto, (max-width: 293px) 100vw, 293px\" \/><\/a><\/p>\n<p style=\"text-align: justify;\">Aunque sea un arte podrido, p\u00fatrido, como critica de Prada.<\/p>\n<p style=\"text-align: justify;\">\n<p style=\"text-align: justify;\">Ahora bien, considerando que el columnista de ABC y del XL Semanal debe tener miles de seguidores, \u00bftiene sentido que, para poner a caer de un burro el cacho de m\u00e1rmol presentado por ese cacho de carne de Fabre en la Bienal de Venecia, le haga tanta, tant\u00edsima publicidad gratuita?<\/p>\n<p style=\"text-align: justify;\">\n<figure id=\"attachment_8978\" aria-describedby=\"caption-attachment-8978\" style=\"width: 196px\" class=\"wp-caption aligncenter\"><a href=\"http:\/\/www.granadablogs.com\/pateandoelmundo\/wp-content\/uploads\/2011\/06\/Daredevil1.gif\"><img loading=\"lazy\" decoding=\"async\" class=\"size-medium wp-image-8978\" title=\"Daredevil\" src=\"http:\/\/www.granadablogs.com\/pateandoelmundo\/wp-content\/uploads\/2011\/06\/Daredevil1-196x300.gif\" alt=\"\" width=\"196\" height=\"300\" srcset=\"https:\/\/www.granadablogs.com\/pateandoelmundo\/wp-content\/uploads\/2011\/06\/Daredevil1-196x300.gif 196w, https:\/\/www.granadablogs.com\/pateandoelmundo\/wp-content\/uploads\/2011\/06\/Daredevil1-669x1024.gif 669w, https:\/\/www.granadablogs.com\/pateandoelmundo\/wp-content\/uploads\/2011\/06\/Daredevil1.gif 952w\" sizes=\"auto, (max-width: 196px) 100vw, 196px\" \/><\/a><figcaption id=\"caption-attachment-8978\" class=\"wp-caption-text\">Daredevil y la Piedad<\/figcaption><\/figure>\n<p style=\"text-align: justify;\">Seguro que muchos que no sab\u00edan de Fabre, ahora lo tienen presente en sus oraciones, aunque sea para desearle largos y perennes sufrimientos.<\/p>\n<p style=\"text-align: justify;\">\n<p style=\"text-align: justify;\">\u00bfNo contribuye de Prada, con su airado art\u00edculo, a darle m\u00e1s difusi\u00f3n, conocimiento y predicamento a, qui\u00e9n como \u00e9l mismo le llama, no ser\u00eda sino \u201cun  fantoche que trata de colarnos sus esputos infecciosos como si fueran verdadero arte\u201d?<\/p>\n<p style=\"text-align: justify;\">\n<figure id=\"attachment_8979\" aria-describedby=\"caption-attachment-8979\" style=\"width: 300px\" class=\"wp-caption aligncenter\"><a href=\"http:\/\/www.granadablogs.com\/pateandoelmundo\/wp-content\/uploads\/2011\/06\/barackyourself21.jpg\"><img loading=\"lazy\" decoding=\"async\" class=\"size-medium wp-image-8979\" title=\"Homer\" src=\"http:\/\/www.granadablogs.com\/pateandoelmundo\/wp-content\/uploads\/2011\/06\/barackyourself21-300x225.jpg\" alt=\"\" width=\"300\" height=\"225\" srcset=\"https:\/\/www.granadablogs.com\/pateandoelmundo\/wp-content\/uploads\/2011\/06\/barackyourself21-300x225.jpg 300w, https:\/\/www.granadablogs.com\/pateandoelmundo\/wp-content\/uploads\/2011\/06\/barackyourself21.jpg 640w\" sizes=\"auto, (max-width: 300px) 100vw, 300px\" \/><\/a><figcaption id=\"caption-attachment-8979\" class=\"wp-caption-text\">Y los Simpson, claro<\/figcaption><\/figure>\n<p><br id=\"__mce\" \/><\/p>\n<p style=\"text-align: justify;\">In contradictio veritas.<\/p>\n<p style=\"text-align: justify;\">\n<p style=\"text-align: justify;\">Jes\u00fas <strong><em>fabreado<\/em><\/strong> Lens<\/p>\n","protected":false},"excerpt":{"rendered":"<p>No era la primera ve que habl\u00e1bamos de \u00e9l. Hace unos d\u00edas public\u00e1bamos la Piedad que sigue a este p\u00e1rrafo y, si pinch\u00e1is el enlace anterior, ver\u00e9is que un habitual lector de este Blog se molest\u00f3 bastante con uno de los comentarios que se vertieron. Pero, como dec\u00eda antes, ya aqu\u00ed hab\u00edamos hablado anteriormente de [&hellip;]<\/p>\n","protected":false},"author":1,"featured_media":0,"comment_status":"open","ping_status":"open","sticky":false,"template":"","format":"standard","meta":{"jetpack_post_was_ever_published":false,"_jetpack_newsletter_access":"","_jetpack_dont_email_post_to_subs":false,"_jetpack_newsletter_tier_id":0,"_jetpack_memberships_contains_paywalled_content":false,"_jetpack_memberships_contains_paid_content":false,"footnotes":""},"categories":[33],"tags":[33,3648,4872,2363,4870,4874,4815,4871,4873,4875],"class_list":["post-8974","post","type-post","status-publish","format-standard","hentry","category-arte","tag-arte","tag-bienal-de-venecia","tag-de-prada","tag-escultura","tag-fabre","tag-homenaje","tag-jan-fabre","tag-juan-manuel-del-prada","tag-piedad-calavera","tag-plagio"],"jetpack_featured_media_url":"","jetpack_sharing_enabled":true,"_links":{"self":[{"href":"https:\/\/www.granadablogs.com\/pateandoelmundo\/wp-json\/wp\/v2\/posts\/8974","targetHints":{"allow":["GET"]}}],"collection":[{"href":"https:\/\/www.granadablogs.com\/pateandoelmundo\/wp-json\/wp\/v2\/posts"}],"about":[{"href":"https:\/\/www.granadablogs.com\/pateandoelmundo\/wp-json\/wp\/v2\/types\/post"}],"author":[{"embeddable":true,"href":"https:\/\/www.granadablogs.com\/pateandoelmundo\/wp-json\/wp\/v2\/users\/1"}],"replies":[{"embeddable":true,"href":"https:\/\/www.granadablogs.com\/pateandoelmundo\/wp-json\/wp\/v2\/comments?post=8974"}],"version-history":[{"count":1,"href":"https:\/\/www.granadablogs.com\/pateandoelmundo\/wp-json\/wp\/v2\/posts\/8974\/revisions"}],"predecessor-version":[{"id":8980,"href":"https:\/\/www.granadablogs.com\/pateandoelmundo\/wp-json\/wp\/v2\/posts\/8974\/revisions\/8980"}],"wp:attachment":[{"href":"https:\/\/www.granadablogs.com\/pateandoelmundo\/wp-json\/wp\/v2\/media?parent=8974"}],"wp:term":[{"taxonomy":"category","embeddable":true,"href":"https:\/\/www.granadablogs.com\/pateandoelmundo\/wp-json\/wp\/v2\/categories?post=8974"},{"taxonomy":"post_tag","embeddable":true,"href":"https:\/\/www.granadablogs.com\/pateandoelmundo\/wp-json\/wp\/v2\/tags?post=8974"}],"curies":[{"name":"wp","href":"https:\/\/api.w.org\/{rel}","templated":true}]}}