{"id":8848,"date":"2011-05-29T00:57:40","date_gmt":"2011-05-28T22:57:40","guid":{"rendered":"http:\/\/www.granadablogs.com\/pateandoelmundo\/?p=8848"},"modified":"2011-05-29T01:01:39","modified_gmt":"2011-05-28T23:01:39","slug":"%c2%bfquien-teme-a-la-semana-negra-feroz","status":"publish","type":"post","link":"https:\/\/www.granadablogs.com\/pateandoelmundo\/%c2%bfquien-teme-a-la-semana-negra-feroz\/","title":{"rendered":"\u00bfQui\u00e9n teme a la Semana Negra (feroz)?"},"content":{"rendered":"<p style=\"text-align: justify;\">Me he quedado impresionado. La Universidad de Oviedo ha pedido, judicialmente, medidas cautelares para evitar que, en el marco de Semana Negra, se celebren en sus instalaciones otras actividades diferentes a las puramente culturales.<\/p>\n<p style=\"text-align: justify;\">\n<p style=\"text-align: justify;\">A estas alturas, <a href=\"http:\/\/www.granadablogs.com\/pateandoelmundo\/2010\/07\/marchando\/\">no tengo que explicaros lo que es Semana Negra<\/a>. Llevo creo que 8 o 9 a\u00f1os <a href=\"http:\/\/www.granadablogs.com\/pateandoelmundo\/2009\/07\/semana-en-negro\/\">contando lo que pasa en el Festival Multicultural m\u00e1s populoso de Europa<\/a>, en el que lo mismo hay presentaciones de libros y tertulias librescas que exposiciones de fotoperiodismo, recitales de poes\u00eda, talleres de creaci\u00f3n literaria, entregas de premios, consumo de cerveza, bocadillos de calamares, pinchitos morunos y conciertos de m\u00fasica.<\/p>\n<p style=\"text-align: justify;\"><a href=\"http:\/\/www.granadablogs.com\/pateandoelmundo\/wp-content\/uploads\/2011\/05\/09J6.jpg\"><img loading=\"lazy\" decoding=\"async\" class=\"aligncenter size-full wp-image-8849\" title=\"Semana Negra 2011\" src=\"http:\/\/www.granadablogs.com\/pateandoelmundo\/wp-content\/uploads\/2011\/05\/09J6.jpg\" alt=\"\" width=\"241\" height=\"234\" \/><\/a><\/p>\n<p style=\"text-align: justify;\">\u00bfQui\u00e9n le pone el l\u00edmite a lo que es y no es cultura? No s\u00e9. Para m\u00ed, tomar una cerveza mientras hablo con Petros Markaris sobre el rumbo de Europa, es bastante ilustrativo. Y compartir un costillar a la brasa con un escritor argentino, hablando del peronismo, Menotti, las Malvinas, la Patagonia, de sus novelas y de los emergentes cuentistas sudamericanos, resulta muy enriquecedor.<\/p>\n<p style=\"text-align: justify;\">\n<p style=\"text-align: justify;\">Ahora, sin embargo, parece que todo eso es subversivo, peligroso y desaconsejable.<\/p>\n<p style=\"text-align: justify;\">\n<figure id=\"attachment_8850\" aria-describedby=\"caption-attachment-8850\" style=\"width: 500px\" class=\"wp-caption aligncenter\"><a href=\"http:\/\/www.granadablogs.com\/pateandoelmundo\/wp-content\/uploads\/2011\/05\/09s5.jpg\"><img loading=\"lazy\" decoding=\"async\" class=\"size-full wp-image-8850\" title=\"Semana Negra 2011\" src=\"http:\/\/www.granadablogs.com\/pateandoelmundo\/wp-content\/uploads\/2011\/05\/09s5.jpg\" alt=\"\" width=\"500\" height=\"375\" srcset=\"https:\/\/www.granadablogs.com\/pateandoelmundo\/wp-content\/uploads\/2011\/05\/09s5.jpg 500w, https:\/\/www.granadablogs.com\/pateandoelmundo\/wp-content\/uploads\/2011\/05\/09s5-300x225.jpg 300w\" sizes=\"auto, (max-width: 500px) 100vw, 500px\" \/><\/a><figcaption id=\"caption-attachment-8850\" class=\"wp-caption-text\">\u00a1Peligroooooooooooooo!<\/figcaption><\/figure>\n<p style=\"text-align: justify;\">Al menos, para las autoridades acad\u00e9micas de Oviedo.<\/p>\n<p style=\"text-align: justify;\">\n<p style=\"text-align: justify;\">Se me hace extra\u00f1o ser un potencial delincuente por compartir unos pepitos de lomo con amigos escritores, lectores, fot\u00f3grafos, dibujantes o aficionados a los soldaditos de plomo. Siempre he recomendado a mis amigos el ir a Semana Negra. All\u00ed nunca hab\u00eda barreras entre los creadores y los consumidores de cultura. De hecho, de all\u00ed han surgido proyectos que nos han convertido, a los lectores y aficionados, en ilusionados y voluntariosos creadores. Adem\u00e1s de dejarnos la pasta en los bares, claro.<\/p>\n<p style=\"text-align: justify;\">\n<p style=\"text-align: justify;\">Ahora, el modelo est\u00e1 en entredicho y Semana Negra corre el riesgo de desaparecer.<\/p>\n<p style=\"text-align: justify;\">\n<p style=\"text-align: justify;\">Ojal\u00e1 que no. Porque el modelo debe seguir siendo el que es. Una Semana Negra sin olor a fritanga y a carne asada, una Semana Negra sin decenas de librer\u00edas compartiendo espacio con puestos de venta de camisetas, p\u00f3sters o tallas africanas, discos, collares y pulseras\u2026 \u00a1no ser\u00eda la Semana Negra!<\/p>\n<p style=\"text-align: justify;\">\n<p style=\"text-align: justify;\">Ser\u00e1 que soy G\u00e9minis, pero siempre me ha gustado tener un libro en una mano y una birra en la otra. Son extremos que se complementan bien. Y yo no ser\u00eda el mismo, para lo bueno y para lo malo, sin haber le\u00eddo tantas revistas, peri\u00f3dicos y libros en la barra de los bares, en las mesas de los caf\u00e9s, en las terrazas de los garitos m\u00e1s variopintos.<\/p>\n<p style=\"text-align: justify;\">\n<figure id=\"attachment_8851\" aria-describedby=\"caption-attachment-8851\" style=\"width: 480px\" class=\"wp-caption aligncenter\"><a href=\"http:\/\/www.granadablogs.com\/pateandoelmundo\/wp-content\/uploads\/2011\/05\/09r2.jpg\"><img loading=\"lazy\" decoding=\"async\" class=\"size-full wp-image-8851\" title=\"Jes\u00fas Lens\" src=\"http:\/\/www.granadablogs.com\/pateandoelmundo\/wp-content\/uploads\/2011\/05\/09r2.jpg\" alt=\"\" width=\"480\" height=\"720\" srcset=\"https:\/\/www.granadablogs.com\/pateandoelmundo\/wp-content\/uploads\/2011\/05\/09r2.jpg 480w, https:\/\/www.granadablogs.com\/pateandoelmundo\/wp-content\/uploads\/2011\/05\/09r2-200x300.jpg 200w\" sizes=\"auto, (max-width: 480px) 100vw, 480px\" \/><\/a><figcaption id=\"caption-attachment-8851\" class=\"wp-caption-text\">Lens, maleante y comil\u00f3n, terrorista cultural<\/figcaption><\/figure>\n<p style=\"text-align: justify;\">Lo s\u00e9. Puede dar hasta grima escuchar eso de \u201cfiesta de la cultura\u201d o \u201ccelebraci\u00f3n de la palabra\u201d. Puede sonar a falso, a impostado, a frase hecha y a populismo barato. S\u00f3lo que, si vas a Semana Negra, te dar\u00e1s cuenta no s\u00f3lo de que dicho mestizaje es posible, sino tambi\u00e9n reivindicable, necesario e imprescindible.<\/p>\n<p style=\"text-align: justify;\">\n<p style=\"text-align: justify;\">Dig\u00e1moslo alto y claro: <strong><em>\u00a1QUEREMOS LA SEMANA NEGRA!<\/em><\/strong><\/p>\n<p style=\"text-align: justify;\">\n<p style=\"text-align: justify;\">Y la queremos en su integridad. La queremos como siempre: en vaqueros, con camiseta, despeinados, con ojeras y con los zapatos manchados de polvo y arena. La queremos con sus manchas de grasa y con el run r\u00fan de la feria, al que siempre termina sobreponi\u00e9ndose la potente voz de los juglares, trovadores y poetas, en esas noches de poes\u00eda cuya magia no podemos permitir que se pierda, como l\u00e1grimas entre las gotas de la lluvia\u2026<\/p>\n<p style=\"text-align: justify;\">\n<figure id=\"attachment_8852\" aria-describedby=\"caption-attachment-8852\" style=\"width: 450px\" class=\"wp-caption aligncenter\"><a href=\"http:\/\/www.granadablogs.com\/pateandoelmundo\/wp-content\/uploads\/2011\/05\/09l9.jpg\"><img loading=\"lazy\" decoding=\"async\" class=\"size-full wp-image-8852\" title=\"Semana Negra 2011\" src=\"http:\/\/www.granadablogs.com\/pateandoelmundo\/wp-content\/uploads\/2011\/05\/09l9.jpg\" alt=\"\" width=\"450\" height=\"299\" srcset=\"https:\/\/www.granadablogs.com\/pateandoelmundo\/wp-content\/uploads\/2011\/05\/09l9.jpg 450w, https:\/\/www.granadablogs.com\/pateandoelmundo\/wp-content\/uploads\/2011\/05\/09l9-300x199.jpg 300w\" sizes=\"auto, (max-width: 450px) 100vw, 450px\" \/><\/a><figcaption id=\"caption-attachment-8852\" class=\"wp-caption-text\">Paco Jurado, Petros Markaris y Jes\u00fas Lens. Con un caf\u00e9. \u00bfCultura o katxondeo?<\/figcaption><\/figure>\n<p style=\"text-align: justify;\">Jes\u00fas <strong><em>Forever Semanero<\/em><\/strong> Lens.<\/p>\n","protected":false},"excerpt":{"rendered":"<p>Me he quedado impresionado. La Universidad de Oviedo ha pedido, judicialmente, medidas cautelares para evitar que, en el marco de Semana Negra, se celebren en sus instalaciones otras actividades diferentes a las puramente culturales. A estas alturas, no tengo que explicaros lo que es Semana Negra. Llevo creo que 8 o 9 a\u00f1os contando lo [&hellip;]<\/p>\n","protected":false},"author":1,"featured_media":0,"comment_status":"open","ping_status":"open","sticky":false,"template":"","format":"standard","meta":{"jetpack_post_was_ever_published":false,"_jetpack_newsletter_access":"","_jetpack_dont_email_post_to_subs":false,"_jetpack_newsletter_tier_id":0,"_jetpack_memberships_contains_paywalled_content":false,"_jetpack_memberships_contains_paid_content":false,"footnotes":""},"categories":[21,28],"tags":[1185,4784,4781,4783,4782,28,3323,4785],"class_list":["post-8848","post","type-post","status-publish","format-standard","hentry","category-negra-y-criminal","category-semana-negra","tag-cultura","tag-fechas-semana-negra-2011","tag-polemica-semana-negra","tag-queremos-semana-negra","tag-salvar-semana-negra","tag-semana-negra","tag-semana-negra-2011","tag-ubicacion-semana-negra-2011"],"jetpack_featured_media_url":"","jetpack_sharing_enabled":true,"_links":{"self":[{"href":"https:\/\/www.granadablogs.com\/pateandoelmundo\/wp-json\/wp\/v2\/posts\/8848","targetHints":{"allow":["GET"]}}],"collection":[{"href":"https:\/\/www.granadablogs.com\/pateandoelmundo\/wp-json\/wp\/v2\/posts"}],"about":[{"href":"https:\/\/www.granadablogs.com\/pateandoelmundo\/wp-json\/wp\/v2\/types\/post"}],"author":[{"embeddable":true,"href":"https:\/\/www.granadablogs.com\/pateandoelmundo\/wp-json\/wp\/v2\/users\/1"}],"replies":[{"embeddable":true,"href":"https:\/\/www.granadablogs.com\/pateandoelmundo\/wp-json\/wp\/v2\/comments?post=8848"}],"version-history":[{"count":2,"href":"https:\/\/www.granadablogs.com\/pateandoelmundo\/wp-json\/wp\/v2\/posts\/8848\/revisions"}],"predecessor-version":[{"id":8854,"href":"https:\/\/www.granadablogs.com\/pateandoelmundo\/wp-json\/wp\/v2\/posts\/8848\/revisions\/8854"}],"wp:attachment":[{"href":"https:\/\/www.granadablogs.com\/pateandoelmundo\/wp-json\/wp\/v2\/media?parent=8848"}],"wp:term":[{"taxonomy":"category","embeddable":true,"href":"https:\/\/www.granadablogs.com\/pateandoelmundo\/wp-json\/wp\/v2\/categories?post=8848"},{"taxonomy":"post_tag","embeddable":true,"href":"https:\/\/www.granadablogs.com\/pateandoelmundo\/wp-json\/wp\/v2\/tags?post=8848"}],"curies":[{"name":"wp","href":"https:\/\/api.w.org\/{rel}","templated":true}]}}