{"id":8838,"date":"2011-05-27T11:12:58","date_gmt":"2011-05-27T09:12:58","guid":{"rendered":"http:\/\/www.granadablogs.com\/pateandoelmundo\/?p=8838"},"modified":"2011-05-27T11:12:58","modified_gmt":"2011-05-27T09:12:58","slug":"anoche-sone-que-volvia-a-mali","status":"publish","type":"post","link":"https:\/\/www.granadablogs.com\/pateandoelmundo\/anoche-sone-que-volvia-a-mali\/","title":{"rendered":"Anoche so\u00f1\u00e9 que volv\u00eda a Mal\u00ed&#8230;"},"content":{"rendered":"<p style=\"text-align: justify;\"><em>Una enso\u00f1aci\u00f3n de Jes\u00fas Lens Espinosa de los Monteros, provocada por un por una lente y ojo m\u00e1gicos y privilegiados<\/em><\/p>\n<p style=\"text-align: justify;\">(Parte de este texto forma parte de <a href=\"http:\/\/www.granadablogs.com\/pateandoelmundo\/2011\/05\/alicia-nunez-nos-trae-mali-a-granada\/\">ESTA recomendable, imprescindible exposici\u00f3n<\/a>, que no te puedes perder)<\/p>\n<p style=\"text-align: right;\"><strong><em>La historia es un incesante volver a empezar.<\/em><\/strong><\/p>\n<p style=\"text-align: right;\"><strong>Tuc\u00eddides (460 AC-396 AC) Historiador ateniense.<\/strong><\/p>\n<p style=\"text-align: justify;\"><em>\u00abAnoche so\u00f1\u00e9 que volv\u00eda a Mal\u00ed, me encontraba ante la verja pero no pod\u00eda entrar, porque la frontera estaba cerrada. Entonces, como todos los que sue\u00f1an, me sent\u00ed pose\u00eddo de un poder sobrenatural y atraves\u00e9 como un esp\u00edritu la barrera que se alzaba ante m\u00ed. El camino iba serpenteando, retorcido y tortuoso como siempre&#8230; pero a medida que avanzaba, me di cuenta del cambio que se hab\u00eda operado; la naturaleza hab\u00eda vuelto a lo que fue suyo y poco a poco se hab\u00eda posesionado del camino con sus tenaces dedos. El pobre hilillo que hab\u00eda sido nuestro camino avanzaba y finalmente all\u00ed, estaba Mali. Mali reservado y silencioso. El tiempo no hab\u00eda podido desfigurar la perfecta simetr\u00eda de sus contornos.\u201d<\/em><\/p>\n<p style=\"text-align: justify;\">Perm\u00edtaseme el homenaje a la m\u00edtica \u201cRebeca\u201d, de Daphne Du Maurier, para arrancar estas notas, este texto: una mera enso\u00f1aci\u00f3n de un pa\u00eds \u00fanico, irrepetible e inimitable, el Mal\u00ed africano que se extiende a orillas del Sahara y al que un r\u00edo m\u00edtico le da toda su vida, sentido y esplendor: el N\u00edger.<\/p>\n<p style=\"text-align: center;\"><a href=\"http:\/\/www.granadablogs.com\/pateandoelmundo\/wp-content\/uploads\/2011\/05\/063.jpg\"><img loading=\"lazy\" decoding=\"async\" class=\"size-medium wp-image-8839  aligncenter\" title=\"Mal\u00ed Alicia N\u00fa\u00f1ez\" src=\"http:\/\/www.granadablogs.com\/pateandoelmundo\/wp-content\/uploads\/2011\/05\/063-300x199.jpg\" alt=\"\" width=\"300\" height=\"199\" srcset=\"https:\/\/www.granadablogs.com\/pateandoelmundo\/wp-content\/uploads\/2011\/05\/063-300x199.jpg 300w, https:\/\/www.granadablogs.com\/pateandoelmundo\/wp-content\/uploads\/2011\/05\/063-1023x682.jpg 1023w, https:\/\/www.granadablogs.com\/pateandoelmundo\/wp-content\/uploads\/2011\/05\/063.jpg 1772w\" sizes=\"auto, (max-width: 300px) 100vw, 300px\" \/><\/a><\/p>\n<p style=\"text-align: justify;\">Hace ahora diez a\u00f1os que fui al Mal\u00ed por primera vez, mi bautizo africano, aunque antes hubiera estado varias veces en el Marruecos magreb\u00ed. Una vez llegu\u00e9 hasta las inmediaciones del Sahara, al sur de Marrakech, y entr\u00e9 en contacto con esa otra \u00c1frica, m\u00e1s negra, supe que mi destino estaba m\u00e1s al sur. Irremediablemente al sur. Siempre al sur.<\/p>\n<p style=\"text-align: justify;\">Y un nombre empez\u00f3 a resonar con fuerza en mi cabeza: Tombuct\u00fa. Porque hay palabras cuya mera enunciaci\u00f3n te permiten so\u00f1ar con aventuras, misterios, tesoros y enigmas. Tombuct\u00fa y el mito de El Dorado es una de ellas. Antes de ir, lo le\u00ed todo sobre el Mal\u00ed, el imperio Songay, Djene\u00e9 y su famosa mezquita, el estilo sudan\u00e9s\u2026 Memoric\u00e9 las vidas del Kankan Moussa y su arquitecto de referencia, Isaac es-Saheli. Y del conquistador Yuder Pach\u00e1. Le\u00ed las biograf\u00edas de aventureros como Ren\u00e9 Caill\u00e9, Mungo Park o Heinrich Barth&#8230; y, por fin, fui a verlo.<\/p>\n<p style=\"text-align: justify;\">Parad\u00f3jicamente, esa primera vez no pude llegar a Tombuct\u00fa. Porque la famosa y m\u00edtica ciudad sigue siendo un lugar dif\u00edcil de arribar. Sigue costando mucho tiempo, esfuerzo\u2026 y dinero, entrar en la ciudad caravanera, meca del comercio de la sal y el oro, pero tambi\u00e9n cuna del saber universal, no en vano, en Tombuct\u00fa se atesoran miles de libros, legajos, tratados y documentos con cientos de a\u00f1os de historia.<\/p>\n<p style=\"text-align: center;\"><a href=\"http:\/\/www.granadablogs.com\/pateandoelmundo\/wp-content\/uploads\/2011\/05\/Enric42.jpg\"><img loading=\"lazy\" decoding=\"async\" class=\"size-medium wp-image-8840  aligncenter\" title=\"Mal\u00ed Alicia N\u00fa\u00f1ez\" src=\"http:\/\/www.granadablogs.com\/pateandoelmundo\/wp-content\/uploads\/2011\/05\/Enric42-300x199.jpg\" alt=\"\" width=\"300\" height=\"199\" srcset=\"https:\/\/www.granadablogs.com\/pateandoelmundo\/wp-content\/uploads\/2011\/05\/Enric42-300x199.jpg 300w, https:\/\/www.granadablogs.com\/pateandoelmundo\/wp-content\/uploads\/2011\/05\/Enric42-1024x680.jpg 1024w, https:\/\/www.granadablogs.com\/pateandoelmundo\/wp-content\/uploads\/2011\/05\/Enric42.jpg 1536w\" sizes=\"auto, (max-width: 300px) 100vw, 300px\" \/><\/a><\/p>\n<p style=\"text-align: justify;\">No pude llegar a Tombuct\u00fa, pero dio igual. Porque Mal\u00ed es un estado mental y, nada m\u00e1s entrar en el pa\u00eds, recorriendo las calles de Bamako, su capital, te das de bruces con una realidad impensable cuando preparas el viaje y s\u00f3lo est\u00e1s preocupado por las vacunas, las enfermedades, las profilaxis, la seguridad&#8230; \u00a1Mal\u00ed es el Pa\u00eds de las Mil Sonrisas!<\/p>\n<p style=\"text-align: justify;\">Hace diez a\u00f1os a\u00fan se estilaba mandar postales cuando uno sal\u00eda de viaje. Yo env\u00ede varias de ellas a mis amigos, preocupados porque me hab\u00eda ido a uno de los pa\u00edses m\u00e1s pobres del mundo. En todas y cada una de ellas no faltaba una frase: <strong><em>\u201cSon las diez de la ma\u00f1ana y ya he disfrutado de dos docenas de francas y abiertas sonrisas. \u00bfCu\u00e1ntas ver\u00e1s t\u00fa a lo largo del d\u00eda?\u201d<\/em><\/strong><\/p>\n<p style=\"text-align: justify;\">Bamako es fea. O, mejor dicho, no es bonita. Como buena parte de las grandes ciudades africanas, es una villa de aluvi\u00f3n, crecida sin orden ni concierto, ca\u00f3tica y desmesurada. En contraste, las dem\u00e1s ciudades malienses parecen apacibles y acogedoras. Como Mopti, la Venecia africana de cuyo puerto parten los grandes barcos y las pinazas que recorren los r\u00edos Bani y, sobre todo, el N\u00edger, la gran arteria que nutre y da vida a toda la regi\u00f3n.<\/p>\n<p style=\"text-align: center;\"><a href=\"http:\/\/www.granadablogs.com\/pateandoelmundo\/wp-content\/uploads\/2011\/05\/Enric51.jpg\"><img loading=\"lazy\" decoding=\"async\" class=\"size-medium wp-image-8841  aligncenter\" title=\"Mal\u00ed Alicia N\u00fa\u00f1ez\" src=\"http:\/\/www.granadablogs.com\/pateandoelmundo\/wp-content\/uploads\/2011\/05\/Enric51-175x300.jpg\" alt=\"\" width=\"175\" height=\"300\" srcset=\"https:\/\/www.granadablogs.com\/pateandoelmundo\/wp-content\/uploads\/2011\/05\/Enric51-175x300.jpg 175w, https:\/\/www.granadablogs.com\/pateandoelmundo\/wp-content\/uploads\/2011\/05\/Enric51-598x1024.jpg 598w, https:\/\/www.granadablogs.com\/pateandoelmundo\/wp-content\/uploads\/2011\/05\/Enric51.jpg 1688w\" sizes=\"auto, (max-width: 175px) 100vw, 175px\" \/><\/a><\/p>\n<p style=\"text-align: justify;\">El N\u00edger, cuyo nacimiento y desembocadura constituyeron uno de los grandes enigmas geogr\u00e1ficos de la historia, al no poder entenderse el extra\u00f1o recorrido que hac\u00eda. Conocer el curso del r\u00edo fue uno de los objetivos que animaron a cient\u00edficos y exploradores de toda Europa hasta que su curva, la famosa curva que el N\u00edger traza en su caprichoso recorrido, qued\u00f3 fijada en los mapas: tras adentrarse centenares de kil\u00f3metros tierra adentro, cuando la amenaza del desierto parece que se tragar\u00e1 las aguas del r\u00edo, \u00e9ste hace un quiebro que lo devuelve hacia el oc\u00e9ano, tras haber recorrido m\u00e1s de 4.000 kil\u00f3metros, longitud s\u00f3lo superada en \u00c1frica por los r\u00edos Nilo y Congo.<\/p>\n<p style=\"text-align: justify;\">Siguiendo el N\u00edger es como mejor se disfruta de la aut\u00e9ntica vida del Mal\u00ed, de sus pueblos ribere\u00f1os y de la tranquila y sosegada vida que fluye en torno al r\u00edo. En sus aguas vive el famoso capit\u00e1n, un exquisito pescado, piedra angular de la dieta de los malienses. Y en sus riberas nacen las verduras de las que se alimentan no s\u00f3lo los habitantes del pa\u00eds, sino sus arcas p\u00fablicas, no en vano, la principal actividad productiva del pa\u00eds es la agricultura.<\/p>\n<p style=\"text-align: center;\"><a href=\"http:\/\/www.granadablogs.com\/pateandoelmundo\/wp-content\/uploads\/2011\/05\/flash-forward1.jpg\"><img loading=\"lazy\" decoding=\"async\" class=\"size-medium wp-image-8842  aligncenter\" title=\"Mal\u00ed Alicia N\u00fa\u00f1ez\" src=\"http:\/\/www.granadablogs.com\/pateandoelmundo\/wp-content\/uploads\/2011\/05\/flash-forward1-300x227.jpg\" alt=\"\" width=\"300\" height=\"227\" srcset=\"https:\/\/www.granadablogs.com\/pateandoelmundo\/wp-content\/uploads\/2011\/05\/flash-forward1-300x227.jpg 300w, https:\/\/www.granadablogs.com\/pateandoelmundo\/wp-content\/uploads\/2011\/05\/flash-forward1-1024x776.jpg 1024w, https:\/\/www.granadablogs.com\/pateandoelmundo\/wp-content\/uploads\/2011\/05\/flash-forward1.jpg 1326w\" sizes=\"auto, (max-width: 300px) 100vw, 300px\" \/><\/a><\/p>\n<p style=\"text-align: justify;\">Por eso, el famoso m\u00fasico Ali Farka Tour\u00e9 nunca abandon\u00f3 su granja en Niafunk\u00e9, donde viv\u00eda con su familia y, adem\u00e1s de componer y tocar como nadie los blues que tan famoso le hicieron, cultivaba con esmero su huerta y criaba su ganado con mimo y cari\u00f1o. Y la referencia al bluesman africano por excelencia no es gratuita. Porque si el Mal\u00ed es el pa\u00eds de las mil sonrisas, tambi\u00e9n es uno de esos lugares en los que la m\u00fasica forma parte del ADN de sus habitantes. Los pa\u00edses en los que la m\u00fasica se integra en su vida cotidiana son especialmente intensos. Como Cuba. O Irlanda. Y el Mal\u00ed, claro, donde las percusiones conectan la tierra con el cielo y se convierten en parte del latido del coraz\u00f3n de la tierra. As\u00ed, no es de extra\u00f1ar que la n\u00f3mina de m\u00fasicos malienses sea larga y excepcionalmente rica y feraz, con el albino Salif Keita a la cabeza.<\/p>\n<p style=\"text-align: justify;\">Fue la m\u00fasica la que me permiti\u00f3, esa vez s\u00ed, cumplir mi sue\u00f1o. Volv\u00ed al Mal\u00ed, siete a\u00f1os despu\u00e9s de mi primera vez, con la intenci\u00f3n de disfrutar del famoso Festival au Desert, en Essekane, un lugar indeterminado a un pu\u00f1ado de decenas de kil\u00f3metros de pista infernal de Tombuct\u00fa. Un festival de m\u00fasica y cultura tueareg que, a\u00f1o a a\u00f1o, se ha convertido en referente mundial de la m\u00fasica que se hace a orillas del Sahara.<\/p>\n<p style=\"text-align: justify;\">Iba nervioso. Despu\u00e9s de haber viajado a Mal\u00ed, hab\u00eda vuelto varias veces a \u00c1frica. Burkina Faso, Tanzania, Etiop\u00eda, Egipto&#8230; pero el Mal\u00ed segu\u00eda ocupando un lugar muy especial en mi corazoncito viajero. El Mal\u00ed hab\u00eda sido como el primer beso, mi primer amor. \u00bfY si la magia se hab\u00eda desvanecido? \u00bfY si ya no era igual?<\/p>\n<p style=\"text-align: justify;\">Pero s\u00ed. Nada m\u00e1s desembarcar en Bamako me di cuenta de que s\u00ed: el idilio continuaba. El misterio segu\u00eda intacto. La fiebre del Mal\u00ed segu\u00eda inoculada en mi organismo, felizmente. Y, tras unos d\u00edas de m\u00fasica, cultura, amistad y hogueras bajo el inmenso cielo del desierto, ardiente de d\u00eda y cuajado de estrellas por la noche, entramos en Tombuct\u00fa. Y fue como llegar a casa. Porque Tombuct\u00fa es parte de nuestra tierra. De Al Andalus. De esta Andaluc\u00eda en la que la fuga de talentos y cerebros viene d\u00e1ndose desde hace cientos y cientos de a\u00f1os.<\/p>\n<p style=\"text-align: justify;\">La huella de Yuder Pach\u00e1 y su estirpe, los Armas, sigue viva y vigente en Tombuct\u00fa y otras localidades del N\u00edger. Un Yuder Pach\u00e1 natural de Cuevas de Almanzora, (Almer\u00eda). Y Es Saheli, el arquitecto y poeta amante de los para\u00edsos artificiales que tuvo que exiliarse de Granada para dejar la m\u00e1s perdurable huella de su arte arquitect\u00f3nico en mitad del desierto, utilizando para ello los pobres materiales que ten\u00eda a su alcance: barro y madera. Cre\u00f3 un estilo personal y propio, el estilo sudan\u00e9s, que causar\u00eda sensaci\u00f3n en la Exposici\u00f3n Universal de Par\u00eds. Si el primitivismo africano dej\u00f3 huella en Picasso, por ejemplo, el arte de Es Saheli tuvo continuidad, siglos despu\u00e9s, en el mism\u00edsimo Gaud\u00ed, sin ir m\u00e1s lejos.<\/p>\n<p style=\"text-align: justify;\">Y est\u00e1n las bibliotecas y centros de estudios que, en Tombuct\u00fa y alrededores, conservan la memoria del exilio y la expulsi\u00f3n de los jud\u00edos y los moriscos de la Espa\u00f1a reconquistada. Memoria literaria y econ\u00f3mica, memoria sentimental que espera a ser descubierta, estudiada y analizada. Porque sigue habiendo oro por descubrir. El oro de la sabidur\u00eda y el conocimiento. La riqueza del saber. Porque Al Andalus sigue viviendo, respirando y palpitando a miles de kil\u00f3metros de Espa\u00f1a.<\/p>\n<p style=\"text-align: justify;\">\u00bfY c\u00f3mo ha sido mi tercer viaje al Mal\u00ed? Reconozco que m\u00e1s c\u00f3modo y sencillo. Menos sufrido. Pero igualmente excitante y apasionante. Es lo que tiene viajar sin salir de casa. Y hacerlo a trav\u00e9s de las personal\u00edsimas fotograf\u00edas de una artista como Alicia N\u00fa\u00f1ez, cuya mirada \u00fanica, personal e intransferible consigue captar la esencia y aut\u00e9ntica naturaleza de las personas a las que retrata.<\/p>\n<p style=\"text-align: center;\"><a href=\"http:\/\/www.granadablogs.com\/pateandoelmundo\/wp-content\/uploads\/2011\/05\/Enric35.jpg\"><img loading=\"lazy\" decoding=\"async\" class=\"size-medium wp-image-8843  aligncenter\" title=\"Mal\u00ed Alicia N\u00fa\u00f1ez\" src=\"http:\/\/www.granadablogs.com\/pateandoelmundo\/wp-content\/uploads\/2011\/05\/Enric35-132x300.jpg\" alt=\"\" width=\"132\" height=\"300\" \/><\/a><\/p>\n<p style=\"text-align: justify;\">Gracias a la nueva exposici\u00f3n de Alicia tenemos la oportunidad de recorrer paisajes de una belleza desnuda sin igual y, sobre todo, tenemos una inmejorable ocasi\u00f3n de descubrir el alma de los habitantes de un pa\u00eds que, econ\u00f3micamente pobre como pocos, es uno de los humanamente m\u00e1s ricos que he conocido jam\u00e1s. Rico de esp\u00edritu, alegr\u00eda, orgullo y capacidad de supervivencia y superaci\u00f3n.<\/p>\n<p style=\"text-align: justify;\">Cuando ve\u00e1is las fotograf\u00edas de Alicia, fijaos, sobre todo, en la mirada de sus protagonistas. En sus ojos. En lo mucho que nos dicen, a nada que les prestemos o\u00eddo y atenci\u00f3n. Es la magia de una artista excepcional: a trav\u00e9s de su lente, da la palabra a qui\u00e9nes nunca tienen oportunidad de tomarla. \u00a1Eso s\u00ed que vale su peso en oro!<\/p>\n<p style=\"text-align: justify;\">Gracias a las fotograf\u00edas de Alicia, hoy, el Mal\u00ed se acerca un poco m\u00e1s a nosotros. A trav\u00e9s del rostro de sus habitantes. De los colores de sus vestimentas. De la mirada de sus ojos.<\/p>\n<p style=\"text-align: justify;\">Estoy seguro de que, gracias a esta exposici\u00f3n, nosotros tambi\u00e9n nos acercaremos un poco m\u00e1s a un pa\u00eds hermoso y arrebatador como pocos he tenido la suerte de visitar.<\/p>\n<p style=\"text-align: justify;\">Gracias, Alicia, por tender estos puentes entre nosotros y ellos. Hoy, las distancias que nos separan son m\u00e1s estrechas.<\/p>\n","protected":false},"excerpt":{"rendered":"<p>Una enso\u00f1aci\u00f3n de Jes\u00fas Lens Espinosa de los Monteros, provocada por un por una lente y ojo m\u00e1gicos y privilegiados (Parte de este texto forma parte de ESTA recomendable, imprescindible exposici\u00f3n, que no te puedes perder) La historia es un incesante volver a empezar. Tuc\u00eddides (460 AC-396 AC) Historiador ateniense. \u00abAnoche so\u00f1\u00e9 que volv\u00eda a [&hellip;]<\/p>\n","protected":false},"author":1,"featured_media":0,"comment_status":"open","ping_status":"open","sticky":false,"template":"","format":"standard","meta":{"jetpack_post_was_ever_published":false,"_jetpack_newsletter_access":"","_jetpack_dont_email_post_to_subs":false,"_jetpack_newsletter_tier_id":0,"_jetpack_memberships_contains_paywalled_content":false,"_jetpack_memberships_contains_paid_content":false,"footnotes":""},"categories":[36,33,24,16],"tags":[36,4779,462,4752,4751,389,4778,24],"class_list":["post-8838","post","type-post","status-publish","format-standard","hentry","category-africa","category-arte","category-viajes","category-viajes-africa","tag-africa","tag-africa-jesus-lens","tag-alicia-nunez","tag-alicia-nunez-mali","tag-exposicion-alicia-nunez","tag-mali","tag-mali-jesus-lens","tag-viajes"],"jetpack_featured_media_url":"","jetpack_sharing_enabled":true,"_links":{"self":[{"href":"https:\/\/www.granadablogs.com\/pateandoelmundo\/wp-json\/wp\/v2\/posts\/8838","targetHints":{"allow":["GET"]}}],"collection":[{"href":"https:\/\/www.granadablogs.com\/pateandoelmundo\/wp-json\/wp\/v2\/posts"}],"about":[{"href":"https:\/\/www.granadablogs.com\/pateandoelmundo\/wp-json\/wp\/v2\/types\/post"}],"author":[{"embeddable":true,"href":"https:\/\/www.granadablogs.com\/pateandoelmundo\/wp-json\/wp\/v2\/users\/1"}],"replies":[{"embeddable":true,"href":"https:\/\/www.granadablogs.com\/pateandoelmundo\/wp-json\/wp\/v2\/comments?post=8838"}],"version-history":[{"count":1,"href":"https:\/\/www.granadablogs.com\/pateandoelmundo\/wp-json\/wp\/v2\/posts\/8838\/revisions"}],"predecessor-version":[{"id":8844,"href":"https:\/\/www.granadablogs.com\/pateandoelmundo\/wp-json\/wp\/v2\/posts\/8838\/revisions\/8844"}],"wp:attachment":[{"href":"https:\/\/www.granadablogs.com\/pateandoelmundo\/wp-json\/wp\/v2\/media?parent=8838"}],"wp:term":[{"taxonomy":"category","embeddable":true,"href":"https:\/\/www.granadablogs.com\/pateandoelmundo\/wp-json\/wp\/v2\/categories?post=8838"},{"taxonomy":"post_tag","embeddable":true,"href":"https:\/\/www.granadablogs.com\/pateandoelmundo\/wp-json\/wp\/v2\/tags?post=8838"}],"curies":[{"name":"wp","href":"https:\/\/api.w.org\/{rel}","templated":true}]}}