{"id":8801,"date":"2011-05-20T11:05:15","date_gmt":"2011-05-20T09:05:15","guid":{"rendered":"http:\/\/www.granadablogs.com\/pateandoelmundo\/?p=8801"},"modified":"2011-05-20T11:11:44","modified_gmt":"2011-05-20T09:11:44","slug":"ignacio-berroa-en-cajagranada","status":"publish","type":"post","link":"https:\/\/www.granadablogs.com\/pateandoelmundo\/ignacio-berroa-en-cajagranada\/","title":{"rendered":"Ignacio Berroa en CajaGRANADA"},"content":{"rendered":"<p style=\"text-align: justify;\">Luego no dig\u00e1is que no avisamos&#8230; La info del pr\u00f3ximo concierto: <a href=\"http:\/\/granadablogs.com\/bluenoirclubdejazz\/2011\/05\/13\/ignacio-berroa-quartet-en-cajagranada\/\">AQU\u00cd<\/a>, en nuestro querido Blue &amp; Noir. La m\u00fasica&#8230; todo seguidito.<\/p>\n<p style=\"text-align: justify;\">Nos volvemos a encontrar el domingo. Inshallah. Espero que la m\u00fasica de Ignacio Berroa os sirva como banda sonora para la jornada de reflexi\u00f3n, an\u00e1lisis y toma de decisi\u00f3n electoral. O no. Y, en la Margen Derecha, una consulta de urgencia sobre qu\u00e9 os parece 15-M y \u00abDemocracia Real\u00bb. Opinad. Manifestaos. Acampad, incluso. Please.\u00a0<\/p>\n<p style=\"text-align: justify;\">Entre tanto: disfrutad de la m\u00fasica.<\/p>\n<p style=\"text-align: justify;\">Besos para todos.<\/p>\n<p style=\"text-align: justify;\">Jes\u00fas<\/p>\n<p><object classid=\"clsid:d27cdb6e-ae6d-11cf-96b8-444553540000\" width=\"425\" height=\"349\" codebase=\"http:\/\/download.macromedia.com\/pub\/shockwave\/cabs\/flash\/swflash.cab#version=6,0,40,0\"><param name=\"allowFullScreen\" value=\"true\" \/><param name=\"allowscriptaccess\" value=\"always\" \/><param name=\"src\" value=\"http:\/\/www.youtube.com\/v\/-NCrqI3Vm0c?fs=1&amp;hl=es_ES\" \/><param name=\"allowfullscreen\" value=\"true\" \/><\/object><\/p>\n<p><object classid=\"clsid:d27cdb6e-ae6d-11cf-96b8-444553540000\" width=\"425\" height=\"349\" codebase=\"http:\/\/download.macromedia.com\/pub\/shockwave\/cabs\/flash\/swflash.cab#version=6,0,40,0\"><param name=\"allowFullScreen\" value=\"true\" \/><param name=\"allowscriptaccess\" value=\"always\" \/><param name=\"src\" value=\"http:\/\/www.youtube.com\/v\/zHEkCKELHRw?fs=1&amp;hl=es_ES\" \/><param name=\"allowfullscreen\" value=\"true\" \/><\/object><\/p>\n<p><object classid=\"clsid:d27cdb6e-ae6d-11cf-96b8-444553540000\" width=\"425\" height=\"349\" codebase=\"http:\/\/download.macromedia.com\/pub\/shockwave\/cabs\/flash\/swflash.cab#version=6,0,40,0\"><param name=\"allowFullScreen\" value=\"true\" \/><param name=\"allowscriptaccess\" value=\"always\" \/><param name=\"src\" value=\"http:\/\/www.youtube.com\/v\/ssXR6paZkb8?fs=1&amp;hl=es_ES\" \/><param name=\"allowfullscreen\" value=\"true\" \/><\/object><\/p>\n","protected":false},"excerpt":{"rendered":"<p>Luego no dig\u00e1is que no avisamos&#8230; La info del pr\u00f3ximo concierto: AQU\u00cd, en nuestro querido Blue &amp; Noir. La m\u00fasica&#8230; todo seguidito. Nos volvemos a encontrar el domingo. Inshallah. Espero que la m\u00fasica de Ignacio Berroa os sirva como banda sonora para la jornada de reflexi\u00f3n, an\u00e1lisis y toma de decisi\u00f3n electoral. O no. Y, [&hellip;]<\/p>\n","protected":false},"author":1,"featured_media":0,"comment_status":"open","ping_status":"open","sticky":false,"template":"","format":"standard","meta":{"jetpack_post_was_ever_published":false,"_jetpack_newsletter_access":"","_jetpack_dont_email_post_to_subs":false,"_jetpack_newsletter_tier_id":0,"_jetpack_memberships_contains_paywalled_content":false,"_jetpack_memberships_contains_paid_content":false,"footnotes":""},"categories":[15],"tags":[29,106,4753,4756,4754,117,4623,17,4755],"class_list":["post-8801","post","type-post","status-publish","format-standard","hentry","category-videos","tag-blue-noir","tag-cajagranada","tag-ignacio-berroa","tag-ignacio-berroa-granada","tag-ignacio-berroa-quartet","tag-jazz","tag-jazz-in-blue","tag-musica","tag-musica-en-cajagranada"],"jetpack_featured_media_url":"","jetpack_sharing_enabled":true,"_links":{"self":[{"href":"https:\/\/www.granadablogs.com\/pateandoelmundo\/wp-json\/wp\/v2\/posts\/8801","targetHints":{"allow":["GET"]}}],"collection":[{"href":"https:\/\/www.granadablogs.com\/pateandoelmundo\/wp-json\/wp\/v2\/posts"}],"about":[{"href":"https:\/\/www.granadablogs.com\/pateandoelmundo\/wp-json\/wp\/v2\/types\/post"}],"author":[{"embeddable":true,"href":"https:\/\/www.granadablogs.com\/pateandoelmundo\/wp-json\/wp\/v2\/users\/1"}],"replies":[{"embeddable":true,"href":"https:\/\/www.granadablogs.com\/pateandoelmundo\/wp-json\/wp\/v2\/comments?post=8801"}],"version-history":[{"count":4,"href":"https:\/\/www.granadablogs.com\/pateandoelmundo\/wp-json\/wp\/v2\/posts\/8801\/revisions"}],"predecessor-version":[{"id":8805,"href":"https:\/\/www.granadablogs.com\/pateandoelmundo\/wp-json\/wp\/v2\/posts\/8801\/revisions\/8805"}],"wp:attachment":[{"href":"https:\/\/www.granadablogs.com\/pateandoelmundo\/wp-json\/wp\/v2\/media?parent=8801"}],"wp:term":[{"taxonomy":"category","embeddable":true,"href":"https:\/\/www.granadablogs.com\/pateandoelmundo\/wp-json\/wp\/v2\/categories?post=8801"},{"taxonomy":"post_tag","embeddable":true,"href":"https:\/\/www.granadablogs.com\/pateandoelmundo\/wp-json\/wp\/v2\/tags?post=8801"}],"curies":[{"name":"wp","href":"https:\/\/api.w.org\/{rel}","templated":true}]}}