{"id":8599,"date":"2011-04-25T21:08:41","date_gmt":"2011-04-25T19:08:41","guid":{"rendered":"http:\/\/www.granadablogs.com\/pateandoelmundo\/?p=8599"},"modified":"2011-04-25T21:08:41","modified_gmt":"2011-04-25T19:08:41","slug":"jazz-es","status":"publish","type":"post","link":"https:\/\/www.granadablogs.com\/pateandoelmundo\/jazz-es\/","title":{"rendered":"Jazz-es"},"content":{"rendered":"<p style=\"text-align: justify;\">Bajo el marchamo de \u201cjazz\u201d caben tantos estilos, variedades y corrientes musicales como nuestra imaginaci\u00f3n sea capaz de imaginar. Porque las etiquetas solo existen para ser arrancadas y las fronteras, para ser eliminadas.<\/p>\n<p style=\"text-align: justify;\">\n<p style=\"text-align: justify;\">As\u00ed, el ciclo Jazz in Blue que estamos disfrutando en el Teatro CajaGRANADA nos ha permitido alucinar con la capacidad voc\u00e1lica de Lionel Loueke y con su facilidad para improvisar percusiones imposibles que nos dar\u00e1 la posibilidad de disfrutar del baterista Ignacio Berroa.<\/p>\n<p style=\"text-align: justify;\">\n<p style=\"text-align: justify;\">Pero deteng\u00e1monos en dos de los artistas que repiten en Granada, tras haber dejado un inmejorable sabor de boca tras su paso por el Festival de Jazz o por el Jazz en la costa.<\/p>\n<p style=\"text-align: justify;\">\n<p style=\"text-align: justify;\">Uno es Avishai Cohen, que estar\u00e1 con nosotros este jueves 28 de abril, presentando su nuevo disco: \u201cSeven seas\u201d. Un disco cuya m\u00fasica, como ocurre en los \u00faltimos trabajos del contrabajista israel\u00ed, es tan personal, \u00fanica e intransferible, que s\u00f3lo puede ser de su autor. Uno de esos discos que, desde su primer acorde, son reconocibles y perfectamente identificables. Porque Avishai Cohen es un g\u00e9nero en s\u00ed mismo.<\/p>\n<p style=\"text-align: justify;\"><a href=\"http:\/\/www.granadablogs.com\/pateandoelmundo\/wp-content\/uploads\/2011\/04\/09l3.jpg\"><img loading=\"lazy\" decoding=\"async\" class=\"aligncenter size-full wp-image-8600\" title=\"Avishai Cohen\" src=\"http:\/\/www.granadablogs.com\/pateandoelmundo\/wp-content\/uploads\/2011\/04\/09l3.jpg\" alt=\"\" width=\"230\" height=\"345\" srcset=\"https:\/\/www.granadablogs.com\/pateandoelmundo\/wp-content\/uploads\/2011\/04\/09l3.jpg 230w, https:\/\/www.granadablogs.com\/pateandoelmundo\/wp-content\/uploads\/2011\/04\/09l3-200x300.jpg 200w\" sizes=\"auto, (max-width: 230px) 100vw, 230px\" \/><\/a><\/p>\n<p style=\"text-align: justify;\">Desde el primer acorde de la primera canci\u00f3n, titulada \u201cDreaming\u201d, entramos en el universo Cohen, en un universo sonoro repleto de matices en el que el di\u00e1logo entre el contrabajo y el piano alcanza unas cotas de sensibilidad dif\u00edciles de explicar. Hace unos a\u00f1os, en el Festival de Jazz de Granada, su interpretaci\u00f3n de \u201cRemembering\u201d, de su disco \u201cAt home\u201d, arranc\u00f3 escalofr\u00edos, gritos alborozados y aplausos entusiastas a todos los afortunados presentes. Y un par de a\u00f1os despu\u00e9s, arras\u00f3 el Parque del Majuelo de Almu\u00f1\u00e9car. \u00a1Un cicl\u00f3n! (<a href=\"http:\/\/www.granadablogs.com\/pateandoelmundo\/2009\/02\/avishai-cohen\/\">AQU\u00cd una versi\u00f3n de dicho tema<\/a>)<\/p>\n<p style=\"text-align: justify;\"><a href=\"http:\/\/www.granadablogs.com\/pateandoelmundo\/wp-content\/uploads\/2011\/04\/Goree22.jpg\"><img loading=\"lazy\" decoding=\"async\" class=\"aligncenter size-full wp-image-8601\" title=\"Avishai Cohen\" src=\"http:\/\/www.granadablogs.com\/pateandoelmundo\/wp-content\/uploads\/2011\/04\/Goree22.jpg\" alt=\"\" width=\"670\" height=\"1000\" srcset=\"https:\/\/www.granadablogs.com\/pateandoelmundo\/wp-content\/uploads\/2011\/04\/Goree22.jpg 670w, https:\/\/www.granadablogs.com\/pateandoelmundo\/wp-content\/uploads\/2011\/04\/Goree22-201x300.jpg 201w\" sizes=\"auto, (max-width: 670px) 100vw, 670px\" \/><\/a><\/p>\n<p style=\"text-align: justify;\">Y tambi\u00e9n nos llega Eric Truffaz, con su reci\u00e9n publicado \u201cIn between\u201d bajo el brazo. Eric dej\u00f3 fuera del Isabel la Cat\u00f3lica, hace un par de a\u00f1os, a una buena cantidad de j\u00f3venes extranjeros que portaban carteles de cart\u00f3n en sus manos, manuscritos, clamando por una entrada para escuchar al genial trompetista. Y su concierto, desde luego, no dej\u00f3 indiferente a nadie, con su posmodernidad arrasadora, sus samplers y sus m\u00e1quinas.<\/p>\n<p style=\"text-align: justify;\"><a href=\"http:\/\/www.granadablogs.com\/pateandoelmundo\/wp-content\/uploads\/2011\/04\/david2.jpg\"><img loading=\"lazy\" decoding=\"async\" class=\"aligncenter size-large wp-image-8604\" title=\"Eric Truffaz\" src=\"http:\/\/www.granadablogs.com\/pateandoelmundo\/wp-content\/uploads\/2011\/04\/david2-1024x682.jpg\" alt=\"\" width=\"1024\" height=\"682\" srcset=\"https:\/\/www.granadablogs.com\/pateandoelmundo\/wp-content\/uploads\/2011\/04\/david2-1024x682.jpg 1024w, https:\/\/www.granadablogs.com\/pateandoelmundo\/wp-content\/uploads\/2011\/04\/david2-300x200.jpg 300w, https:\/\/www.granadablogs.com\/pateandoelmundo\/wp-content\/uploads\/2011\/04\/david2.jpg 1279w\" sizes=\"auto, (max-width: 1024px) 100vw, 1024px\" \/><\/a><\/p>\n<p style=\"text-align: justify;\">En su \u00faltimo trabajo, Truffaz no renuncia a esa posmodernidad, por supuesto. Tras haber incorporado la potente voz del rapero Nya a trabajos como \u201cThe dawn\u201d, en su nuevo trabajo cuenta con los habituales Benoit Corboz, Marcello Giuliani al bajo y Marc Erbetta a la bater\u00eda y percusiones. <a href=\"http:\/\/www.eriktruffaz.com\/album_single.php?id=15\">AQU\u00cd pod\u00e9is escuchar bastante de este \u00faltimo trabajo<\/a>, cargado de envolventes atm\u00f3sferas de lo m\u00e1s sugerente.<\/p>\n<p style=\"text-align: justify;\">\n<p><object classid=\"clsid:d27cdb6e-ae6d-11cf-96b8-444553540000\" width=\"640\" height=\"390\" codebase=\"http:\/\/download.macromedia.com\/pub\/shockwave\/cabs\/flash\/swflash.cab#version=6,0,40,0\"><param name=\"allowFullScreen\" value=\"true\" \/><param name=\"allowscriptaccess\" value=\"always\" \/><param name=\"src\" value=\"http:\/\/www.youtube.com\/v\/Dsv6c9GTua4?fs=1&amp;hl=es_ES\" \/><param name=\"allowfullscreen\" value=\"true\" \/><\/object><\/p>\n<p style=\"text-align: justify;\">Dejar pasar la oportunidad es escuchar a lo mejor y m\u00e1s nuevo que viene con el marchamo de Blue Note ser\u00eda un error imperdonable. Sobre todo cuando las texturas y los estilos de cada uno de los m\u00fasicos son tan distintas, tan contempor\u00e1neas, tan globales, tan universales.<\/p>\n<p style=\"text-align: justify;\">\n<p style=\"text-align: justify;\">Be Curious, My Friend.<\/p>\n<p style=\"text-align: justify;\">\n<p style=\"text-align: justify;\">\u00a1Luego no dig\u00e1is que no avisamos!<\/p>\n<p style=\"text-align: justify;\">\n<p style=\"text-align: justify;\">Jes\u00fas Lens.<\/p>\n","protected":false},"excerpt":{"rendered":"<p>Bajo el marchamo de \u201cjazz\u201d caben tantos estilos, variedades y corrientes musicales como nuestra imaginaci\u00f3n sea capaz de imaginar. Porque las etiquetas solo existen para ser arrancadas y las fronteras, para ser eliminadas. As\u00ed, el ciclo Jazz in Blue que estamos disfrutando en el Teatro CajaGRANADA nos ha permitido alucinar con la capacidad voc\u00e1lica de [&hellip;]<\/p>\n","protected":false},"author":1,"featured_media":0,"comment_status":"open","ping_status":"open","sticky":false,"template":"","format":"standard","meta":{"jetpack_post_was_ever_published":false,"_jetpack_newsletter_access":"","_jetpack_dont_email_post_to_subs":false,"_jetpack_newsletter_tier_id":0,"_jetpack_memberships_contains_paywalled_content":false,"_jetpack_memberships_contains_paid_content":false,"footnotes":""},"categories":[17],"tags":[589,4622,117,4623,4625,4624],"class_list":["post-8599","post","type-post","status-publish","format-standard","hentry","category-musica","tag-avishai-cohen","tag-eric-truffaz","tag-jazz","tag-jazz-in-blue","tag-lionel-loueke","tag-musica-en-granada"],"jetpack_featured_media_url":"","jetpack_sharing_enabled":true,"_links":{"self":[{"href":"https:\/\/www.granadablogs.com\/pateandoelmundo\/wp-json\/wp\/v2\/posts\/8599","targetHints":{"allow":["GET"]}}],"collection":[{"href":"https:\/\/www.granadablogs.com\/pateandoelmundo\/wp-json\/wp\/v2\/posts"}],"about":[{"href":"https:\/\/www.granadablogs.com\/pateandoelmundo\/wp-json\/wp\/v2\/types\/post"}],"author":[{"embeddable":true,"href":"https:\/\/www.granadablogs.com\/pateandoelmundo\/wp-json\/wp\/v2\/users\/1"}],"replies":[{"embeddable":true,"href":"https:\/\/www.granadablogs.com\/pateandoelmundo\/wp-json\/wp\/v2\/comments?post=8599"}],"version-history":[{"count":1,"href":"https:\/\/www.granadablogs.com\/pateandoelmundo\/wp-json\/wp\/v2\/posts\/8599\/revisions"}],"predecessor-version":[{"id":8605,"href":"https:\/\/www.granadablogs.com\/pateandoelmundo\/wp-json\/wp\/v2\/posts\/8599\/revisions\/8605"}],"wp:attachment":[{"href":"https:\/\/www.granadablogs.com\/pateandoelmundo\/wp-json\/wp\/v2\/media?parent=8599"}],"wp:term":[{"taxonomy":"category","embeddable":true,"href":"https:\/\/www.granadablogs.com\/pateandoelmundo\/wp-json\/wp\/v2\/categories?post=8599"},{"taxonomy":"post_tag","embeddable":true,"href":"https:\/\/www.granadablogs.com\/pateandoelmundo\/wp-json\/wp\/v2\/tags?post=8599"}],"curies":[{"name":"wp","href":"https:\/\/api.w.org\/{rel}","templated":true}]}}