{"id":8427,"date":"2011-03-26T14:35:26","date_gmt":"2011-03-26T12:35:26","guid":{"rendered":"http:\/\/www.granadablogs.com\/pateandoelmundo\/?p=8427"},"modified":"2011-03-26T14:35:26","modified_gmt":"2011-03-26T12:35:26","slug":"confianza-y-credibilidad-periodisticas","status":"publish","type":"post","link":"https:\/\/www.granadablogs.com\/pateandoelmundo\/confianza-y-credibilidad-periodisticas\/","title":{"rendered":"Confianza y credibilidad period\u00edsticas"},"content":{"rendered":"<p style=\"text-align: justify;\">Pues s\u00ed. Efectivamente. Por mucho que algunos madrugadores amigos del Facebook ironicen los fines de semana cuando twitteo que voy camino de \u201cEl Madero\u201d para mi raci\u00f3n diaria de caf\u00e9 &amp; peri\u00f3dicos, diciendo que vale por el desayuno, pero que me olvide de la prensa; el hecho es que soy un adicto al peri\u00f3dico de papel.<\/p>\n<p style=\"text-align: justify;\"><a href=\"http:\/\/www.granadablogs.com\/pateandoelmundo\/wp-content\/uploads\/2011\/03\/09Z5.jpg\"><img loading=\"lazy\" decoding=\"async\" class=\"aligncenter size-full wp-image-8428\" title=\"Caf\u00e9 &amp; peri\u00f3dicos\" src=\"http:\/\/www.granadablogs.com\/pateandoelmundo\/wp-content\/uploads\/2011\/03\/09Z5.jpg\" alt=\"\" width=\"300\" height=\"300\" srcset=\"https:\/\/www.granadablogs.com\/pateandoelmundo\/wp-content\/uploads\/2011\/03\/09Z5.jpg 300w, https:\/\/www.granadablogs.com\/pateandoelmundo\/wp-content\/uploads\/2011\/03\/09Z5-150x150.jpg 150w\" sizes=\"auto, (max-width: 300px) 100vw, 300px\" \/><\/a><\/p>\n<p style=\"text-align: justify;\">Y, aunque en Comunicaci\u00f3n los tenemos todos, yo sigo comprando mi ejemplar, en el kiosco, los d\u00edas de diario, hasta el punto de que rechazo las ofertas de Pedro o Jose de subirme a sus coches y llegar m\u00e1s r\u00e1pido al trabajo. Me acerco hasta el kiosco de enfrente de los Salesianos y me llevo puestos un par de diarios que, despu\u00e9s, desmenuzo sobre la mesa del despacho, tijera en mano.<\/p>\n<p style=\"text-align: justify;\">\n<p style=\"text-align: justify;\"><a href=\"http:\/\/www.granadablogs.com\/pateandoelmundo\/2010\/12\/corregir-romper-tirar-reescribir\/\">Los recorticos de los que otras veces hemos hablado.<\/a> Esos recorticos que deben enervar a Paqui y que, a veces, a m\u00ed mismo me provocan ansiedad.<\/p>\n<p style=\"text-align: justify;\"><a href=\"http:\/\/www.granadablogs.com\/pateandoelmundo\/wp-content\/uploads\/2011\/03\/3876809.jpg\"><img loading=\"lazy\" decoding=\"async\" class=\"aligncenter size-full wp-image-8429\" title=\"Recorticos\" src=\"http:\/\/www.granadablogs.com\/pateandoelmundo\/wp-content\/uploads\/2011\/03\/3876809.jpg\" alt=\"\" width=\"400\" height=\"277\" srcset=\"https:\/\/www.granadablogs.com\/pateandoelmundo\/wp-content\/uploads\/2011\/03\/3876809.jpg 400w, https:\/\/www.granadablogs.com\/pateandoelmundo\/wp-content\/uploads\/2011\/03\/3876809-300x207.jpg 300w\" sizes=\"auto, (max-width: 400px) 100vw, 400px\" \/><\/a><\/p>\n<p style=\"text-align: justify;\">He probado a escanear o a archivar en formato Word los art\u00edculos y reportajes que m\u00e1s me gustan de los peri\u00f3dicos. Pero da igual. Lo que no guardo recortado o anotado en mis cuadernos, negro sobre blanco, es como si no existiera.<\/p>\n<p style=\"text-align: justify;\">\n<p style=\"text-align: justify;\">S\u00ed. Los peri\u00f3dicos tienen un mucho de ritual para m\u00ed. Y un d\u00eda es dif\u00edcil que sea bueno si no lo comienzo hojeando un peri\u00f3dico.<\/p>\n<p style=\"text-align: justify;\">\n<p style=\"text-align: justify;\">De todo ello hablaba hace unos d\u00edas con Juan Luis Tapia. Y, esta ma\u00f1ana de s\u00e1bado, pod\u00edamos leer en IDEAL el contenido de la entrevista.<\/p>\n<p style=\"text-align: justify;\">\n<p style=\"text-align: justify;\">Paradojas: t\u00fa lees esto en pantalla mientras yo defiendo la lectura de papel.<\/p>\n<p style=\"text-align: justify;\"><a href=\"http:\/\/www.granadablogs.com\/pateandoelmundo\/wp-content\/uploads\/2011\/03\/09l4.jpg\"><img loading=\"lazy\" decoding=\"async\" class=\"aligncenter size-full wp-image-8430\" title=\"Prensa papel\" src=\"http:\/\/www.granadablogs.com\/pateandoelmundo\/wp-content\/uploads\/2011\/03\/09l4.jpg\" alt=\"\" width=\"300\" height=\"300\" srcset=\"https:\/\/www.granadablogs.com\/pateandoelmundo\/wp-content\/uploads\/2011\/03\/09l4.jpg 300w, https:\/\/www.granadablogs.com\/pateandoelmundo\/wp-content\/uploads\/2011\/03\/09l4-150x150.jpg 150w\" sizes=\"auto, (max-width: 300px) 100vw, 300px\" \/><\/a><\/p>\n<p style=\"text-align: justify;\">No pasa nada. Lo importante, siempre, es leer. Adem\u00e1s, seguro que no llevas leyendo m\u00e1s del minuto y medio o par de minutos que permite la lectura en pantalla. Al menos, la lectura concentrada.<\/p>\n<p style=\"text-align: justify;\">\n<p style=\"text-align: justify;\">\u00bfPor qu\u00e9, si no, ponemos en los mails eso de que <strong><em>\u201cantes de imprimir, comprueba que el contenido de este mensaje es realmente importante\u201d?<\/em><\/strong><\/p>\n<p style=\"text-align: justify;\">\n<p style=\"text-align: justify;\">Jes\u00fas <strong><em>empapelado<\/em><\/strong> Lens<\/p>\n","protected":false},"excerpt":{"rendered":"<p>Pues s\u00ed. Efectivamente. Por mucho que algunos madrugadores amigos del Facebook ironicen los fines de semana cuando twitteo que voy camino de \u201cEl Madero\u201d para mi raci\u00f3n diaria de caf\u00e9 &amp; peri\u00f3dicos, diciendo que vale por el desayuno, pero que me olvide de la prensa; el hecho es que soy un adicto al peri\u00f3dico de [&hellip;]<\/p>\n","protected":false},"author":1,"featured_media":0,"comment_status":"open","ping_status":"open","sticky":false,"template":"","format":"standard","meta":{"jetpack_post_was_ever_published":false,"_jetpack_newsletter_access":"","_jetpack_dont_email_post_to_subs":false,"_jetpack_newsletter_tier_id":0,"_jetpack_memberships_contains_paywalled_content":false,"_jetpack_memberships_contains_paid_content":false,"footnotes":""},"categories":[6],"tags":[1563,4301,875,4522,2133],"class_list":["post-8427","post","type-post","status-publish","format-standard","hentry","category-opinion","tag-e-book","tag-juan-luis-tapia","tag-leer","tag-leer-en-papel","tag-periodicos"],"jetpack_featured_media_url":"","jetpack_sharing_enabled":true,"_links":{"self":[{"href":"https:\/\/www.granadablogs.com\/pateandoelmundo\/wp-json\/wp\/v2\/posts\/8427","targetHints":{"allow":["GET"]}}],"collection":[{"href":"https:\/\/www.granadablogs.com\/pateandoelmundo\/wp-json\/wp\/v2\/posts"}],"about":[{"href":"https:\/\/www.granadablogs.com\/pateandoelmundo\/wp-json\/wp\/v2\/types\/post"}],"author":[{"embeddable":true,"href":"https:\/\/www.granadablogs.com\/pateandoelmundo\/wp-json\/wp\/v2\/users\/1"}],"replies":[{"embeddable":true,"href":"https:\/\/www.granadablogs.com\/pateandoelmundo\/wp-json\/wp\/v2\/comments?post=8427"}],"version-history":[{"count":1,"href":"https:\/\/www.granadablogs.com\/pateandoelmundo\/wp-json\/wp\/v2\/posts\/8427\/revisions"}],"predecessor-version":[{"id":8431,"href":"https:\/\/www.granadablogs.com\/pateandoelmundo\/wp-json\/wp\/v2\/posts\/8427\/revisions\/8431"}],"wp:attachment":[{"href":"https:\/\/www.granadablogs.com\/pateandoelmundo\/wp-json\/wp\/v2\/media?parent=8427"}],"wp:term":[{"taxonomy":"category","embeddable":true,"href":"https:\/\/www.granadablogs.com\/pateandoelmundo\/wp-json\/wp\/v2\/categories?post=8427"},{"taxonomy":"post_tag","embeddable":true,"href":"https:\/\/www.granadablogs.com\/pateandoelmundo\/wp-json\/wp\/v2\/tags?post=8427"}],"curies":[{"name":"wp","href":"https:\/\/api.w.org\/{rel}","templated":true}]}}