{"id":8264,"date":"2011-03-03T13:13:42","date_gmt":"2011-03-03T11:13:42","guid":{"rendered":"http:\/\/www.granadablogs.com\/pateandoelmundo\/?p=8264"},"modified":"2011-03-03T13:13:42","modified_gmt":"2011-03-03T11:13:42","slug":"el-sueno-del-celta-2","status":"publish","type":"post","link":"https:\/\/www.granadablogs.com\/pateandoelmundo\/el-sueno-del-celta-2\/","title":{"rendered":"El sue\u00f1o del celta"},"content":{"rendered":"<p style=\"text-align: justify;\"><em>Hablemos, ahora ya por completo, de \u201cEl sue\u00f1o del Celta\u201d, cuya rese\u00f1a publicamos en la revista Garnata. \u00bfLa hab\u00e9is le\u00eddo? A la novela, me refiero. \u00bfQu\u00e9 os pareci\u00f3? Como ya me comento Alberto, mi lectura es sesgada, subjetiva y muy particular. Pero creo que es lo bueno de los libros: cada uno lee el \u201csuyo\u201d&#8230;<\/em><\/p>\n<p style=\"text-align: justify;\">Lo escrib\u00ed, alto y claro, nada m\u00e1s comprar el libro m\u00e1s reciente del flamante N\u00f3bel de Literatura del 2010: antes de que le concediesen el galard\u00f3n, yo ard\u00eda por echarle mano a la novela en la que el autor peruano ven\u00eda trabajando desde hac\u00eda a\u00f1os.<\/p>\n<p style=\"text-align: justify;\">\u201cEl sue\u00f1o del celta\u201d, termin\u00f3 titul\u00e1ndose y, para m\u00ed, es una novela extraordinaria, rica, densa, ilustrativa y llena de meandros, compleja y repleta de atractivos. Aunque, empezando por el principio, quiz\u00e1 hablar de \u201cnovela\u201d, en este caso, no sea exacto. O s\u00ed. \u00bfQui\u00e9n sabe?<\/p>\n<p style=\"text-align: justify;\">El caso es que el celta del t\u00edtulo fue un tipo real, de carne y hueso, que vivi\u00f3 en los inicios del siglo XX y protagoniz\u00f3 no una sino tres o cuatro aventuras, cada una de ellas susceptible de haber pasado a los anales de la historia. Su nombre: Roger Casement, un buscador de fortunas que recal\u00f3 en el m\u00edtico Congo Belga (<a href=\"http:\/\/www.granadablogs.com\/pateandoelmundo\/2009\/10\/congo-las-letras-de-las-tinieblas\/\">ya sab\u00e9is lo que ese lugar significa para m\u00ed<\/a>) y se escandaliz\u00f3 ante lo que vio, escribiendo un informe tan demoledor que conmocion\u00f3 a toda Europa.<\/p>\n<p style=\"text-align: justify;\">Como dice el protagonista en un momento, refiri\u00e9ndose al Horror y a la abyecci\u00f3n humana m\u00e1s total, absoluta y depravada: <strong><em>\u201cEl Congo otra vez. El Congo por todas partes\u201d<\/em><\/strong>. O, unas p\u00e1ginas despu\u00e9s: <strong><em>\u201cEl Congo, s\u00ed. El Congo por doquier\u201d.<\/em><\/strong><\/p>\n<p style=\"text-align: justify;\">Despu\u00e9s de march\u00f3 al Amazonas, otra zona cauchera por excelencia. Y lo que vio, y cont\u00f3, tambi\u00e9n provoc\u00f3 un esc\u00e1ndalo de proporciones hom\u00e9ricas. Pero es que, adem\u00e1s, Casement termin\u00f3 siendo un revolucionario irland\u00e9s que ejerci\u00f3 de esp\u00eda diplom\u00e1tico durante la I Guerra Mundial y termin\u00f3 interviniendo en el c\u00e9lebre y fallido levantamiento de la Semana Santa de 1916.<\/p>\n<p style=\"text-align: justify;\">Una vida proteica con la que Vargas Llosa se top\u00f3 mientras andaba estudiando la vida y la obra de Joseph Conrad, cuyo majestuoso \u201cEl coraz\u00f3n de las tinieblas\u201d tambi\u00e9n puso el acento en las barbaridades que acontec\u00edan en el Congo.<\/p>\n<p style=\"text-align: justify;\">Con esas mimbres, con un personaje tan intenso, Vargas Llosa escribe varias novelas en una. O varios libros de memorias. O varias biograf\u00edas. Y todo comienza en una c\u00e1rcel de Londres. En 1916, con el celta so\u00f1ador encerrado en una c\u00e1rcel de Su Majestad que, a\u00f1os antes, le rindi\u00f3 los m\u00e1s altos honores y le hizo Grande de la Patria, por los servicios al Imperio. Esperando clemencia. Y recibiendo algunas visitas, a partir de las que, mirando atr\u00e1s, Casement ir\u00e1 reconstruyendo su biograf\u00eda.<\/p>\n<p style=\"text-align: justify;\">Una biograf\u00eda que, como suele ser habitual en el com\u00fan de los mortales, tiene sombras, lados oscuros y momentos vergonzantes. Sobre los que Vargas Llosa no pasa de puntillas, apunt\u00e1ndolos desde el comienzo del libro:<\/p>\n<p style=\"text-align: justify;\"><strong><em>\u201cCada uno de nosotros es, sucesivamente, no uno, sino muchos. Y estas personalidades sucesivas, que emergen las unas de las otras, suelen ofrecer entre s\u00ed los m\u00e1s raros y asombrosos contrastes\u201d.<\/em><\/strong><\/p>\n<p style=\"text-align: justify;\">Una novela, adem\u00e1s, africana.<\/p>\n<p style=\"text-align: justify;\"><strong><em>&#8211; El \u00c1frica no se ha hecho para los d\u00e9biles\u2026 no es Estados Unidos ni Inglaterra, se habr\u00e1 dado cuenta. En el \u00c1frica los d\u00e9biles no duran. Acaban con ellos las picaduras, las fiebres, las flechas envenenadas o la mosca tse tse.<\/em><\/strong><\/p>\n<p style=\"text-align: justify;\">Y Amaz\u00f3nica, uno de los viajes que m\u00e1s ganas tengo que hacer: <strong><em>\u201cLa Amazon\u00eda, donde todo parec\u00eda estar naciendo y muriendo, mundo inestable, riesgoso, movedizo, en el que un hombre se sent\u00eda arrancado del presente y arrojado hacia el pasado m\u00e1s remoto, en comunicaci\u00f3n con los ancestros, de regreso a la aurora del acontecer humano. Y, sorprendido, descubri\u00f3 que recordaba aquello con nostalgia, a pesar de los horrores que escond\u00eda\u201d.<\/em><\/strong><\/p>\n<p style=\"text-align: justify;\">Una novela documentada, en libros y en papeles, pero tambi\u00e9n personalmente por Vargas Llosa que ha recorrido los paisajes de su novela. Paisajes que siguen siendo dif\u00edciles y complicados.<\/p>\n<p style=\"text-align: justify;\">Pero esa es ya otra historia\u2026<\/p>\n<p style=\"text-align: justify;\">Jes\u00fas Lens Espinosa de los Monteros.<\/p>\n","protected":false},"excerpt":{"rendered":"<p>Hablemos, ahora ya por completo, de \u201cEl sue\u00f1o del Celta\u201d, cuya rese\u00f1a publicamos en la revista Garnata. \u00bfLa hab\u00e9is le\u00eddo? A la novela, me refiero. \u00bfQu\u00e9 os pareci\u00f3? Como ya me comento Alberto, mi lectura es sesgada, subjetiva y muy particular. Pero creo que es lo bueno de los libros: cada uno lee el \u201csuyo\u201d&#8230; [&hellip;]<\/p>\n","protected":false},"author":1,"featured_media":0,"comment_status":"open","ping_status":"open","sticky":false,"template":"","format":"standard","meta":{"jetpack_post_was_ever_published":false,"_jetpack_newsletter_access":"","_jetpack_dont_email_post_to_subs":false,"_jetpack_newsletter_tier_id":0,"_jetpack_memberships_contains_paywalled_content":false,"_jetpack_memberships_contains_paid_content":false,"footnotes":""},"categories":[36,9],"tags":[2651,100,4370,3759,645,4369,89,2958,4372,4371,2927,4400,3758],"class_list":["post-8264","post","type-post","status-publish","format-standard","hentry","category-africa","category-literarios","tag-amazonas","tag-congo","tag-el-congo","tag-el-sueno-del-celta","tag-escribir","tag-festival-de-opesia-de-granada","tag-ideal","tag-irlanda","tag-premio-nobel-literatura","tag-reger-casement","tag-revista-garnata","tag-rio","tag-vargas-llosa"],"jetpack_featured_media_url":"","jetpack_sharing_enabled":true,"_links":{"self":[{"href":"https:\/\/www.granadablogs.com\/pateandoelmundo\/wp-json\/wp\/v2\/posts\/8264","targetHints":{"allow":["GET"]}}],"collection":[{"href":"https:\/\/www.granadablogs.com\/pateandoelmundo\/wp-json\/wp\/v2\/posts"}],"about":[{"href":"https:\/\/www.granadablogs.com\/pateandoelmundo\/wp-json\/wp\/v2\/types\/post"}],"author":[{"embeddable":true,"href":"https:\/\/www.granadablogs.com\/pateandoelmundo\/wp-json\/wp\/v2\/users\/1"}],"replies":[{"embeddable":true,"href":"https:\/\/www.granadablogs.com\/pateandoelmundo\/wp-json\/wp\/v2\/comments?post=8264"}],"version-history":[{"count":1,"href":"https:\/\/www.granadablogs.com\/pateandoelmundo\/wp-json\/wp\/v2\/posts\/8264\/revisions"}],"predecessor-version":[{"id":8265,"href":"https:\/\/www.granadablogs.com\/pateandoelmundo\/wp-json\/wp\/v2\/posts\/8264\/revisions\/8265"}],"wp:attachment":[{"href":"https:\/\/www.granadablogs.com\/pateandoelmundo\/wp-json\/wp\/v2\/media?parent=8264"}],"wp:term":[{"taxonomy":"category","embeddable":true,"href":"https:\/\/www.granadablogs.com\/pateandoelmundo\/wp-json\/wp\/v2\/categories?post=8264"},{"taxonomy":"post_tag","embeddable":true,"href":"https:\/\/www.granadablogs.com\/pateandoelmundo\/wp-json\/wp\/v2\/tags?post=8264"}],"curies":[{"name":"wp","href":"https:\/\/api.w.org\/{rel}","templated":true}]}}