{"id":8209,"date":"2011-02-24T11:20:28","date_gmt":"2011-02-24T09:20:28","guid":{"rendered":"http:\/\/www.granadablogs.com\/pateandoelmundo\/?p=8209"},"modified":"2011-02-24T11:20:28","modified_gmt":"2011-02-24T09:20:28","slug":"el-sueno-del-celta","status":"publish","type":"post","link":"https:\/\/www.granadablogs.com\/pateandoelmundo\/el-sueno-del-celta\/","title":{"rendered":"EL SUE\u00d1O DEL CELTA"},"content":{"rendered":"<p style=\"text-align: justify;\"><strong><em>Pues, efectivamente, seguimos ampliando el espectro de lugares, f\u00edsicos y\/o virtuales, en que publicamos. Iniciamos una colaboraci\u00f3n con la revista Garnata que, ojal\u00e1, sea larga, feliz y duradera. No olvid\u00e9is que hoy se distribuye con IDEAL, sin sobrecoste para el peri\u00f3dico.<\/em><\/strong><\/p>\n<p style=\"text-align: justify;\"><strong><em>E iniciamos esta colaboraci\u00f3n con una rese\u00f1a de la \u00faltima novela de Mario Vargas Llosa, \u201cEl sue\u00f1o del celta\u201d. Que dice as\u00ed:<\/em><\/strong><\/p>\n<p style=\"text-align: justify;\">Hay que felicitar a los directores del Festival Internacional de Poes\u00eda por haber invitado a Mario Vargas Llosa justo cuando le han dado un m\u00e1s que merecid\u00edsimo N\u00f3bel de Literatura. Y honra al galardonado el no haber renunciado a citas como la granadina tras la brutal complicaci\u00f3n que la concesi\u00f3n de una distinci\u00f3n como \u00e9sta provoca en la agenda del premiado.<\/p>\n<p style=\"text-align: center;\"><a href=\"http:\/\/www.granadablogs.com\/pateandoelmundo\/wp-content\/uploads\/2011\/02\/034.jpg\"><img loading=\"lazy\" decoding=\"async\" class=\"size-medium wp-image-8210  aligncenter\" title=\"El sue\u00f1o del celta\" src=\"http:\/\/www.granadablogs.com\/pateandoelmundo\/wp-content\/uploads\/2011\/02\/034-300x199.jpg\" alt=\"\" width=\"300\" height=\"199\" srcset=\"https:\/\/www.granadablogs.com\/pateandoelmundo\/wp-content\/uploads\/2011\/02\/034-300x199.jpg 300w, https:\/\/www.granadablogs.com\/pateandoelmundo\/wp-content\/uploads\/2011\/02\/034.jpg 560w\" sizes=\"auto, (max-width: 300px) 100vw, 300px\" \/><\/a><\/p>\n<p style=\"text-align: justify;\">Ha querido la casualidad que tambi\u00e9n haya coincidido el N\u00f3bel con la publicaci\u00f3n de un nuevo trabajo de Vargas Llosa, \u201cEl sue\u00f1o del celta\u201d, una novela extraordinaria, rica, densa, ilustrativa y llena de meandros; compleja y repleta de atractivos. Aunque, empezando por el principio, quiz\u00e1 hablar de \u201cnovela\u201d, en este caso, no sea exacto. O s\u00ed. \u00bfQui\u00e9n sabe?<\/p>\n<p style=\"text-align: justify;\">El caso es que el celta del t\u00edtulo fue un tipo real, de carne y hueso, que vivi\u00f3 en los inicios del siglo XX y protagoniz\u00f3, no una, sino tres o cuatro aventuras, cada una de ellas susceptible de haber pasado a los anales de la historia. Su nombre: Roger Casement, un buscador de fortunas que recal\u00f3 en el m\u00edtico Congo Belga y se escandaliz\u00f3 ante lo que vio, escribiendo un informe tan demoledor que conmocion\u00f3 a toda Europa. Desde entonces, el Congo es sin\u00f3nimo de lo peor. Lo peor del horror. (<a href=\"http:\/\/www.granadablogs.com\/pateandoelmundo\/2009\/10\/congo-las-letras-de-las-tinieblas\/\">Y ya sab\u00e9is lo que el Congo significa para m\u00ed<\/a>)<\/p>\n<p style=\"text-align: justify;\"><strong>(CONTINUAR\u00c1)<\/strong><\/p>\n<p style=\"text-align: justify;\">(O sea, leed en la versi\u00f3n impresa, malandrines \ud83d\ude09<\/p>\n<p style=\"text-align: justify;\">Jes\u00fas Lens.<\/p>\n","protected":false},"excerpt":{"rendered":"<p>Pues, efectivamente, seguimos ampliando el espectro de lugares, f\u00edsicos y\/o virtuales, en que publicamos. Iniciamos una colaboraci\u00f3n con la revista Garnata que, ojal\u00e1, sea larga, feliz y duradera. No olvid\u00e9is que hoy se distribuye con IDEAL, sin sobrecoste para el peri\u00f3dico. E iniciamos esta colaboraci\u00f3n con una rese\u00f1a de la \u00faltima novela de Mario Vargas [&hellip;]<\/p>\n","protected":false},"author":1,"featured_media":0,"comment_status":"open","ping_status":"open","sticky":false,"template":"","format":"standard","meta":{"jetpack_post_was_ever_published":false,"_jetpack_newsletter_access":"","_jetpack_dont_email_post_to_subs":false,"_jetpack_newsletter_tier_id":0,"_jetpack_memberships_contains_paywalled_content":false,"_jetpack_memberships_contains_paid_content":false,"footnotes":""},"categories":[36,9],"tags":[2651,100,4370,3759,645,4369,89,2958,4372,4371,2927,4368],"class_list":["post-8209","post","type-post","status-publish","format-standard","hentry","category-africa","category-literarios","tag-amazonas","tag-congo","tag-el-congo","tag-el-sueno-del-celta","tag-escribir","tag-festival-de-opesia-de-granada","tag-ideal","tag-irlanda","tag-premio-nobel-literatura","tag-reger-casement","tag-revista-garnata","tag-rio-vargas-llosa"],"jetpack_featured_media_url":"","jetpack_sharing_enabled":true,"_links":{"self":[{"href":"https:\/\/www.granadablogs.com\/pateandoelmundo\/wp-json\/wp\/v2\/posts\/8209","targetHints":{"allow":["GET"]}}],"collection":[{"href":"https:\/\/www.granadablogs.com\/pateandoelmundo\/wp-json\/wp\/v2\/posts"}],"about":[{"href":"https:\/\/www.granadablogs.com\/pateandoelmundo\/wp-json\/wp\/v2\/types\/post"}],"author":[{"embeddable":true,"href":"https:\/\/www.granadablogs.com\/pateandoelmundo\/wp-json\/wp\/v2\/users\/1"}],"replies":[{"embeddable":true,"href":"https:\/\/www.granadablogs.com\/pateandoelmundo\/wp-json\/wp\/v2\/comments?post=8209"}],"version-history":[{"count":1,"href":"https:\/\/www.granadablogs.com\/pateandoelmundo\/wp-json\/wp\/v2\/posts\/8209\/revisions"}],"predecessor-version":[{"id":8211,"href":"https:\/\/www.granadablogs.com\/pateandoelmundo\/wp-json\/wp\/v2\/posts\/8209\/revisions\/8211"}],"wp:attachment":[{"href":"https:\/\/www.granadablogs.com\/pateandoelmundo\/wp-json\/wp\/v2\/media?parent=8209"}],"wp:term":[{"taxonomy":"category","embeddable":true,"href":"https:\/\/www.granadablogs.com\/pateandoelmundo\/wp-json\/wp\/v2\/categories?post=8209"},{"taxonomy":"post_tag","embeddable":true,"href":"https:\/\/www.granadablogs.com\/pateandoelmundo\/wp-json\/wp\/v2\/tags?post=8209"}],"curies":[{"name":"wp","href":"https:\/\/api.w.org\/{rel}","templated":true}]}}