{"id":8082,"date":"2011-02-04T00:01:16","date_gmt":"2011-02-03T22:01:16","guid":{"rendered":"http:\/\/www.granadablogs.com\/pateandoelmundo\/?p=8082"},"modified":"2011-02-04T00:01:16","modified_gmt":"2011-02-03T22:01:16","slug":"despedida-sin-cierre","status":"publish","type":"post","link":"https:\/\/www.granadablogs.com\/pateandoelmundo\/despedida-sin-cierre\/","title":{"rendered":"DESPEDIDA SIN CIERRE"},"content":{"rendered":"<p style=\"text-align: justify;\"><strong><em>Habr\u00e1 habido otras columnas emocionantes en IDEAL. Ahora mismo no se me ocurre otra m\u00e1s que \u00e9sta. Solo una palabra: GRACIAS. Seguida de otra m\u00e1s: SEGUIMOS.<\/em><\/strong><\/p>\n<p style=\"text-align: justify;\">\n<p style=\"text-align: justify;\">Ayer volv\u00ed a casa en el AVE. \u00a1Espectacular, la vista de la Sierra desde el mirador de la estaci\u00f3n de Moneo! Pocas ocasiones como \u00e9sta de ver la cara oriental de Sierra Nevada, desde la ciudad de Granada.<\/p>\n<p style=\"text-align: justify;\">\n<figure id=\"attachment_8083\" aria-describedby=\"caption-attachment-8083\" style=\"width: 300px\" class=\"wp-caption aligncenter\"><a href=\"http:\/\/www.granadablogs.com\/pateandoelmundo\/wp-content\/uploads\/2011\/02\/09o1.jpg\"><img loading=\"lazy\" decoding=\"async\" class=\"size-medium wp-image-8083\" title=\"AVE Granada\" src=\"http:\/\/www.granadablogs.com\/pateandoelmundo\/wp-content\/uploads\/2011\/02\/09o1-300x200.jpg\" alt=\"\" width=\"300\" height=\"200\" srcset=\"https:\/\/www.granadablogs.com\/pateandoelmundo\/wp-content\/uploads\/2011\/02\/09o1-300x200.jpg 300w, https:\/\/www.granadablogs.com\/pateandoelmundo\/wp-content\/uploads\/2011\/02\/09o1.jpg 448w\" sizes=\"auto, (max-width: 300px) 100vw, 300px\" \/><\/a><figcaption id=\"caption-attachment-8083\" class=\"wp-caption-text\">Esperando al AVE. Confianza y paciencia<\/figcaption><\/figure>\n<p style=\"text-align: justify;\">Cog\u00ed el metro y, en lo que tardaba en hojear el peri\u00f3dico, llegu\u00e9 al Zaid\u00edn. Pens\u00e9 en seguir directamente para Carchuna, que con la autov\u00eda es apenas media hora, pero me fui a ver a un amigo ingresado en el hospital del Campus de la Salud. Lo que no s\u00e9 es si asomarme ma\u00f1ana al IKEA o esperar al lunes, que habr\u00e1 menos gente.<\/p>\n<p style=\"text-align: justify;\">\n<p style=\"text-align: justify;\">Me gustar\u00eda, cuando vuelva a escribir esta columna de Puerta Real, en IDEAL, poder rese\u00f1ar todas o, al menos, algunas de estas cosas. Dentro de un tiempo. Porque, despu\u00e9s de siete a\u00f1os escribiendo semanalmente una columna de opini\u00f3n, todos los viernes, ha llegado el momento de tomarnos un respiro.<\/p>\n<p style=\"text-align: justify;\">\n<p style=\"text-align: justify;\">Es un ejercicio ilustrativo, echar la mirada atr\u00e1s y leer algunas de las cientos de columnas publicadas a lo largo de estos a\u00f1os. Temas diferentes, temas sorprendentes, temas inveros\u00edmiles, a veces. Tambi\u00e9n los ha habido previsibles. Y hasta obligatorios. Pero lo peor son los recurrentes. Los sospechosos habituales, como me gusta llamarles. Esos temas que, por ser siempre de actualidad, ya cansan y aburren. Hasta el hast\u00edo. Pero que no se pueden dar de lado. Porque siguen siendo importantes.<\/p>\n<p style=\"text-align: justify;\"><a href=\"http:\/\/www.granadablogs.com\/pateandoelmundo\/wp-content\/uploads\/2011\/02\/01.png\"><img loading=\"lazy\" decoding=\"async\" class=\"aligncenter size-full wp-image-8084\" title=\"prensa\" src=\"http:\/\/www.granadablogs.com\/pateandoelmundo\/wp-content\/uploads\/2011\/02\/01.png\" alt=\"\" width=\"300\" height=\"78\" \/><\/a><\/p>\n<p style=\"text-align: justify;\">\u00bfC\u00f3mo ser\u00e1n las cosas, dentro de un tiempo, en esta nuestra Granada? Lo iremos viendo. Y comentando. Pero en otro formato. Es hora de hacer un alto en el camino. Un camino muchas veces excitante y siempre apasionante, el de escribir semanalmente esta columna. Un camino que te obliga a mirar a tu alrededor, a ver lo que pasa, a reflexionar sobre ello y a opinar. A mojarse. Con todo lo que ello implica.<\/p>\n<p style=\"text-align: justify;\">\n<p style=\"text-align: justify;\">Desde esta parcela del peri\u00f3dico he procurado, siempre, decir lo que pienso, pero sin herir o atacar a nadie. Sin dar palos o bofetones, como se suele decir. Si alguna vez alguien se sinti\u00f3 personalmente agraviado por algo que escrib\u00ed, mis m\u00e1s sinceras disculpas. En mi descargo s\u00f3lo puedo decir que fue sin mala intenci\u00f3n.<\/p>\n<p style=\"text-align: justify;\">\n<p style=\"text-align: justify;\">Lo que s\u00ed espero es haber contribuido a generar reflexi\u00f3n, debate y discusi\u00f3n a lo largo de estos a\u00f1os. Y, lo m\u00e1s importante, espero que no se hayan aburrido ustedes leyendo estas columnas. \u00a1Ese s\u00ed que hubiera sido un pecado capital!<\/p>\n<p style=\"text-align: justify;\">\n<figure id=\"attachment_8085\" aria-describedby=\"caption-attachment-8085\" style=\"width: 301px\" class=\"wp-caption aligncenter\"><a href=\"http:\/\/www.granadablogs.com\/pateandoelmundo\/wp-content\/uploads\/2011\/02\/09q.jpg\"><img loading=\"lazy\" decoding=\"async\" class=\"size-full wp-image-8085\" title=\"No quiero verlo\" src=\"http:\/\/www.granadablogs.com\/pateandoelmundo\/wp-content\/uploads\/2011\/02\/09q.jpg\" alt=\"\" width=\"301\" height=\"400\" srcset=\"https:\/\/www.granadablogs.com\/pateandoelmundo\/wp-content\/uploads\/2011\/02\/09q.jpg 301w, https:\/\/www.granadablogs.com\/pateandoelmundo\/wp-content\/uploads\/2011\/02\/09q-225x300.jpg 225w\" sizes=\"auto, (max-width: 301px) 100vw, 301px\" \/><\/a><figcaption id=\"caption-attachment-8085\" class=\"wp-caption-text\">El aburrimiento, ni verlo quiero<\/figcaption><\/figure>\n<p style=\"text-align: justify;\">Muchas gracias por su fidelidad. Por las veces que, al vernos, han tenido una palabra amable y divertida, recordando alguna de las cosas que hemos escrito. Por los cari\u00f1osos tirones de oreja, cuando no hemos estado de acuerdo en algo. Por los intercambios de pareceres y opiniones, a cuenta de los distintos temas sobre los que hemos escrito. Porque de eso se trata: agitar las neuronas, provocar conversaciones, generar opini\u00f3n.<\/p>\n<p style=\"text-align: justify;\">\n<p style=\"text-align: justify;\">\u00a1Nos seguimos viendo! Y leyendo.<\/p>\n<p style=\"text-align: justify;\">\n<p style=\"text-align: justify;\">Jes\u00fas Lens Espinosa de los Monteros.<\/p>\n","protected":false},"excerpt":{"rendered":"<p>Habr\u00e1 habido otras columnas emocionantes en IDEAL. Ahora mismo no se me ocurre otra m\u00e1s que \u00e9sta. Solo una palabra: GRACIAS. Seguida de otra m\u00e1s: SEGUIMOS. Ayer volv\u00ed a casa en el AVE. \u00a1Espectacular, la vista de la Sierra desde el mirador de la estaci\u00f3n de Moneo! Pocas ocasiones como \u00e9sta de ver la cara [&hellip;]<\/p>\n","protected":false},"author":1,"featured_media":0,"comment_status":"open","ping_status":"open","sticky":false,"template":"","format":"standard","meta":{"jetpack_post_was_ever_published":false,"_jetpack_newsletter_access":"","_jetpack_dont_email_post_to_subs":false,"_jetpack_newsletter_tier_id":0,"_jetpack_memberships_contains_paywalled_content":false,"_jetpack_memberships_contains_paid_content":false,"footnotes":""},"categories":[6],"tags":[2087,4304,4303,89],"class_list":["post-8082","post","type-post","status-publish","format-standard","hentry","category-opinion","tag-adios","tag-despedida","tag-despedida-sin-cierre","tag-ideal"],"jetpack_featured_media_url":"","jetpack_sharing_enabled":true,"_links":{"self":[{"href":"https:\/\/www.granadablogs.com\/pateandoelmundo\/wp-json\/wp\/v2\/posts\/8082","targetHints":{"allow":["GET"]}}],"collection":[{"href":"https:\/\/www.granadablogs.com\/pateandoelmundo\/wp-json\/wp\/v2\/posts"}],"about":[{"href":"https:\/\/www.granadablogs.com\/pateandoelmundo\/wp-json\/wp\/v2\/types\/post"}],"author":[{"embeddable":true,"href":"https:\/\/www.granadablogs.com\/pateandoelmundo\/wp-json\/wp\/v2\/users\/1"}],"replies":[{"embeddable":true,"href":"https:\/\/www.granadablogs.com\/pateandoelmundo\/wp-json\/wp\/v2\/comments?post=8082"}],"version-history":[{"count":1,"href":"https:\/\/www.granadablogs.com\/pateandoelmundo\/wp-json\/wp\/v2\/posts\/8082\/revisions"}],"predecessor-version":[{"id":8086,"href":"https:\/\/www.granadablogs.com\/pateandoelmundo\/wp-json\/wp\/v2\/posts\/8082\/revisions\/8086"}],"wp:attachment":[{"href":"https:\/\/www.granadablogs.com\/pateandoelmundo\/wp-json\/wp\/v2\/media?parent=8082"}],"wp:term":[{"taxonomy":"category","embeddable":true,"href":"https:\/\/www.granadablogs.com\/pateandoelmundo\/wp-json\/wp\/v2\/categories?post=8082"},{"taxonomy":"post_tag","embeddable":true,"href":"https:\/\/www.granadablogs.com\/pateandoelmundo\/wp-json\/wp\/v2\/tags?post=8082"}],"curies":[{"name":"wp","href":"https:\/\/api.w.org\/{rel}","templated":true}]}}