{"id":7945,"date":"2011-01-13T23:29:55","date_gmt":"2011-01-13T21:29:55","guid":{"rendered":"http:\/\/www.granadablogs.com\/pateandoelmundo\/?p=7945"},"modified":"2011-01-13T23:29:55","modified_gmt":"2011-01-13T21:29:55","slug":"mediocridad","status":"publish","type":"post","link":"https:\/\/www.granadablogs.com\/pateandoelmundo\/mediocridad\/","title":{"rendered":"MEDIOCRIDAD"},"content":{"rendered":"<p style=\"text-align: justify;\"><em>El martes, en este mismo espacio, Gregorio Morales criticaba la Obra Social de CajaGRANADA. No es la primera vez que lo hac\u00eda. Ni la segunda. Ni la tercera. Al no compartir sus argumentos y con todo respeto, hoy, en la columna de IDEAL, hablamos de ello\u2026<\/em><\/p>\n<p style=\"text-align: justify;\">\n<p style=\"text-align: justify;\">\n<p style=\"text-align: justify;\">Me ha gustado mucho el comentario del presidente de los empresarios granadinos, diciendo que mucho se teme que el debate sobre la estaci\u00f3n del AVE sea pol\u00edtico y no t\u00e9cnico. \u00a1Faltar\u00eda m\u00e1s! La gran tragedia de Granada es que todos los debates, de haberlos, siempre se plantean desde posiciones partidistas aprior\u00edsticas. Y as\u00ed nos va. Porque en ese tipo de debates, de lo que se trata, es de desacreditar al contrario. De empeque\u00f1ecer. De destruir.<\/p>\n<p style=\"text-align: justify;\">\n<figure id=\"attachment_7946\" aria-describedby=\"caption-attachment-7946\" style=\"width: 261px\" class=\"wp-caption aligncenter\"><a href=\"http:\/\/www.granadablogs.com\/pateandoelmundo\/wp-content\/uploads\/2011\/01\/09\u00f15.jpg\"><img loading=\"lazy\" decoding=\"async\" class=\"size-full wp-image-7946\" title=\"Mediocridad\" src=\"http:\/\/www.granadablogs.com\/pateandoelmundo\/wp-content\/uploads\/2011\/01\/09\u00f15.jpg\" alt=\"\" width=\"261\" height=\"320\" srcset=\"https:\/\/www.granadablogs.com\/pateandoelmundo\/wp-content\/uploads\/2011\/01\/09\u00f15.jpg 261w, https:\/\/www.granadablogs.com\/pateandoelmundo\/wp-content\/uploads\/2011\/01\/09\u00f15-244x300.jpg 244w\" sizes=\"auto, (max-width: 261px) 100vw, 261px\" \/><\/a><figcaption id=\"caption-attachment-7946\" class=\"wp-caption-text\">\u00a1Pecado mortal, carallo!<\/figcaption><\/figure>\n<p style=\"text-align: justify;\">Lo que me recuerda al c\u00e9lebre proverbio chino, tan cargado de mala foll\u00e1 que podr\u00eda haber sido discurrido en la mism\u00edsima Puerta Real: <strong><em>\u201cEl clavo que sobresale siempre recibe un martillazo\u201d<\/em><\/strong>. \u00bfSer\u00e1 por eso que Granada es pr\u00f3diga en fuga de talentos, cerebros y artistas?<\/p>\n<p style=\"text-align: justify;\">\n<p style=\"text-align: justify;\">Le\u00eda el martes la columna de Gregorio Morales en la que criticaba la propuesta de Jara de que la Obra Social de CajaGRANADA ofrezca eventos culturales significativos y que llamen la atenci\u00f3n, denunciando que este tipo de cultura es m\u00e1s espect\u00e1culo que otra cosa. Para Morales, la Obra Social deber\u00eda potenciar la base, la cantera, subvencionando revistas y libros.<\/p>\n<p style=\"text-align: justify;\">\n<p style=\"text-align: justify;\">Por supuesto, la Obra Social debe colaborar a desarrollar un tejido cultural de base. \u00a1Exactamente como lo viene haciendo en sus m\u00e1s de cien a\u00f1os de historia! Pensemos qu\u00e9 ser\u00eda de la cultura de Granada, de la cultura de barrio y andar por casa, si no existiera la Caja. Y de la cultura en los pueblos, tambi\u00e9n. Y del deporte. Y de la ecolog\u00eda. Y del patrimonio hist\u00f3rico-art\u00edstico. Que no s\u00f3lo de letras vive el hombre.<\/p>\n<p style=\"text-align: justify;\">\n<figure id=\"attachment_7948\" aria-describedby=\"caption-attachment-7948\" style=\"width: 300px\" class=\"wp-caption aligncenter\"><a href=\"http:\/\/www.granadablogs.com\/pateandoelmundo\/wp-content\/uploads\/2011\/01\/09q6.jpg\"><img loading=\"lazy\" decoding=\"async\" class=\"size-medium wp-image-7948\" title=\"Cultura de base\" src=\"http:\/\/www.granadablogs.com\/pateandoelmundo\/wp-content\/uploads\/2011\/01\/09q6-300x205.jpg\" alt=\"\" width=\"300\" height=\"205\" srcset=\"https:\/\/www.granadablogs.com\/pateandoelmundo\/wp-content\/uploads\/2011\/01\/09q6-300x205.jpg 300w, https:\/\/www.granadablogs.com\/pateandoelmundo\/wp-content\/uploads\/2011\/01\/09q6.jpg 1000w\" sizes=\"auto, (max-width: 300px) 100vw, 300px\" \/><\/a><figcaption id=\"caption-attachment-7948\" class=\"wp-caption-text\">Obra Social, construyendo desde la base<\/figcaption><\/figure>\n<p style=\"text-align: justify;\">Pero renunciar al espect\u00e1culo, renunciar a los grandes nombres y a los grandes eventos, no s\u00f3lo es defender la mediocridad y la cortedad de miras sino que es echar cemento en los pies de esos j\u00f3venes que empiezan a sentirse interesados  por el arte, sepultando sus anhelos, esperanzas e ilusiones. \u00bfOs acord\u00e1is de Indurain, galopando sobre su bici, por los Alpes y los Pirineos? Al rebufo del Tour televisado, en cuanto Miguel\u00f3n se enfundaba el maillot amarillo, miles de aficionados nos ech\u00e1bamos a la carretera, a emular sus haza\u00f1as. Y Joakim Noah juega con los Bulls de Chicago porque, siendo ni\u00f1o, su padre le llev\u00f3 a ver un partido de Michael Jordan, como ya contamos <a href=\"http:\/\/www.granadablogs.com\/pateandoelmundo\/2010\/10\/film-in-granada\/\">AQU\u00cd<\/a>.<\/p>\n<p style=\"text-align: justify;\">\n<p style=\"text-align: justify;\">M\u00e1s ejemplos: Paz es m\u00fasico porque, de ni\u00f1a, fue con su colegio a Madrid, a ver \u201cLos miserables\u201d, y qued\u00f3 alucinada con dicho musical. Y, por mi parte, fue escuchando a los maestros Miles Davis y Oscar Peterson que descubr\u00ed el jazz y, desde entonces, me gasto mis buenos cuartos en discos, conciertos y garitos en que suena swing, be-bop y free jazz.<\/p>\n<p style=\"text-align: justify;\">\n<figure id=\"attachment_7949\" aria-describedby=\"caption-attachment-7949\" style=\"width: 300px\" class=\"wp-caption aligncenter\"><a href=\"http:\/\/www.granadablogs.com\/pateandoelmundo\/wp-content\/uploads\/2011\/01\/09o5.jpg\"><img loading=\"lazy\" decoding=\"async\" class=\"size-medium wp-image-7949\" title=\"Conformismo\" src=\"http:\/\/www.granadablogs.com\/pateandoelmundo\/wp-content\/uploads\/2011\/01\/09o5-300x78.jpg\" alt=\"\" width=\"300\" height=\"78\" srcset=\"https:\/\/www.granadablogs.com\/pateandoelmundo\/wp-content\/uploads\/2011\/01\/09o5-300x78.jpg 300w, https:\/\/www.granadablogs.com\/pateandoelmundo\/wp-content\/uploads\/2011\/01\/09o5.jpg 865w\" sizes=\"auto, (max-width: 300px) 100vw, 300px\" \/><\/a><figcaption id=\"caption-attachment-7949\" class=\"wp-caption-text\">Ser conformistas, es lo que tiene<\/figcaption><\/figure>\n<p style=\"text-align: justify;\">Para fomentar la base, es esencial que haya espejos en los que los j\u00f3venes puedan mirarse y los mejores espejos granadinos, por desgracia, lucen en Par\u00eds, Nueva York, Madrid&#8230; De haberse quedado aqu\u00ed, seguramente estar\u00edan hechos a\u00f1icos, apedreados.<\/p>\n<p style=\"text-align: justify;\">\n<p style=\"text-align: justify;\">Jes\u00fas Lens Espinosa de los Monteros.<\/p>\n","protected":false},"excerpt":{"rendered":"<p>El martes, en este mismo espacio, Gregorio Morales criticaba la Obra Social de CajaGRANADA. No es la primera vez que lo hac\u00eda. Ni la segunda. Ni la tercera. Al no compartir sus argumentos y con todo respeto, hoy, en la columna de IDEAL, hablamos de ello\u2026 Me ha gustado mucho el comentario del presidente de [&hellip;]<\/p>\n","protected":false},"author":1,"featured_media":0,"comment_status":"open","ping_status":"open","sticky":false,"template":"","format":"standard","meta":{"jetpack_post_was_ever_published":false,"_jetpack_newsletter_access":"","_jetpack_dont_email_post_to_subs":false,"_jetpack_newsletter_tier_id":0,"_jetpack_memberships_contains_paywalled_content":false,"_jetpack_memberships_contains_paid_content":false,"footnotes":""},"categories":[6],"tags":[4207,1185,4206,3744,92,975,1080,2543],"class_list":["post-7945","post","type-post","status-publish","format-standard","hentry","category-opinion","tag-antonio-munoz-molina","tag-cultura","tag-gregorio-morales","tag-joakim-noah","tag-luis-garcia-montero","tag-mediocridad","tag-obra-social","tag-obra-social-cajagranada"],"jetpack_featured_media_url":"","jetpack_sharing_enabled":true,"_links":{"self":[{"href":"https:\/\/www.granadablogs.com\/pateandoelmundo\/wp-json\/wp\/v2\/posts\/7945","targetHints":{"allow":["GET"]}}],"collection":[{"href":"https:\/\/www.granadablogs.com\/pateandoelmundo\/wp-json\/wp\/v2\/posts"}],"about":[{"href":"https:\/\/www.granadablogs.com\/pateandoelmundo\/wp-json\/wp\/v2\/types\/post"}],"author":[{"embeddable":true,"href":"https:\/\/www.granadablogs.com\/pateandoelmundo\/wp-json\/wp\/v2\/users\/1"}],"replies":[{"embeddable":true,"href":"https:\/\/www.granadablogs.com\/pateandoelmundo\/wp-json\/wp\/v2\/comments?post=7945"}],"version-history":[{"count":1,"href":"https:\/\/www.granadablogs.com\/pateandoelmundo\/wp-json\/wp\/v2\/posts\/7945\/revisions"}],"predecessor-version":[{"id":7950,"href":"https:\/\/www.granadablogs.com\/pateandoelmundo\/wp-json\/wp\/v2\/posts\/7945\/revisions\/7950"}],"wp:attachment":[{"href":"https:\/\/www.granadablogs.com\/pateandoelmundo\/wp-json\/wp\/v2\/media?parent=7945"}],"wp:term":[{"taxonomy":"category","embeddable":true,"href":"https:\/\/www.granadablogs.com\/pateandoelmundo\/wp-json\/wp\/v2\/categories?post=7945"},{"taxonomy":"post_tag","embeddable":true,"href":"https:\/\/www.granadablogs.com\/pateandoelmundo\/wp-json\/wp\/v2\/tags?post=7945"}],"curies":[{"name":"wp","href":"https:\/\/api.w.org\/{rel}","templated":true}]}}