{"id":789,"date":"2008-12-17T06:11:44","date_gmt":"2008-12-17T05:11:44","guid":{"rendered":"http:\/\/www.granadablogs.com\/pateandoelmundo\/?p=789"},"modified":"2008-12-17T09:37:02","modified_gmt":"2008-12-17T08:37:02","slug":"cuaversos-%c2%bfquienes-son-las-protagonistas","status":"publish","type":"post","link":"https:\/\/www.granadablogs.com\/pateandoelmundo\/cuaversos-%c2%bfquienes-son-las-protagonistas\/","title":{"rendered":"CUAVERSOS \u00bfQUI\u00c9NES SON LAS PROTAGONISTAS?"},"content":{"rendered":"<p style=\"text-align: justify;\"><em>Luego creo que me atrever\u00e9 a subir un abominable intento de Haiku que escrib\u00ed el otro d\u00eda. O quiz\u00e1 no. Pero ahora os dejo con estos versos de \u00e9l. El m\u00e1s deseado. La persona que ha convertido a los mi\u00e9rcoles en el d\u00eda m\u00e1s esperado para los seguidores de esta Bit\u00e1cora.<\/em><\/p>\n<p style=\"text-align: justify;\"><em>\u00a0<\/em><\/p>\n<p style=\"text-align: justify;\"><em>Ignacio, que nos habla sobre ellas&#8230; \u00bfqui\u00e9nes? Tras <a href=\"http:\/\/www.granadablogs.com\/pateandoelmundo\/?p=542\"><span style=\"color: #ff0000;\"><strong>los versos dedicados a Julia <\/strong><\/span><\/a>y los referidos al <a href=\"http:\/\/www.granadablogs.com\/pateandoelmundo\/?p=699\"><span style=\"color: #ff0000;\"><strong>dolor y la derrota<\/strong><\/span><\/a>, hoy las protagonistas son ellas. \u00bfQui\u00e9nes? \u00bfDe qui\u00e9nes piensas que habla Ignacio en esta entrega de los Cuaversos?<\/em><\/p>\n<p>\u00a0<\/p>\n<p><strong>Cuando cautivaron nuestras vidas<\/strong><\/p>\n<p><strong>llevaban pinturas de guerra en sus rostros<\/strong><\/p>\n<p><strong>y todas admiraban a alg\u00fan cantante ingl\u00e9s.<\/strong><\/p>\n<p><strong>Les gustaba la nieve, el mes de febrero<\/strong><\/p>\n<p><strong>y los a\u00f1os impares, pero tambi\u00e9n el mar,<\/strong><\/p>\n<p><strong>las playas y los bikinis.<\/strong><\/p>\n<p><strong>Y sobre todo, llamar la atenci\u00f3n,<\/strong><\/p>\n<p><strong>eso s\u00ed, sin querer.<\/strong><\/p>\n<p><strong>A veces se pon\u00edan un poco tristes<\/strong><\/p>\n<p><strong>con un ramo de lluvia entre sus manos<\/strong><\/p>\n<p><strong>como a la espera de una fotograf\u00eda.<\/strong><\/p>\n<p><strong>Buscaban -sin saberlo- la imperfecci\u00f3n de la hermosura,<\/strong><\/p>\n<p><strong>los labios con aristas,<\/strong><\/p>\n<p><strong>los besos que se consum\u00edan de anhelo en nuestras lenguas.<\/strong><\/p>\n<p><strong>Aguardaban la madurez lejana<\/strong><\/p>\n<p><strong>en que resultar\u00eda tan f\u00e1cil ser mujeres&#8230;<\/strong><\/p>\n<p><strong>porque la madurez era entonces, tan s\u00f3lo, una palabra.<\/strong><\/p>\n<p><strong>Las primeras que recorrieron nuestras vidas<\/strong><\/p>\n<p><strong>se fueron disolviendo en la nostalgia<\/strong><\/p>\n<p><strong>y volvieron a surgir alg\u00fan tiempo despu\u00e9s,<\/strong><\/p>\n<p><strong>creciendo en la clausura de otros labios,<\/strong><\/p>\n<p><strong>existiendo en unos ojos ajenos,<\/strong><\/p>\n<p><strong>despertando en el molde de unos cuerpos<\/strong><\/p>\n<p><strong>que ya, no eran los nuestros.<\/strong><\/p>\n<p><strong>Mientras, las cenizas de tardes sucedidas<\/strong><\/p>\n<p><strong>se extingu\u00edan entre los dedos no tocados<\/strong><\/p>\n<p><strong>pero ahora, sin la tenaz urgencia del deseo,<\/strong><\/p>\n<p><strong>sin la m\u00ednima voracidad de la costumbre.<\/strong><\/p>\n<p><strong>Y ya no nos queda m\u00e1s asidero que la melancol\u00eda<\/strong><\/p>\n<p><strong>ni m\u00e1s inminencia que el olvido.<\/strong><\/p>\n<p><strong>Pues no debemos tener derecho a que nos duela<\/strong><\/p>\n<p><strong>aquello que no nos pertenece<\/strong><\/p>\n<p><strong>o lo que tal vez jam\u00e1s pudo ser nuestro.<\/strong><\/p>\n<p><strong>O no&#8230;<\/strong><\/p>\n","protected":false},"excerpt":{"rendered":"<p>Luego creo que me atrever\u00e9 a subir un abominable intento de Haiku que escrib\u00ed el otro d\u00eda. O quiz\u00e1 no. Pero ahora os dejo con estos versos de \u00e9l. El m\u00e1s deseado. La persona que ha convertido a los mi\u00e9rcoles en el d\u00eda m\u00e1s esperado para los seguidores de esta Bit\u00e1cora. \u00a0 Ignacio, que nos [&hellip;]<\/p>\n","protected":false},"author":1,"featured_media":0,"comment_status":"open","ping_status":"open","sticky":false,"template":"","format":"standard","meta":{"jetpack_post_was_ever_published":false,"_jetpack_newsletter_access":"","_jetpack_dont_email_post_to_subs":false,"_jetpack_newsletter_tier_id":0,"_jetpack_memberships_contains_paywalled_content":false,"_jetpack_memberships_contains_paid_content":false,"footnotes":""},"categories":[39],"tags":[43,206,155,67,44],"class_list":["post-789","post","type-post","status-publish","format-standard","hentry","category-cuaversos-de-bitacora","tag-cuaversos","tag-cuaversos-de-bitacora","tag-ignacio","tag-literatura","tag-poesia"],"jetpack_featured_media_url":"","jetpack_sharing_enabled":true,"_links":{"self":[{"href":"https:\/\/www.granadablogs.com\/pateandoelmundo\/wp-json\/wp\/v2\/posts\/789","targetHints":{"allow":["GET"]}}],"collection":[{"href":"https:\/\/www.granadablogs.com\/pateandoelmundo\/wp-json\/wp\/v2\/posts"}],"about":[{"href":"https:\/\/www.granadablogs.com\/pateandoelmundo\/wp-json\/wp\/v2\/types\/post"}],"author":[{"embeddable":true,"href":"https:\/\/www.granadablogs.com\/pateandoelmundo\/wp-json\/wp\/v2\/users\/1"}],"replies":[{"embeddable":true,"href":"https:\/\/www.granadablogs.com\/pateandoelmundo\/wp-json\/wp\/v2\/comments?post=789"}],"version-history":[{"count":2,"href":"https:\/\/www.granadablogs.com\/pateandoelmundo\/wp-json\/wp\/v2\/posts\/789\/revisions"}],"predecessor-version":[{"id":791,"href":"https:\/\/www.granadablogs.com\/pateandoelmundo\/wp-json\/wp\/v2\/posts\/789\/revisions\/791"}],"wp:attachment":[{"href":"https:\/\/www.granadablogs.com\/pateandoelmundo\/wp-json\/wp\/v2\/media?parent=789"}],"wp:term":[{"taxonomy":"category","embeddable":true,"href":"https:\/\/www.granadablogs.com\/pateandoelmundo\/wp-json\/wp\/v2\/categories?post=789"},{"taxonomy":"post_tag","embeddable":true,"href":"https:\/\/www.granadablogs.com\/pateandoelmundo\/wp-json\/wp\/v2\/tags?post=789"}],"curies":[{"name":"wp","href":"https:\/\/api.w.org\/{rel}","templated":true}]}}