{"id":7659,"date":"2010-12-09T00:12:53","date_gmt":"2010-12-08T22:12:53","guid":{"rendered":"http:\/\/www.granadablogs.com\/pateandoelmundo\/?p=7659"},"modified":"2010-12-09T00:50:11","modified_gmt":"2010-12-08T22:50:11","slug":"proyectos-locuras-imagenes","status":"publish","type":"post","link":"https:\/\/www.granadablogs.com\/pateandoelmundo\/proyectos-locuras-imagenes\/","title":{"rendered":"PROYECTOS, LOCURAS, IM\u00c1GENES"},"content":{"rendered":"<p style=\"text-align: justify;\">Estoy seguro de que varios de vosotros sabr\u00e9is qu\u00e9 representa la imagen que reproduzco a continuaci\u00f3n.<\/p>\n<p style=\"text-align: justify;\">\n<figure id=\"attachment_7660\" aria-describedby=\"caption-attachment-7660\" style=\"width: 300px\" class=\"wp-caption aligncenter\"><a href=\"http:\/\/www.granadablogs.com\/pateandoelmundo\/wp-content\/uploads\/2010\/12\/09k5.jpg\"><img loading=\"lazy\" decoding=\"async\" class=\"size-medium wp-image-7660\" title=\"Mart\u00edn Favelis\" src=\"http:\/\/www.granadablogs.com\/pateandoelmundo\/wp-content\/uploads\/2010\/12\/09k5-300x233.jpg\" alt=\"\" width=\"300\" height=\"233\" srcset=\"https:\/\/www.granadablogs.com\/pateandoelmundo\/wp-content\/uploads\/2010\/12\/09k5-300x233.jpg 300w, https:\/\/www.granadablogs.com\/pateandoelmundo\/wp-content\/uploads\/2010\/12\/09k5-1024x796.jpg 1024w\" sizes=\"auto, (max-width: 300px) 100vw, 300px\" \/><\/a><figcaption id=\"caption-attachment-7660\" class=\"wp-caption-text\">\u00bfQui\u00e9n es, c\u00f3mo se llama, qu\u00e9 hace y por qu\u00e9?<\/figcaption><\/figure>\n<p style=\"text-align: justify;\">Lo que quiz\u00e1 os cueste un poco m\u00e1s de trabajo adivinar es qui\u00e9n es su autor y qu\u00e9 sentido final tiene.<\/p>\n<p style=\"text-align: justify;\">\n<p style=\"text-align: justify;\">Lo del sentido (o falta de) lo dejaremos pendiente y ya resolveremos la cuesti\u00f3n m\u00e1s adelante.<\/p>\n<p style=\"text-align: justify;\">\n<p style=\"text-align: justify;\">As\u00ed que, hablemos del artista.<\/p>\n<p style=\"text-align: justify;\">\n<p style=\"text-align: justify;\">Y el artista es, ni m\u00e1s menos, que el mismo que dise\u00f1\u00f3 mi tarjeta personal, esa con la que voy fardando por ah\u00ed.<\/p>\n<p style=\"text-align: justify;\">\n<figure id=\"attachment_7661\" aria-describedby=\"caption-attachment-7661\" style=\"width: 300px\" class=\"wp-caption aligncenter\"><a href=\"http:\/\/www.granadablogs.com\/pateandoelmundo\/wp-content\/uploads\/2010\/12\/Tarjeta-Lens-Baja.jpg\"><img loading=\"lazy\" decoding=\"async\" class=\"size-medium wp-image-7661\" title=\"Tarjeta Lens Baja\" src=\"http:\/\/www.granadablogs.com\/pateandoelmundo\/wp-content\/uploads\/2010\/12\/Tarjeta-Lens-Baja-300x200.jpg\" alt=\"\" width=\"300\" height=\"200\" srcset=\"https:\/\/www.granadablogs.com\/pateandoelmundo\/wp-content\/uploads\/2010\/12\/Tarjeta-Lens-Baja-300x200.jpg 300w, https:\/\/www.granadablogs.com\/pateandoelmundo\/wp-content\/uploads\/2010\/12\/Tarjeta-Lens-Baja.jpg 579w\" sizes=\"auto, (max-width: 300px) 100vw, 300px\" \/><\/a><figcaption id=\"caption-attachment-7661\" class=\"wp-caption-text\">Ces&#39;t moi<\/figcaption><\/figure>\n<p style=\"text-align: justify;\"><a href=\"http:\/\/lacomunidad.elpais.com\/martinfavelis\/posts\"><strong>Mart\u00edn Favelis<\/strong><\/a>, o sea.<\/p>\n<p style=\"text-align: justify;\">\n<p style=\"text-align: justify;\">De cuando en vez, Mart\u00edn se desliza por esta pantalla. Unas veces, como el pasado viernes, porque <a href=\"http:\/\/www.granadablogs.com\/pateandoelmundo\/2010\/12\/espana-estado-de-alarma\/\">estuvimos escuch\u00e1ndole en su faceta de pianista<\/a>.<\/p>\n<p style=\"text-align: justify;\">\n<p style=\"text-align: justify;\">Otras, porque presenta uno de <a href=\"http:\/\/www.granadablogs.com\/pateandoelmundo\/2010\/03\/el-jueves-de-favelis\/\">sus libros de vi\u00f1etas<\/a>.<\/p>\n<p style=\"text-align: justify;\">\n<p style=\"text-align: justify;\">O porque le hacemos encargos personales, \u00fanicos, intransferibles.<\/p>\n<p style=\"text-align: justify;\">\n<p style=\"text-align: justify;\">Como las im\u00e1genes que jalonan este texto, las \u201cdescartadas\u201d, como las llamamos Mart\u00edn y yo, no teniendo dudas sobre a qui\u00e9n acudir para poner en marcha el nuevo proyecto del que ya hablaremos. Pronto. Muy pronto.<\/p>\n<p style=\"text-align: justify;\">\n<figure id=\"attachment_7662\" aria-describedby=\"caption-attachment-7662\" style=\"width: 300px\" class=\"wp-caption aligncenter\"><a href=\"http:\/\/www.granadablogs.com\/pateandoelmundo\/wp-content\/uploads\/2010\/12\/09J4.jpg\"><img loading=\"lazy\" decoding=\"async\" class=\"size-medium wp-image-7662\" title=\"Mart\u00edn Favelis\" src=\"http:\/\/www.granadablogs.com\/pateandoelmundo\/wp-content\/uploads\/2010\/12\/09J4-300x283.jpg\" alt=\"\" width=\"300\" height=\"283\" srcset=\"https:\/\/www.granadablogs.com\/pateandoelmundo\/wp-content\/uploads\/2010\/12\/09J4-300x283.jpg 300w, https:\/\/www.granadablogs.com\/pateandoelmundo\/wp-content\/uploads\/2010\/12\/09J4.jpg 848w\" sizes=\"auto, (max-width: 300px) 100vw, 300px\" \/><\/a><figcaption id=\"caption-attachment-7662\" class=\"wp-caption-text\">\u00bfTodav\u00eda no lo sabes?<\/figcaption><\/figure>\n<p style=\"text-align: justify;\">As\u00ed que, ya sab\u00e9is. Si quer\u00e9is escuchar buena m\u00fasica, dejaros caer por \u201cEl Gato Mont\u00e9s\u201d.<\/p>\n<p style=\"text-align: justify;\">\n<p style=\"text-align: justify;\">Si quer\u00e9is re\u00edr, aunque la risa deje un poso de amargor, no dej\u00e9is de seguir el trabajo gr\u00e1fico de Mart\u00edn.<\/p>\n<p style=\"text-align: justify;\">\n<p style=\"text-align: justify;\">Y si quer\u00e9is im\u00e1genes personalizadas, diferentes y chul\u00edsimas, pues hablad con Mart\u00edn.  Llegu\u00e9is o no a un acuerdo, la experiencia merecer\u00e1 la pena. S\u00ed o tambi\u00e9n.<\/p>\n<p style=\"text-align: justify;\">\n<p style=\"text-align: justify;\">Jes\u00fas <strong><em>Martiniano<\/em><\/strong> Lens<\/p>\n","protected":false},"excerpt":{"rendered":"<p>Estoy seguro de que varios de vosotros sabr\u00e9is qu\u00e9 representa la imagen que reproduzco a continuaci\u00f3n. Lo que quiz\u00e1 os cueste un poco m\u00e1s de trabajo adivinar es qui\u00e9n es su autor y qu\u00e9 sentido final tiene. Lo del sentido (o falta de) lo dejaremos pendiente y ya resolveremos la cuesti\u00f3n m\u00e1s adelante. As\u00ed que, [&hellip;]<\/p>\n","protected":false},"author":1,"featured_media":0,"comment_status":"open","ping_status":"open","sticky":false,"template":"","format":"standard","meta":{"jetpack_post_was_ever_published":false,"_jetpack_newsletter_access":"","_jetpack_dont_email_post_to_subs":false,"_jetpack_newsletter_tier_id":0,"_jetpack_memberships_contains_paywalled_content":false,"_jetpack_memberships_contains_paid_content":false,"footnotes":""},"categories":[1],"tags":[],"class_list":["post-7659","post","type-post","status-publish","format-standard","hentry","category-general"],"jetpack_featured_media_url":"","jetpack_sharing_enabled":true,"_links":{"self":[{"href":"https:\/\/www.granadablogs.com\/pateandoelmundo\/wp-json\/wp\/v2\/posts\/7659","targetHints":{"allow":["GET"]}}],"collection":[{"href":"https:\/\/www.granadablogs.com\/pateandoelmundo\/wp-json\/wp\/v2\/posts"}],"about":[{"href":"https:\/\/www.granadablogs.com\/pateandoelmundo\/wp-json\/wp\/v2\/types\/post"}],"author":[{"embeddable":true,"href":"https:\/\/www.granadablogs.com\/pateandoelmundo\/wp-json\/wp\/v2\/users\/1"}],"replies":[{"embeddable":true,"href":"https:\/\/www.granadablogs.com\/pateandoelmundo\/wp-json\/wp\/v2\/comments?post=7659"}],"version-history":[{"count":2,"href":"https:\/\/www.granadablogs.com\/pateandoelmundo\/wp-json\/wp\/v2\/posts\/7659\/revisions"}],"predecessor-version":[{"id":7664,"href":"https:\/\/www.granadablogs.com\/pateandoelmundo\/wp-json\/wp\/v2\/posts\/7659\/revisions\/7664"}],"wp:attachment":[{"href":"https:\/\/www.granadablogs.com\/pateandoelmundo\/wp-json\/wp\/v2\/media?parent=7659"}],"wp:term":[{"taxonomy":"category","embeddable":true,"href":"https:\/\/www.granadablogs.com\/pateandoelmundo\/wp-json\/wp\/v2\/categories?post=7659"},{"taxonomy":"post_tag","embeddable":true,"href":"https:\/\/www.granadablogs.com\/pateandoelmundo\/wp-json\/wp\/v2\/tags?post=7659"}],"curies":[{"name":"wp","href":"https:\/\/api.w.org\/{rel}","templated":true}]}}