{"id":7474,"date":"2010-11-18T20:44:34","date_gmt":"2010-11-18T18:44:34","guid":{"rendered":"http:\/\/www.granadablogs.com\/pateandoelmundo\/?p=7474"},"modified":"2010-11-18T20:44:34","modified_gmt":"2010-11-18T18:44:34","slug":"%c2%a1big-band","status":"publish","type":"post","link":"https:\/\/www.granadablogs.com\/pateandoelmundo\/%c2%a1big-band\/","title":{"rendered":"\u00a1BIG BAND!"},"content":{"rendered":"<p style=\"text-align: justify;\">Amigos, ayer no pude ir al concierto de la Big Band de Granada. Me qued\u00e9 con todas las ganas, pero no pudo ser. Menos mal que nuestro amigo Rafa Marfil nos cuenta con todo lujo de detalles una velada extraordinaria, como pod\u00e9is leer <a href=\"http:\/\/granadablogs.com\/bluenoirclubdejazz\/2010\/11\/18\/carino-humedad-y-maestria\/\">aqu\u00ed<\/a>.<\/p>\n<p style=\"text-align: justify;\">\n<p style=\"text-align: justify;\">Un consejo: siempre que ve\u00e1is que act\u00faa la Big Band de Granada, ni lo pens\u00e9is ni lo dud\u00e9is: tiraros de cabeza.<\/p>\n<p style=\"text-align: justify;\">\n<p style=\"text-align: justify;\">Nunca fallan.<\/p>\n<p style=\"text-align: justify;\">\n<p style=\"text-align: justify;\">Y hoy s\u00ed. Hoy vamos a Parkerland como pre\u00e1mbulo a las dos guindas que a\u00fan le quedan al Festival de jazz de Granada: Chano Dom\u00ednguez y Esperanza Spalding.<\/p>\n<p style=\"text-align: justify;\">\n<p style=\"text-align: justify;\">Hablamos.<\/p>\n<p style=\"text-align: justify;\">\n<p style=\"text-align: justify;\">Jes\u00fas Lens.<\/p>\n","protected":false},"excerpt":{"rendered":"<p>Amigos, ayer no pude ir al concierto de la Big Band de Granada. Me qued\u00e9 con todas las ganas, pero no pudo ser. Menos mal que nuestro amigo Rafa Marfil nos cuenta con todo lujo de detalles una velada extraordinaria, como pod\u00e9is leer aqu\u00ed. Un consejo: siempre que ve\u00e1is que act\u00faa la Big Band de [&hellip;]<\/p>\n","protected":false},"author":1,"featured_media":0,"comment_status":"open","ping_status":"open","sticky":false,"template":"","format":"standard","meta":{"jetpack_post_was_ever_published":false,"_jetpack_newsletter_access":"","_jetpack_dont_email_post_to_subs":false,"_jetpack_newsletter_tier_id":0,"_jetpack_memberships_contains_paywalled_content":false,"_jetpack_memberships_contains_paid_content":false,"footnotes":""},"categories":[17],"tags":[3886,1436,3872,3887,117,17],"class_list":["post-7474","post","type-post","status-publish","format-standard","hentry","category-musica","tag-big-band","tag-conciertos","tag-festival-de-jazz-de-granada","tag-granada-big-band","tag-jazz","tag-musica"],"jetpack_featured_media_url":"","jetpack_sharing_enabled":true,"_links":{"self":[{"href":"https:\/\/www.granadablogs.com\/pateandoelmundo\/wp-json\/wp\/v2\/posts\/7474","targetHints":{"allow":["GET"]}}],"collection":[{"href":"https:\/\/www.granadablogs.com\/pateandoelmundo\/wp-json\/wp\/v2\/posts"}],"about":[{"href":"https:\/\/www.granadablogs.com\/pateandoelmundo\/wp-json\/wp\/v2\/types\/post"}],"author":[{"embeddable":true,"href":"https:\/\/www.granadablogs.com\/pateandoelmundo\/wp-json\/wp\/v2\/users\/1"}],"replies":[{"embeddable":true,"href":"https:\/\/www.granadablogs.com\/pateandoelmundo\/wp-json\/wp\/v2\/comments?post=7474"}],"version-history":[{"count":1,"href":"https:\/\/www.granadablogs.com\/pateandoelmundo\/wp-json\/wp\/v2\/posts\/7474\/revisions"}],"predecessor-version":[{"id":7475,"href":"https:\/\/www.granadablogs.com\/pateandoelmundo\/wp-json\/wp\/v2\/posts\/7474\/revisions\/7475"}],"wp:attachment":[{"href":"https:\/\/www.granadablogs.com\/pateandoelmundo\/wp-json\/wp\/v2\/media?parent=7474"}],"wp:term":[{"taxonomy":"category","embeddable":true,"href":"https:\/\/www.granadablogs.com\/pateandoelmundo\/wp-json\/wp\/v2\/categories?post=7474"},{"taxonomy":"post_tag","embeddable":true,"href":"https:\/\/www.granadablogs.com\/pateandoelmundo\/wp-json\/wp\/v2\/tags?post=7474"}],"curies":[{"name":"wp","href":"https:\/\/api.w.org\/{rel}","templated":true}]}}