{"id":7436,"date":"2010-11-14T20:36:43","date_gmt":"2010-11-14T18:36:43","guid":{"rendered":"http:\/\/www.granadablogs.com\/pateandoelmundo\/?p=7436"},"modified":"2010-11-14T20:36:43","modified_gmt":"2010-11-14T18:36:43","slug":"un-concierto-muy-distinto","status":"publish","type":"post","link":"https:\/\/www.granadablogs.com\/pateandoelmundo\/un-concierto-muy-distinto\/","title":{"rendered":"UN CONCIERTO MUY DISTINTO"},"content":{"rendered":"<p style=\"text-align: justify;\">El del Festival de Jazz del pasado viernes. Distinto, diferente y muy radical. No s\u00e9 si alguien lo vio y qu\u00e9 le pareci\u00f3. Para saber de \u00e9l, hay que venirse <a href=\"http:\/\/granadablogs.com\/bluenoirclubdejazz\/2010\/11\/13\/punk-jazz-e-intimista-ademas\/\">por aqu\u00ed<\/a>, caminito de Blue &amp; Noir jazz club.<\/p>\n<p style=\"text-align: justify;\"><a href=\"http:\/\/www.granadablogs.com\/pateandoelmundo\/wp-content\/uploads\/2010\/11\/041.jpg\"><img loading=\"lazy\" decoding=\"async\" class=\"aligncenter size-medium wp-image-7437\" title=\"Blue &amp; Noir\" src=\"http:\/\/www.granadablogs.com\/pateandoelmundo\/wp-content\/uploads\/2010\/11\/041-300x76.jpg\" alt=\"\" width=\"300\" height=\"76\" srcset=\"https:\/\/www.granadablogs.com\/pateandoelmundo\/wp-content\/uploads\/2010\/11\/041-300x76.jpg 300w, https:\/\/www.granadablogs.com\/pateandoelmundo\/wp-content\/uploads\/2010\/11\/041.jpg 780w\" sizes=\"auto, (max-width: 300px) 100vw, 300px\" \/><\/a><\/p>\n<p style=\"text-align: justify;\">Est\u00e1is en vuestra casa.<\/p>\n<p style=\"text-align: justify;\">\n<p style=\"text-align: justify;\">Jes\u00fas Lens.<\/p>\n","protected":false},"excerpt":{"rendered":"<p>El del Festival de Jazz del pasado viernes. Distinto, diferente y muy radical. No s\u00e9 si alguien lo vio y qu\u00e9 le pareci\u00f3. Para saber de \u00e9l, hay que venirse por aqu\u00ed, caminito de Blue &amp; Noir jazz club. Est\u00e1is en vuestra casa. Jes\u00fas Lens.<\/p>\n","protected":false},"author":1,"featured_media":0,"comment_status":"open","ping_status":"open","sticky":false,"template":"","format":"standard","meta":{"jetpack_post_was_ever_published":false,"_jetpack_newsletter_access":"","_jetpack_dont_email_post_to_subs":false,"_jetpack_newsletter_tier_id":0,"_jetpack_memberships_contains_paywalled_content":false,"_jetpack_memberships_contains_paid_content":false,"footnotes":""},"categories":[29],"tags":[29,1436,117,17],"class_list":["post-7436","post","type-post","status-publish","format-standard","hentry","category-blue-noir","tag-blue-noir","tag-conciertos","tag-jazz","tag-musica"],"jetpack_featured_media_url":"","jetpack_sharing_enabled":true,"_links":{"self":[{"href":"https:\/\/www.granadablogs.com\/pateandoelmundo\/wp-json\/wp\/v2\/posts\/7436","targetHints":{"allow":["GET"]}}],"collection":[{"href":"https:\/\/www.granadablogs.com\/pateandoelmundo\/wp-json\/wp\/v2\/posts"}],"about":[{"href":"https:\/\/www.granadablogs.com\/pateandoelmundo\/wp-json\/wp\/v2\/types\/post"}],"author":[{"embeddable":true,"href":"https:\/\/www.granadablogs.com\/pateandoelmundo\/wp-json\/wp\/v2\/users\/1"}],"replies":[{"embeddable":true,"href":"https:\/\/www.granadablogs.com\/pateandoelmundo\/wp-json\/wp\/v2\/comments?post=7436"}],"version-history":[{"count":1,"href":"https:\/\/www.granadablogs.com\/pateandoelmundo\/wp-json\/wp\/v2\/posts\/7436\/revisions"}],"predecessor-version":[{"id":7438,"href":"https:\/\/www.granadablogs.com\/pateandoelmundo\/wp-json\/wp\/v2\/posts\/7436\/revisions\/7438"}],"wp:attachment":[{"href":"https:\/\/www.granadablogs.com\/pateandoelmundo\/wp-json\/wp\/v2\/media?parent=7436"}],"wp:term":[{"taxonomy":"category","embeddable":true,"href":"https:\/\/www.granadablogs.com\/pateandoelmundo\/wp-json\/wp\/v2\/categories?post=7436"},{"taxonomy":"post_tag","embeddable":true,"href":"https:\/\/www.granadablogs.com\/pateandoelmundo\/wp-json\/wp\/v2\/tags?post=7436"}],"curies":[{"name":"wp","href":"https:\/\/api.w.org\/{rel}","templated":true}]}}