{"id":7433,"date":"2010-11-13T19:24:38","date_gmt":"2010-11-13T17:24:38","guid":{"rendered":"http:\/\/www.granadablogs.com\/pateandoelmundo\/?p=7433"},"modified":"2010-11-13T19:24:38","modified_gmt":"2010-11-13T17:24:38","slug":"tiempo-de-jazz","status":"publish","type":"post","link":"https:\/\/www.granadablogs.com\/pateandoelmundo\/tiempo-de-jazz\/","title":{"rendered":"TIEMPO DE JAZZ"},"content":{"rendered":"<p style=\"text-align: justify;\">Noviembre es mes de jazz. El mes del jazz por excelencia. \u00a1Cu\u00e1ntas veces lo hemos escrito, aunque de forma distinta! Cuando las primeras nieves perlan Sierra Nevada, cuando la ciudad huele a casta\u00f1as asadas y los los hipi-pijis son felices al poder sacar del fondo de armario (de IKEA) los fulares, gorros y bufandas; Granada respira jazz.<\/p>\n<p style=\"text-align: justify;\"><a href=\"http:\/\/www.granadablogs.com\/pateandoelmundo\/wp-content\/uploads\/2010\/11\/010.jpg\"><img loading=\"lazy\" decoding=\"async\" class=\"aligncenter size-full wp-image-7434\" title=\"Wayne Shorter\" src=\"http:\/\/www.granadablogs.com\/pateandoelmundo\/wp-content\/uploads\/2010\/11\/010.jpg\" alt=\"\" width=\"595\" height=\"201\" srcset=\"https:\/\/www.granadablogs.com\/pateandoelmundo\/wp-content\/uploads\/2010\/11\/010.jpg 595w, https:\/\/www.granadablogs.com\/pateandoelmundo\/wp-content\/uploads\/2010\/11\/010-300x101.jpg 300w\" sizes=\"auto, (max-width: 595px) 100vw, 595px\" \/><\/a><\/p>\n<p style=\"text-align: justify;\">La foto que antecede nos muestra a Wayne Shorter, en el arranque del Festival de Jazz de Granada, y es de mi amigo Alberto Jim\u00e9nez Collantes, uno de los tipos que m\u00e1s conciertos habr\u00e1n visto en su vida y cuyo gusto musical es acorde a su talento visual.<\/p>\n<p style=\"text-align: justify;\">\n<p style=\"text-align: justify;\">Y la he tomado de la Entrada que escrib\u00ed sobre el concierto de Shorter para un nuevo y excelente Blog, <a href=\"http:\/\/granadablogs.com\/bluenoirclubdejazz\/\">\u00abClub Blue &amp; Noir\u00bb<\/a>, que antes era una secci\u00f3n de la revista Jazzgranada y ahora tiene entidad propia, que os invito a conocer y seguir para estar al d\u00eda de todo lo que se mueve en el mundo del jazz, durante el Festival y despu\u00e9s, claro. Por ejemplo, \u00bfqu\u00e9 me pareci\u00f3 el dif\u00edcil y exigente concierto de Shorter? Leed esta <a href=\"http:\/\/granadablogs.com\/bluenoirclubdejazz\/2010\/11\/07\/tension-saxual\/\">Tensi\u00f3n saxual<\/a>.<\/p>\n<p style=\"text-align: justify;\">\n<p style=\"text-align: justify;\">Jes\u00fas <em>jazzeando<\/em> Lens<\/p>\n","protected":false},"excerpt":{"rendered":"<p>Noviembre es mes de jazz. El mes del jazz por excelencia. \u00a1Cu\u00e1ntas veces lo hemos escrito, aunque de forma distinta! Cuando las primeras nieves perlan Sierra Nevada, cuando la ciudad huele a casta\u00f1as asadas y los los hipi-pijis son felices al poder sacar del fondo de armario (de IKEA) los fulares, gorros y bufandas; Granada [&hellip;]<\/p>\n","protected":false},"author":1,"featured_media":0,"comment_status":"open","ping_status":"open","sticky":false,"template":"","format":"standard","meta":{"jetpack_post_was_ever_published":false,"_jetpack_newsletter_access":"","_jetpack_dont_email_post_to_subs":false,"_jetpack_newsletter_tier_id":0,"_jetpack_memberships_contains_paywalled_content":false,"_jetpack_memberships_contains_paid_content":false,"footnotes":""},"categories":[17],"tags":[29,3870,3872,117,3871],"class_list":["post-7433","post","type-post","status-publish","format-standard","hentry","category-musica","tag-blue-noir","tag-club-blue-noir","tag-festival-de-jazz-de-granada","tag-jazz","tag-wayne-shorter"],"jetpack_featured_media_url":"","jetpack_sharing_enabled":true,"_links":{"self":[{"href":"https:\/\/www.granadablogs.com\/pateandoelmundo\/wp-json\/wp\/v2\/posts\/7433","targetHints":{"allow":["GET"]}}],"collection":[{"href":"https:\/\/www.granadablogs.com\/pateandoelmundo\/wp-json\/wp\/v2\/posts"}],"about":[{"href":"https:\/\/www.granadablogs.com\/pateandoelmundo\/wp-json\/wp\/v2\/types\/post"}],"author":[{"embeddable":true,"href":"https:\/\/www.granadablogs.com\/pateandoelmundo\/wp-json\/wp\/v2\/users\/1"}],"replies":[{"embeddable":true,"href":"https:\/\/www.granadablogs.com\/pateandoelmundo\/wp-json\/wp\/v2\/comments?post=7433"}],"version-history":[{"count":1,"href":"https:\/\/www.granadablogs.com\/pateandoelmundo\/wp-json\/wp\/v2\/posts\/7433\/revisions"}],"predecessor-version":[{"id":7435,"href":"https:\/\/www.granadablogs.com\/pateandoelmundo\/wp-json\/wp\/v2\/posts\/7433\/revisions\/7435"}],"wp:attachment":[{"href":"https:\/\/www.granadablogs.com\/pateandoelmundo\/wp-json\/wp\/v2\/media?parent=7433"}],"wp:term":[{"taxonomy":"category","embeddable":true,"href":"https:\/\/www.granadablogs.com\/pateandoelmundo\/wp-json\/wp\/v2\/categories?post=7433"},{"taxonomy":"post_tag","embeddable":true,"href":"https:\/\/www.granadablogs.com\/pateandoelmundo\/wp-json\/wp\/v2\/tags?post=7433"}],"curies":[{"name":"wp","href":"https:\/\/api.w.org\/{rel}","templated":true}]}}