{"id":7072,"date":"2010-10-02T19:01:22","date_gmt":"2010-10-02T17:01:22","guid":{"rendered":"http:\/\/www.granadablogs.com\/pateandoelmundo\/?p=7072"},"modified":"2010-10-02T19:02:20","modified_gmt":"2010-10-02T17:02:20","slug":"al-cabo-garcia","status":"publish","type":"post","link":"https:\/\/www.granadablogs.com\/pateandoelmundo\/al-cabo-garcia\/","title":{"rendered":"AL CABO, GARC\u00cdA"},"content":{"rendered":"<p style=\"text-align: justify;\"><em>Nos ponemos manos a la obra, dando cumplimiento a este \u00ab<a href=\"http:\/\/www.granadablogs.com\/pateandoelmundo\/2010\/10\/granada-i-love-you\/\">Granada I love you\u00bb<\/a>, con algunas im\u00e1genes dise\u00f1adas por Colin Bertholet para esta iniciativa. \u00a1S\u00famate a la misma! Empezamos con un Microrrelato&#8230;<\/em><\/p>\n<p style=\"text-align: justify;\">\n<p style=\"text-align: justify;\">\n<p style=\"text-align: justify;\">Estaba en el Patio de los Aljibes, frente a la Alcazaba, leyendo la placa que recordaba la gesta del cabo Garc\u00eda.<\/p>\n<p style=\"text-align: justify;\">\n<p style=\"text-align: justify;\">Jos\u00e9 Garc\u00eda.<\/p>\n<p style=\"text-align: justify;\">\n<p style=\"text-align: justify;\">No era nombre de h\u00e9roe, precisamente.<\/p>\n<p style=\"text-align: justify;\">\n<p style=\"text-align: justify;\"><a href=\"http:\/\/www.granadablogs.com\/pateandoelmundo\/wp-content\/uploads\/2010\/10\/09k3.jpg\"><img loading=\"lazy\" decoding=\"async\" class=\"aligncenter size-medium wp-image-7074\" title=\"Placa Cabo Garc\u00eda Alhambra\" src=\"http:\/\/www.granadablogs.com\/pateandoelmundo\/wp-content\/uploads\/2010\/10\/09k3-300x162.jpg\" alt=\"\" width=\"300\" height=\"162\" srcset=\"https:\/\/www.granadablogs.com\/pateandoelmundo\/wp-content\/uploads\/2010\/10\/09k3-300x162.jpg 300w, https:\/\/www.granadablogs.com\/pateandoelmundo\/wp-content\/uploads\/2010\/10\/09k3.jpg 600w\" sizes=\"auto, (max-width: 300px) 100vw, 300px\" \/><\/a><\/p>\n<p style=\"text-align: justify;\">La Alcazaba, en la parte militar de la Alhambra, estaba alejada de los famosos Palacios Nazar\u00edes que hac\u00edan suspirar de emoci\u00f3n a todos los visitantes que los contemplaban, por su refinada decoraci\u00f3n y su belleza sin igual.<\/p>\n<p style=\"text-align: justify;\">\n<p style=\"text-align: justify;\">El cabo Garc\u00eda, del cuerpo de Inv\u00e1lidos, se hizo famoso por haber evitado la destrucci\u00f3n de la Alhambra en 1812, tras el ef\u00edmero reinado de Jos\u00e9 Bonaparte, Pepe Botella, en Espa\u00f1a.<\/p>\n<p style=\"text-align: justify;\">\n<p style=\"text-align: justify;\">En su retirada, como despedida de Granada, los franceses hab\u00edan decidido destruir el famoso monumento andalus\u00ed, conectando diversas cargas explosivas a trav\u00e9s de un reguero de p\u00f3lvora que, una vez encendido, convertir\u00eda en recuerdo al Castillo Rojo. En recuerdo y, por supuesto, en leyenda&#8230;<\/p>\n<p style=\"text-align: justify;\">\n<p style=\"text-align: justify;\">Ya se hab\u00edan venido abajo algunos torreones defensivos, como la Torre de los Siete Suelos, cuando Garc\u00eda interrumpi\u00f3 el curso de las explosiones por el peculiar m\u00e9todo de lanzar su cuerpo sobre la p\u00f3lvora prendida, para apagarla y, de esa forma, impedir que el resto de las cargas explosivas terminase de desplomar la fortaleza construida por los \u00e1rabes.<\/p>\n<p style=\"text-align: justify;\"><a href=\"http:\/\/www.granadablogs.com\/pateandoelmundo\/wp-content\/uploads\/2010\/10\/09l1.jpg\"><img loading=\"lazy\" decoding=\"async\" class=\"aligncenter size-medium wp-image-7075\" title=\"Perfilando la Alhambra Colin Bertholet\" src=\"http:\/\/www.granadablogs.com\/pateandoelmundo\/wp-content\/uploads\/2010\/10\/09l1-225x300.jpg\" alt=\"\" width=\"225\" height=\"300\" srcset=\"https:\/\/www.granadablogs.com\/pateandoelmundo\/wp-content\/uploads\/2010\/10\/09l1-225x300.jpg 225w, https:\/\/www.granadablogs.com\/pateandoelmundo\/wp-content\/uploads\/2010\/10\/09l1-768x1024.jpg 768w, https:\/\/www.granadablogs.com\/pateandoelmundo\/wp-content\/uploads\/2010\/10\/09l1.jpg 1152w\" sizes=\"auto, (max-width: 225px) 100vw, 225px\" \/><\/a><\/p>\n<p style=\"text-align: justify;\">Ahora, tal haza\u00f1a ser\u00eda imposible.<\/p>\n<p style=\"text-align: justify;\">\n<p style=\"text-align: justify;\">Mir\u00f3 a uno y otro lado, contemplando los rostros de las personas que, como \u00e9l, le\u00edan la placa homenaje a Garc\u00eda. El cabo tambi\u00e9n participar\u00eda en la m\u00edtica batalla de Bail\u00e9n, donde qued\u00f3 cojo, para morir de c\u00f3lera en 1834. Qu\u00e9 ingrata e injusta, la vida de los soldados. Al final, y con mucha suerte, todo quedaba reducido a una placa en una pared. Para curiosidad de los turistas.<\/p>\n<p style=\"text-align: justify;\">\n<p style=\"text-align: justify;\">Sonri\u00f3.<\/p>\n<p style=\"text-align: justify;\"><a href=\"http:\/\/www.granadablogs.com\/pateandoelmundo\/wp-content\/uploads\/2010\/10\/0o1.jpg\"><img loading=\"lazy\" decoding=\"async\" class=\"aligncenter size-medium wp-image-7076\" title=\"Inspiraci\u00f3n Granada Colin Bertholet\" src=\"http:\/\/www.granadablogs.com\/pateandoelmundo\/wp-content\/uploads\/2010\/10\/0o1-225x300.jpg\" alt=\"\" width=\"225\" height=\"300\" srcset=\"https:\/\/www.granadablogs.com\/pateandoelmundo\/wp-content\/uploads\/2010\/10\/0o1-225x300.jpg 225w, https:\/\/www.granadablogs.com\/pateandoelmundo\/wp-content\/uploads\/2010\/10\/0o1-768x1024.jpg 768w, https:\/\/www.granadablogs.com\/pateandoelmundo\/wp-content\/uploads\/2010\/10\/0o1.jpg 1152w\" sizes=\"auto, (max-width: 225px) 100vw, 225px\" \/><\/a><\/p>\n<p style=\"text-align: justify;\">No. \u00c9l no era un turista como los dem\u00e1s. Ni mucho menos. Volvi\u00f3 a mirar las caras de los pocos viajeros que se interesaban por la historia de Garc\u00eda. Y pens\u00f3 que no. Que hoy, tal haza\u00f1a ser\u00eda imposible. Doscientos a\u00f1os despu\u00e9s, ning\u00fan \u00e9mulo del cabo Garc\u00eda podr\u00eda evitar la total y definitiva destrucci\u00f3n de la Alhambra.<\/p>\n<p style=\"text-align: justify;\">\n<p style=\"text-align: justify;\">Y, entonces, apret\u00f3 el bot\u00f3n.<\/p>\n<p style=\"text-align: justify;\">\n<p style=\"text-align: justify;\">Jes\u00fas Lens Espinosa de los Monteros.<\/p>\n","protected":false},"excerpt":{"rendered":"<p>Nos ponemos manos a la obra, dando cumplimiento a este \u00abGranada I love you\u00bb, con algunas im\u00e1genes dise\u00f1adas por Colin Bertholet para esta iniciativa. \u00a1S\u00famate a la misma! Empezamos con un Microrrelato&#8230; Estaba en el Patio de los Aljibes, frente a la Alcazaba, leyendo la placa que recordaba la gesta del cabo Garc\u00eda. Jos\u00e9 Garc\u00eda. [&hellip;]<\/p>\n","protected":false},"author":1,"featured_media":0,"comment_status":"open","ping_status":"open","sticky":false,"template":"","format":"standard","meta":{"jetpack_post_was_ever_published":false,"_jetpack_newsletter_access":"","_jetpack_dont_email_post_to_subs":false,"_jetpack_newsletter_tier_id":0,"_jetpack_memberships_contains_paywalled_content":false,"_jetpack_memberships_contains_paid_content":false,"footnotes":""},"categories":[31],"tags":[930,3668,3659,57],"class_list":["post-7072","post","type-post","status-publish","format-standard","hentry","category-relatos","tag-cuentos","tag-cuentos-de-la-alhambra","tag-granada-i-love-you","tag-microrrelatos"],"jetpack_featured_media_url":"","jetpack_sharing_enabled":true,"_links":{"self":[{"href":"https:\/\/www.granadablogs.com\/pateandoelmundo\/wp-json\/wp\/v2\/posts\/7072","targetHints":{"allow":["GET"]}}],"collection":[{"href":"https:\/\/www.granadablogs.com\/pateandoelmundo\/wp-json\/wp\/v2\/posts"}],"about":[{"href":"https:\/\/www.granadablogs.com\/pateandoelmundo\/wp-json\/wp\/v2\/types\/post"}],"author":[{"embeddable":true,"href":"https:\/\/www.granadablogs.com\/pateandoelmundo\/wp-json\/wp\/v2\/users\/1"}],"replies":[{"embeddable":true,"href":"https:\/\/www.granadablogs.com\/pateandoelmundo\/wp-json\/wp\/v2\/comments?post=7072"}],"version-history":[{"count":3,"href":"https:\/\/www.granadablogs.com\/pateandoelmundo\/wp-json\/wp\/v2\/posts\/7072\/revisions"}],"predecessor-version":[{"id":7079,"href":"https:\/\/www.granadablogs.com\/pateandoelmundo\/wp-json\/wp\/v2\/posts\/7072\/revisions\/7079"}],"wp:attachment":[{"href":"https:\/\/www.granadablogs.com\/pateandoelmundo\/wp-json\/wp\/v2\/media?parent=7072"}],"wp:term":[{"taxonomy":"category","embeddable":true,"href":"https:\/\/www.granadablogs.com\/pateandoelmundo\/wp-json\/wp\/v2\/categories?post=7072"},{"taxonomy":"post_tag","embeddable":true,"href":"https:\/\/www.granadablogs.com\/pateandoelmundo\/wp-json\/wp\/v2\/tags?post=7072"}],"curies":[{"name":"wp","href":"https:\/\/api.w.org\/{rel}","templated":true}]}}