{"id":7056,"date":"2010-10-01T19:01:28","date_gmt":"2010-10-01T17:01:28","guid":{"rendered":"http:\/\/www.granadablogs.com\/pateandoelmundo\/?p=7056"},"modified":"2010-10-01T19:09:43","modified_gmt":"2010-10-01T17:09:43","slug":"gitanos-%c2%bfen-perpetuo-transito","status":"publish","type":"post","link":"https:\/\/www.granadablogs.com\/pateandoelmundo\/gitanos-%c2%bfen-perpetuo-transito\/","title":{"rendered":"GITANOS \u00bfEN PERPETUO TR\u00c1NSITO?"},"content":{"rendered":"<p style=\"text-align: justify;\"><em>Amigos, terminado el mes, publicamos los cuentos que hab\u00e9is enviado a <strong><a href=\"http:\/\/www.granadablogs.com\/pateandoelmundo\/2010\/09\/sacudiendo-letras-el-concurso-literario-pateando-el-mundo\/\">\u00abSacudiendo letras\u00bb<\/a><\/strong>. Como son pocos, pero son buenos, aprovecho para bloguearlos todos y, por esta vez, que el ganador sea decidido por el p\u00fablico soberano.<\/em><\/p>\n<p style=\"text-align: justify;\"><em> <\/em><\/p>\n<p style=\"text-align: justify;\"><em>En la Margen Derecha ten\u00e9is una Encuesta. Funcionar\u00e1 hasta las 10 y 10 de la noche del d\u00eda 10 de Octubre de 2010. Que cada cu\u00e1l vote por el cuento que m\u00e1s le haya gustado.<\/em><\/p>\n<p style=\"text-align: justify;\"><em> <\/em><\/p>\n<p style=\"text-align: justify;\"><em>S\u00e9 que el m\u00e9todo de votaci\u00f3n no es muy cient\u00edfico, pero por 100 \u20ac no creo que nadie se vaya a ir de C\u00edber en C\u00edber, para votar uno u otro cuento, \u00bfverdad? Ya tengo el tema para este mes. A lo largo del fin de semana lo blogueamos.<\/em><\/p>\n<p style=\"text-align: justify;\"><em> <\/em><\/p>\n<p style=\"text-align: justify;\"><em>\u00bfQu\u00e9 os parecen los cuentos enviados?<\/em><\/p>\n<p style=\"text-align: justify;\"><em> <\/em><\/p>\n<p style=\"text-align: justify;\"><em>\u00a1Venga! Animaos a participar en las siguientes \u00abSacudiendo letras\u00bb.<\/em><\/p>\n<p style=\"text-align: justify;\"><em><br \/>\n<\/em><\/p>\n<p style=\"text-align: justify;\">\n<p style=\"text-align: justify;\">\n<p style=\"text-align: justify;\">\n<p style=\"text-align: justify;\"><strong><em>El nombre del infierno es Obilic<\/em><\/strong><\/p>\n<p style=\"text-align: justify;\">\n<p style=\"text-align: justify;\">\n<p style=\"text-align: justify;\">\n<p style=\"text-align: justify;\">Al fin arrancamos de Djilane, qu\u00e9 alivio. No hab\u00edamos querido comer, salvo un caf\u00e9 aguado y unas galletas dulces. Unos vertederos horrorosos nos hab\u00edan espantado el hambre. Se me hab\u00eda quedado fija la imagen de unas cabezas de bovino de cuernos pringosos y pellejos sanguinolentos, los ojos reventados llenos de moscas, mientras una gentuza miserable, gitanos, y muchos animales, gatos y perros salvajes, compet\u00edan por los despojos, al comp\u00e1s de los aleteos y chillidos de cuervos y gavilanes.<\/p>\n<p style=\"text-align: justify;\">\n<p style=\"text-align: justify;\">\n<p style=\"text-align: justify;\">Llegamos a Obilic. Era el momento de enterarnos de la verdadera l\u00ednea de pobreza en la provincia de Kosovo, la m\u00e1s atrasada de la vieja Yugoslavia. Casi no quedaban serbios en el \u00e1rea. Hab\u00edan emigrado adonde hab\u00eda concentraciones de los suyos, a pesar del valor sentimental de Obilic, donde hab\u00eda tenido lugar en el siglo XIV la batalla de Kosovo Polje contra los invasores turcos. Aquello no conmov\u00eda a los albaneses. Era una zona desolada, sin \u00e1rboles, polvo en verano, lodo en invierno. Una central t\u00e9rmica contribu\u00eda con sus humos acres.<\/p>\n<p style=\"text-align: justify;\">\n<p style=\"text-align: justify;\">\n<p style=\"text-align: justify;\">S\u00f3lo permanec\u00eda all\u00ed lo m\u00e1s bajo a nivel social y \u00e9tnico de Kosovo. Gente de la comunidad Roma, gitanos que no hab\u00edan logrado emigrar durante la guerra civil, donde eran atacados por todos los bandos. Se les despreciaba, aunque la historia los hac\u00eda aparecer como descendientes de habitantes primigenios de ese territorio. Viv\u00edan como bestias, sin agua, luz, comercio ni alcantarillado, en chozas precarias o en casas bombardeadas. S\u00f3lo algunos los apreciaban porque se dedicaban al contrabando o la tala ilegal de \u00e1rboles. Se dec\u00eda adem\u00e1s que eran especialistas en una faena deleznable: degollar y mutilar.<\/p>\n<p style=\"text-align: justify;\">\n<p style=\"text-align: justify;\">\n<p style=\"text-align: justify;\">\n<p style=\"text-align: justify;\">Vimos la precariedad de los hogares gitanos. Ni\u00f1os desnutridos de ojos asustados nos miraban como si fu\u00e9semos marcianos. Mujeres desgre\u00f1adas se acercaron a pedirnos limosna, expres\u00e1ndose en su idioma o una mezcla de varios, no les entend\u00edamos. Una miseria espeluznante que trasladaban a la capital, Pristina, donde se ve\u00edan repelidos debido a su suciedad y agresividad. Se les tem\u00eda: ciertas supersticiones los consideraban intocables.<\/p>\n<p style=\"text-align: justify;\">\n<p style=\"text-align: justify;\">\n<p style=\"text-align: justify;\">Milosevic y sus esbirros hab\u00edan dado un trato tan brutal a los gitanos, que odiaban a los serbios m\u00e1s que a nadie. Los albaneses no los defend\u00edan tampoco. Se ten\u00eda miedo de esa gente, tradicionalmente n\u00f3mada. Como ven\u00eda ocurriendo en toda Europa, se estaban asentando, pese al acoso. Pero su modo de vida parec\u00eda incompatible con los desarrollos urbanos contempor\u00e1neos. En poco tiempo va a estallar un problema, concluimos.<\/p>\n<p style=\"text-align: justify;\">\n<p style=\"text-align: justify;\">\n<p style=\"text-align: justify;\">\n<p style=\"text-align: justify;\">\n<p style=\"text-align: justify;\">\n<p style=\"text-align: justify;\">\n<p style=\"text-align: justify;\">&#8212;<\/p>\n<p style=\"text-align: justify;\"><strong><em>El viaje de Pavel<\/em><\/strong><\/p>\n<p style=\"text-align: justify;\">\n<p style=\"text-align: justify;\">\n<p style=\"text-align: justify;\">El peque\u00f1o Pavel miraba a trav\u00e9s de la ventanilla del tren en el que hab\u00eda viajado toda la noche junto a su padre, su madre y sus tres hermanas, con los ojos chispeantes de esperanza. Se volvi\u00f3 a su padre que dormitaba a su lado y le pregunt\u00f3:<\/p>\n<p style=\"text-align: justify;\">\n<p style=\"text-align: justify;\">&#8211;\tPapa, \u00bfya hemos llegado? \u00bfEs aqu\u00ed donde vamos a vivir?<\/p>\n<p style=\"text-align: justify;\">\n<p style=\"text-align: justify;\">El viejo Z\u00f6el le acarici\u00f3 la cabeza mientras le lanzaba una tierna mirada llena de nostalgia.<\/p>\n<p style=\"text-align: justify;\">\n<p style=\"text-align: justify;\">&#8211;\tNo mi peque\u00f1o, no es aqu\u00ed donde vamos a vivir.<\/p>\n<p style=\"text-align: justify;\">\n<p style=\"text-align: justify;\">Pavel lo mir\u00f3 con extra\u00f1eza. Durante tres d\u00edas hab\u00edan viajado con todas sus cosas de un lugar a otro, pasando de largo por ciudades y pueblos , y cuando divisaba la torre  de la iglesia que le hab\u00eda dicho su t\u00edo que formar\u00eda parte de su nuevo hogar, pensaba que aquel ser\u00eda el final de su largo viaje y que por fin hab\u00edan llegado a su destino. No le hac\u00eda gracia seguir movi\u00e9ndose de un lugar a otro, quer\u00eda estar en un sitio, hacer amigos, y jugar con ellos, y no tener que despedirse nunca m\u00e1s.<\/p>\n<p style=\"text-align: justify;\">\n<p style=\"text-align: justify;\">&#8211;\tEntonces \u00bfno es aqu\u00ed donde vamos a vivir?<\/p>\n<p style=\"text-align: justify;\">\n<p style=\"text-align: justify;\">&#8211;\tNo cari\u00f1o, es aqu\u00ed donde intentaremos sobrevivir. \u2013 El cansancio se dibujaba en sus ojos con grandes y profundos trazos.<\/p>\n<p style=\"text-align: justify;\">\n<p style=\"text-align: justify;\">Pavel volvi\u00f3 la mirada hacia la ventanilla mientras ve\u00eda como la silueta de la torre de la iglesia que se divisaba a lo lejos se recortaba en el horizonte. No hab\u00eda entendido lo que hab\u00eda querido decir su padre con aquellas palabras, pero el peque\u00f1o ya so\u00f1aba con darle de patadas al bal\u00f3n de cuero que llevaba en su bolsa por las calles aleda\u00f1as a aquella iglesia que a partir de ese momento ya formaba parte de su nuevo hogar.<\/p>\n<p style=\"text-align: justify;\">\n<p style=\"text-align: justify;\">\n<p style=\"text-align: justify;\">\n<p style=\"text-align: justify;\">\n<p style=\"text-align: justify;\">\n<p style=\"text-align: justify;\">&#8212;<\/p>\n<p style=\"text-align: justify;\"><strong><em>Das mano<\/em><\/strong><\/p>\n<p style=\"text-align: justify;\">\n<p style=\"text-align: justify;\">\n<p style=\"text-align: justify;\">Llegaron una madrugada como llegan cada a\u00f1o las estaciones,  puntuales y discretos. Dejaron sus pertenencias en el suelo y comenzaron el asentamiento.  Al caer la noche ya lo ten\u00edan todo dispuesto, ventajas de viajar con lo justo.  El t\u00edo Juan me cont\u00f3 la historia de aquel grupo concreto, eran una veintena entre mayores y ni\u00f1os. Un d\u00eda le pregunt\u00f3   al patriarca de todos ellos c\u00f3mo era que no buscaban un sitio para asentarse y dejaban esa vida n\u00f3mada tan insegura. El hombre le mir\u00f3 fijamente a los ojos y le contest\u00f3: Usted no puede entendernos porque siempre tuvo cama blanda que le mantuviera dormido,  tuvo comida en la mesa sin tener que hacer nada para ganarla, fue lavado y vestido sin ning\u00fan esfuerzo. Usted comenz\u00f3 a hablar una lengua ya reconocida , dio sus primeros pasos con seguridad, le dieron abrazos y besos a\u00fan antes de nacer porque nadie les importunaba.  Nosotros a cambio conocemos medio mundo, si miramos al cielo sabemos cu\u00e1ndo va a cambiar el tiempo, cu\u00e1ndo debemos irnos porque llega el fr\u00edo invierno, sabemos de qu\u00e9 aguas podemos beber y cuales son s\u00f3lo para el aseo. Podemos guiarnos  y escondernos antes de que nos vean, aunque no sabemos leer cartas, s\u00ed los ojos de quienes nos miran. Vosotros ten\u00e9is casas que os quitan la vida en sus cuidados  y nosotros el cielo por tejado, ten\u00e9is preocupaciones que nosotros desconocemos porque necesitamos muy poco para mantenernos.Ahora d\u00edgame usted, \u00bfcree que somos nosotros menos afortunados?  Yo creo que no, puesto que no tenemos ni rey ni reinos, ni miedo a perder lo que no queremos. Nuestras ataduras son s\u00f3lo con nuestra gente y no con lo que poseemos.Por eso nos temen en vez de dejarnos un trozo de suelo para despu\u00e9s marcharnos  como vinimos, en silencio.Vaya usted a decirles a todos que no vinimos a robarles pero no queremos morirnos de hambre y si hacen como que no estamos nosotros haremos lo propio con ello, le aseguro que tenemos mucho menos que perder,  \u00bfqu\u00e9 pueden arrebatarnos?,\u00bfcreen que hay algo que puedan quitarnos? Si nos echan nos iremos a otra parte pero no cambiaremos,  si alguna vez lo hacemos ser\u00e1 porque nos hayamos cansado, aunque seguiremos errantes dentro de vuestros palacios y no habr\u00e1n puertas, ni ventanas ni armarios que puedan limitarnos.<\/p>\n<p style=\"text-align: justify;\">\n<p style=\"text-align: justify;\">\n<p style=\"text-align: justify;\">Ahora, cuando veo campamentos de gitanos, no veo personas pobres y menos afortunadas, veo un pueblo orgulloso de ser ciudadanos del mundo.<\/p>\n<p style=\"text-align: justify;\">\n<p style=\"text-align: justify;\">\n<p style=\"text-align: justify;\">\n<p style=\"text-align: justify;\">\n<p style=\"text-align: justify;\">\n<p style=\"text-align: justify;\">&#8212;<\/p>\n<p style=\"text-align: justify;\"><strong><em>Que dejen de ser gitanos<\/em><\/strong><\/p>\n<p style=\"text-align: justify;\">\n<p style=\"text-align: right;\"><em>Es como guerra civil, dijo Miguel de Cervantes<\/em><\/p>\n<p style=\"text-align: right;\"><em>F\u00e9lix Grande<\/em><\/p>\n<p style=\"text-align: justify;\">\n<p style=\"text-align: justify;\">Desorejados los galeotes halaban en las naves de la armada pensando que alg\u00fan d\u00eda fueron libres como las gaviotas.<\/p>\n<p style=\"text-align: justify;\">\n<p style=\"text-align: justify;\">Los Reyes Cat\u00f3licos, llevados por un celo unificador, negaron a los moriscos ser moriscos, a los jud\u00edos ser jud\u00edos y a los gitanos ser gitanos.<\/p>\n<p style=\"text-align: justify;\">\n<p style=\"text-align: justify;\">Expulsados los musulmanes y los jud\u00edos (y los jesuitas, pero esa es otra historia), a los gitanos s\u00f3lo se les vetaba el ejercicio de la vida errante, de sus costumbres y de su modo de vestir. S\u00f3lo se les toleraba, apartados de la sociedad, si ten\u00edan un oficio digno y serio y prolongado. Y si juraban obediencia y adaptaban su manera de pensar y de vivir.<\/p>\n<p style=\"text-align: justify;\">\n<p style=\"text-align: justify;\">Nacido Bennasar, para evitar el exilio, quiso conocerse Montoya y, con un grupo de morenos isl\u00e1micos, se traslad\u00f3 a Jerez donde se confundi\u00f3 con el cal\u00e9, igual de retinto.<\/p>\n<p style=\"text-align: justify;\">\n<p style=\"text-align: justify;\">Pero la ley se agudiza y las tuercas se constri\u00f1en. La norma, en principio permisiva, pasa por la esclavitud y, pasado el tiempo, por el genocidio. As\u00ed, las Cortes de Castilla de 1594 emitieron un mandato tendente a separar a los \u201cgitanos de las gitanas, a fin de obtener la extinci\u00f3n de la raza\u201d.<\/p>\n<p style=\"text-align: justify;\">\n<p style=\"text-align: justify;\">Pero esto Bennasar\/Montoya no lleg\u00f3 a contemplarlo. Al abrazar al gitano, le cortaron las orejas y lo condenaron al remo perpetuo, donde dej\u00f3 la vida y los sue\u00f1os en la batalla de Lepanto, al mando de Juan de Austria, despu\u00e9s de contarle a un tal Miguel la historia de una dama noble que pas\u00f3 por gitanilla.<\/p>\n<p style=\"text-align: justify;\">\n<p style=\"text-align: justify;\">\n<p style=\"text-align: justify;\">\n<p style=\"text-align: justify;\">\n<p style=\"text-align: justify;\">&#8212;<\/p>\n<p style=\"text-align: justify;\"><strong><em>La lotera\u2026<\/em><\/strong><\/p>\n<p style=\"text-align: justify;\">\n<p style=\"text-align: justify;\">\n<p style=\"text-align: justify;\">&#8211;\t\u00a1No la enga\u00f1es prima, que es payica, pero es buena gente!<\/p>\n<p style=\"text-align: justify;\">\n<p style=\"text-align: justify;\">Con esta frase me sorprend\u00eda mi gran amiga Gracia, justo cuando nos dispon\u00edamos a tomar unas ca\u00f1as en la concurrida calle Navas este pasado s\u00e1bado.<\/p>\n<p style=\"text-align: justify;\">\n<p style=\"text-align: justify;\">Ni los catorce a\u00f1os de amistad pudieron hacer que dejara de sorprenderme con su intervenci\u00f3n. Lo peor es que la frase me doli\u00f3, a pesar de ser en mi defensa. La contestaci\u00f3n por mi parte fue:<\/p>\n<p style=\"text-align: justify;\">\n<p style=\"text-align: justify;\">&#8211;\t\u00a1Seguro que digo yo eso de un gitano y la liamos!<\/p>\n<p style=\"text-align: justify;\">\n<p style=\"text-align: justify;\">Y as\u00ed fue c\u00f3mo abandonamos nuestra interesante conversaci\u00f3n sobre  el \u00faltimo libro que ella estaba leyendo en torno a la vida del ahora tan de moda Enrique VIII, inquisidor donde los haya, machista, xen\u00f3fogo y autoritario como el que m\u00e1s; visi\u00f3n que ambas compart\u00edamos, cuando de pronto, una se\u00f1ora que vend\u00eda loter\u00eda de Navidad de forma ambulante, se nos acerc\u00f3. Justo en el momento en que nuestras miradas se cruzaban ella me dec\u00eda:<\/p>\n<p style=\"text-align: justify;\">\n<p style=\"text-align: justify;\">&#8211;\t\u00a1D\u00e9jame que te diga la buenventura!<\/p>\n<p style=\"text-align: justify;\">\n<p style=\"text-align: justify;\">La reacci\u00f3n de Gracia fue instant\u00e1nea. Y yo me encontraba all\u00ed, en medio de dos gitanas tan diferentes y sin embargo tan parecidas cuando se trataba de defender lo suyo. A\u00fan as\u00ed, no  consigui\u00f3 su intenci\u00f3n de que \u201cla prima\u201d no me engatuzara y me camelara por unos euros. No dio resultado. Antes de que ella pudiera terminar de dejar al descubierto a \u201csu prima\u201d, yo ya hab\u00eda extendido mi mano y estaba dispuesta a escuchar la reta\u00edla que llevara preparada.<\/p>\n<p style=\"text-align: justify;\">\n<p style=\"text-align: justify;\">Asombroso. Dos fil\u00f3logas, una gitana, la otra paya; una af\u00edn a la pol\u00edtica del PSOE y la otra a la del PP, la gitana procurando que no enga\u00f1en a la paya con la buenaventura y la paya dando juego a la otra gitana, que ni idea tiene de qui\u00e9n es Enrique VIII.<\/p>\n<p style=\"text-align: justify;\">\n<p style=\"text-align: justify;\">Al final el regateo oportuno para cobrar la \u201cbuenaventura\u201d y encima la gitana acert\u00f3 (claro est\u00e1, con su margen de ambig\u00fcedad, dentro de todo aquello en lo que desear\u00eda que acertase). Y mi amiga indignada por el atropello. El camarero quej\u00e1ndose por el espect\u00e1culo y cuando todo se queda m\u00e1s calmado, Gracia de pronto, me hace una pregunta:<\/p>\n<p style=\"text-align: justify;\">\n<p style=\"text-align: justify;\">&#8211;\tOye \u00bfY t\u00fa que piensas de lo de Sarkozy?<\/p>\n<p style=\"text-align: justify;\">\n<p style=\"text-align: justify;\">&#8211;\tQue parezcan delincuentes no quiere decir que lo sean. La Constituci\u00f3n Espa\u00f1ola dice en su art\u00edculo 14 que ejercer la xenofobia es un delito en Occidente. De todas formas me parece mentira que me preguntes eso a mi, ni que no me conocieras\u2026<\/p>\n<p style=\"text-align: justify;\">\n<p style=\"text-align: justify;\">Siempre es apasionante salir de ca\u00f1as con una buena amiga, y si encima, hay tantas diferencias y al mismo tiempo, tantos puntos de conexi\u00f3n entre ambas, la diversi\u00f3n est\u00e1 asegurada. Aunque yo siempre me meta con ella dici\u00e9ndole:<\/p>\n<p style=\"text-align: justify;\">\n<p style=\"text-align: justify;\">&#8211;\t\u00a1Menuda gitana! \u00a1Ni canta ni baila ni me dice la buenaventura!<\/p>\n<p style=\"text-align: justify;\">\n<p style=\"text-align: justify;\">(Te lo dedico a ti Gracia, porque sabes que te quiero).<\/p>\n<p style=\"text-align: justify;\">\n<p style=\"text-align: justify;\">\n<p style=\"text-align: justify;\">\n<p style=\"text-align: justify;\">\n<p style=\"text-align: justify;\">\n<p style=\"text-align: justify;\">&#8212;<\/p>\n<p style=\"text-align: justify;\"><strong><em>Aduana<\/em><\/strong><\/p>\n<p style=\"text-align: justify;\">\n<p style=\"text-align: justify;\">\n<p style=\"text-align: justify;\">\n<p style=\"text-align: justify;\">La Polic\u00eda la vio llegar entre el resto de personas que acababan de aterrizar en el aeropuerto de Bucarest. La acompa\u00f1aban tres ni\u00f1os peque\u00f1os precariamente ataviados. Destacaba por sus ropas anchas, especialmente su falda, que arrastraba por el suelo, y una especie de cinta con c\u00edrculos tintineantes de cinc que ataba su larga cabellera morena a la altura de la frente.<\/p>\n<p style=\"text-align: justify;\">\n<p style=\"text-align: justify;\">-Documentaci\u00f3n \u2013le dijo el polic\u00eda m\u00e1s joven.<\/p>\n<p style=\"text-align: justify;\">\n<p style=\"text-align: justify;\">-No tengo \u2013contest\u00f3 ella con el miedo humedecido en sus ojos.<\/p>\n<p style=\"text-align: justify;\">\n<p style=\"text-align: justify;\">-\u00bfQue no tiene? \u00bfC\u00f3mo se llama?<\/p>\n<p style=\"text-align: justify;\">\n<p style=\"text-align: justify;\">-Ileana Dumitrescu \u2013respondi\u00f3 la joven apuntando su ment\u00f3n ligeramente hacia el suelo.<\/p>\n<p style=\"text-align: justify;\">\n<p style=\"text-align: justify;\">-\u00bfLos ni\u00f1os son suyos?<\/p>\n<p style=\"text-align: justify;\">\n<p style=\"text-align: justify;\">-S\u00ed.<\/p>\n<p style=\"text-align: justify;\">\n<p style=\"text-align: justify;\">-\u00bfPuede demostrarlo?<\/p>\n<p style=\"text-align: justify;\">\n<p style=\"text-align: justify;\">-No tengo papeles. Pero son m\u00edos, se lo juro, que me caiga muerta aqu\u00ed mismo.<\/p>\n<p style=\"text-align: justify;\">\n<p style=\"text-align: justify;\">-Tendr\u00e1 que regresar a Par\u00eds \u2013 dijo el polic\u00eda despu\u00e9s de mirar el billete que ella le hab\u00eda dado.<\/p>\n<p style=\"text-align: justify;\">\n<p style=\"text-align: justify;\">-Pero&#8230; Me han echado de Francia.<\/p>\n<p style=\"text-align: justify;\">\n<p style=\"text-align: justify;\">-Ese no es mi problema, se\u00f1orita. Acompa\u00f1e a mi compa\u00f1ero a la aduana.<\/p>\n<p style=\"text-align: justify;\">\n<p style=\"text-align: justify;\">-Estos gitanos siempre est\u00e1n igual, qu\u00e9 co\u00f1azo \u2013respondi\u00f3 el compa\u00f1ero en voz alta sin importarle qui\u00e9n le oyera.<\/p>\n<p style=\"text-align: justify;\">\n<p style=\"text-align: justify;\">\n<p style=\"text-align: justify;\">\n<p style=\"text-align: justify;\">&#8212;<\/p>\n<p style=\"text-align: justify;\"><strong><em>Rumbo al horizonte<\/em><\/strong><\/p>\n<p style=\"text-align: justify;\">\n<p style=\"text-align: justify;\">\n<p style=\"text-align: justify;\">Puse rumbo al horizonte<\/p>\n<p style=\"text-align: justify;\">y, si nadie lo remedia,<\/p>\n<p style=\"text-align: justify;\">seguir\u00e9 con mi familia<\/p>\n<p style=\"text-align: justify;\">buscando esa l\u00ednea ajena<\/p>\n<p style=\"text-align: justify;\">que siempre est\u00e1 igual de lejos,<\/p>\n<p style=\"text-align: justify;\">aunque sepas que te acercas.<\/p>\n<p style=\"text-align: justify;\">\n<p style=\"text-align: justify;\">\n<p style=\"text-align: justify;\">\u00bfQu\u00e9 habr\u00e1 en la lejan\u00eda,<\/p>\n<p style=\"text-align: justify;\">que los gitanos no llegan,<\/p>\n<p style=\"text-align: justify;\">por mucho que caminemos<\/p>\n<p style=\"text-align: justify;\">en la direcci\u00f3n que sea?<\/p>\n<p style=\"text-align: justify;\">\n<p style=\"text-align: justify;\">\n<p style=\"text-align: justify;\">A lo mejor es que andamos<\/p>\n<p style=\"text-align: justify;\">tan lento por esta Tierra,<\/p>\n<p style=\"text-align: justify;\">que el mundo, al ir tan deprisa,<\/p>\n<p style=\"text-align: justify;\">el horizonte se lleva.<\/p>\n<p style=\"text-align: justify;\">\n<p style=\"text-align: justify;\">\n<p style=\"text-align: justify;\">\n<p style=\"text-align: justify;\">&#8212;<\/p>\n<p style=\"text-align: justify;\"><em><strong>Estacionada<\/strong><\/em><\/p>\n<p style=\"text-align: justify;\">\n<p style=\"text-align: justify;\">\n<p style=\"text-align: justify;\">\n<p style=\"text-align: justify;\">Pens\u00f3 que qui\u00e9n le mandar\u00eda comprar tantas chorradas. La ropa de p\u00e1del, vale, ten\u00eda que compr\u00e1rsela s\u00ed o s\u00ed, \u00bfpero no pod\u00eda haberse esperado con lo dem\u00e1s? Hizo un \u00faltimo esfuerzo y baj\u00f3 los escalones del parking aguantando el aire. Menos mal que a su peque\u00f1o Nachete le encantar\u00edan las frambuesas. Nada menos que 4,5 euros por una birria de bandeja. Pero no le importaba el precio porque sab\u00eda que se chupar\u00eda los dedos. &#8211; \u00abMerde\u00bb, esput\u00f3. Ahora no recordaba d\u00f3nde hab\u00eda aparcado el puto coche.  Siempre le pasaba lo mismo. Y no pod\u00eda deambular sin ton ni son por todo el parking tirando de las bolsas. Ten\u00eda los dedos amoratados e hinchados de la caminata.<\/p>\n<p style=\"text-align: justify;\">\n<p style=\"text-align: justify;\">&#8211; \u00abDeme algo&#8230; Mi ni\u00f1o no tiene ni leche para beber\u00bb. Siempre con la misma martingala&#8230; Rebeca mir\u00f3  a la rumana que estaba sentada en la esquina, frente al cajero autom\u00e1tico de los tickets. Se le pas\u00f3 una idea por la cabeza. No pudo por menos avergonzarse de su ocurrencia, pero no le quedaba otra.<\/p>\n<p style=\"text-align: justify;\">\n<p style=\"text-align: justify;\">&#8211; \u00abEscuche, le doy cuatro euros si me vigila las bolsas mientras voy a buscar el coche\u00bb.<\/p>\n<p style=\"text-align: justify;\">Una pareja la mir\u00f3 como si se hubiera vuelto loca. Pero si se lo hubiera pedido a ellos, pagando o sin pagar, pensar\u00edan que estaba a\u00fan m\u00e1s loca y encima no la ayudar\u00edan. La chica asinti\u00f3 con la misma rapidez que un ni\u00f1o que le preguntan si quiere ir a la feria.<\/p>\n<p style=\"text-align: justify;\">Rebeca cogi\u00f3 un par de bolsas -as\u00ed no tendr\u00eda que cargar con todas cuando tuviera localizado el veh\u00edculo-, le pag\u00f3 a la rumana que estaba ya custodiando el resto como si fuera el objeto m\u00e1s preciado del mundo y sali\u00f3 echando mixtos. Lo encontr\u00f3 en seguida. Estaba al lado. Guard\u00f3 el par de bolsas en el maletero y se gir\u00f3 con rapidez para ir a por las otras. Pero all\u00ed estaba la rumana que hab\u00eda seguido sus pasos, con la sonrisa del deber cumplido. Las frambuesas asomaban por una bolsa y Rebeca sinti\u00f3 una verg\u00fcenza incontenible. Le hab\u00edan costado m\u00e1s que el trabajo de su rumana para que su hijo pudiera tener leche esa noche.<\/p>\n<p style=\"text-align: justify;\">\n<p style=\"text-align: justify;\">\n<p style=\"text-align: justify;\">La chica, cuyo nombre no sabemos, volvi\u00f3 a su puesto de la esquina. La poli hab\u00eda levantado el campamento. Ma\u00f1ana ir\u00edan direcci\u00f3n Albacete.  Y dentro de unos meses les echar\u00edan o se ir\u00edan. Y har\u00edan otro campamento exactamente igual. Ella se sentar\u00eda en los mismos parkings y en las mismas esquinas viendo pasar los ansiados tacones con los que nunca pisar\u00eda la vida&#8230; Los d\u00edas de los dem\u00e1s en continuo tr\u00e1nsito, mientras que los de ella, aqu\u00ed o all\u00e1, estar\u00edan siempre estacionados. \u00bfLe sacar\u00eda alguien un ticket?<\/p>\n<p style=\"text-align: justify;\">\n<p style=\"text-align: justify;\">\n<p style=\"text-align: justify;\"><em>(Recordad que <\/em><a href=\"http:\/\/www.granadablogs.com\/pateandoelmundo\/2010\/09\/%C2%A1merece-la-pena\/\"><em>aqu\u00ed<\/em><\/a><em> tenemos otro relato, fuera de concurso. El m\u00edo lo subir\u00e9 otro de estos d\u00edas, por no saturar&#8230;)<\/em><\/p>\n","protected":false},"excerpt":{"rendered":"<p>Amigos, terminado el mes, publicamos los cuentos que hab\u00e9is enviado a \u00abSacudiendo letras\u00bb. Como son pocos, pero son buenos, aprovecho para bloguearlos todos y, por esta vez, que el ganador sea decidido por el p\u00fablico soberano. En la Margen Derecha ten\u00e9is una Encuesta. Funcionar\u00e1 hasta las 10 y 10 de la noche del d\u00eda 10 [&hellip;]<\/p>\n","protected":false},"author":1,"featured_media":0,"comment_status":"open","ping_status":"open","sticky":false,"template":"","format":"standard","meta":{"jetpack_post_was_ever_published":false,"_jetpack_newsletter_access":"","_jetpack_dont_email_post_to_subs":false,"_jetpack_newsletter_tier_id":0,"_jetpack_memberships_contains_paywalled_content":false,"_jetpack_memberships_contains_paid_content":false,"footnotes":""},"categories":[31,3598],"tags":[3666,31,3665,3664],"class_list":["post-7056","post","type-post","status-publish","format-standard","hentry","category-relatos","category-sacudiendo-letras","tag-cuentos-gitanos","tag-relatos","tag-relatos-gitanos","tag-sacudiendo-palabras"],"jetpack_featured_media_url":"","jetpack_sharing_enabled":true,"_links":{"self":[{"href":"https:\/\/www.granadablogs.com\/pateandoelmundo\/wp-json\/wp\/v2\/posts\/7056","targetHints":{"allow":["GET"]}}],"collection":[{"href":"https:\/\/www.granadablogs.com\/pateandoelmundo\/wp-json\/wp\/v2\/posts"}],"about":[{"href":"https:\/\/www.granadablogs.com\/pateandoelmundo\/wp-json\/wp\/v2\/types\/post"}],"author":[{"embeddable":true,"href":"https:\/\/www.granadablogs.com\/pateandoelmundo\/wp-json\/wp\/v2\/users\/1"}],"replies":[{"embeddable":true,"href":"https:\/\/www.granadablogs.com\/pateandoelmundo\/wp-json\/wp\/v2\/comments?post=7056"}],"version-history":[{"count":6,"href":"https:\/\/www.granadablogs.com\/pateandoelmundo\/wp-json\/wp\/v2\/posts\/7056\/revisions"}],"predecessor-version":[{"id":7058,"href":"https:\/\/www.granadablogs.com\/pateandoelmundo\/wp-json\/wp\/v2\/posts\/7056\/revisions\/7058"}],"wp:attachment":[{"href":"https:\/\/www.granadablogs.com\/pateandoelmundo\/wp-json\/wp\/v2\/media?parent=7056"}],"wp:term":[{"taxonomy":"category","embeddable":true,"href":"https:\/\/www.granadablogs.com\/pateandoelmundo\/wp-json\/wp\/v2\/categories?post=7056"},{"taxonomy":"post_tag","embeddable":true,"href":"https:\/\/www.granadablogs.com\/pateandoelmundo\/wp-json\/wp\/v2\/tags?post=7056"}],"curies":[{"name":"wp","href":"https:\/\/api.w.org\/{rel}","templated":true}]}}