{"id":62,"date":"2008-02-23T19:17:00","date_gmt":"2008-02-23T18:17:00","guid":{"rendered":"http:\/\/www.granadablogs.com\/pateandoelmundo\/?p=62"},"modified":"2008-02-23T19:17:00","modified_gmt":"2008-02-23T18:17:00","slug":"brenan-yegen-y-la-alpujarra-una-historia-de-olvido-y-desamor","status":"publish","type":"post","link":"https:\/\/www.granadablogs.com\/pateandoelmundo\/brenan-yegen-y-la-alpujarra-una-historia-de-olvido-y-desamor\/","title":{"rendered":"BRENAN, YEGEN Y LA ALPUJARRA: UNA HISTORIA DE OLVIDO Y DESAMOR"},"content":{"rendered":"<table id=\"HB_Mail_Container\" height=\"100%\" cellspacing=\"0\" cellpadding=\"0\" width=\"100%\" border=\"0\" unselectable=\"on\">\n<tbody>\n<tr height=\"100%\" width=\"100%\" unselectable=\"on\">\n<td id=\"HB_Focus_Element\" valign=\"top\" width=\"100%\" background=\"\" height=\"250\" unselectable=\"off\">\n<div align=\"justify\">Muchos de vosotros lo le\u00edstes hace unos d\u00edas, en la famosa y archiconocida columna que Maria Angustias de la Calle tiene en IDEAL. Se titulaba \u00abBrenan, olvidado en Granada\u00bb y rezaba as\u00ed:<\/div>\n<div align=\"justify\"> <\/div>\n<div align=\"justify\"><\/div>\n<p><img decoding=\"async\" id=\"BLOGGER_PHOTO_ID_5170245323001223106\" style=\"DISPLAY: block; MARGIN: 0px auto 10px; CURSOR: hand; TEXT-ALIGN: center\" alt=\"\" src=\"http:\/\/bp0.blogger.com\/_r6VY1mvj3jk\/R8Bmumcc18I\/AAAAAAAAAkw\/Q0DnfU4QRXU\/s400\/_05.jpg\" border=\"0\" \/><\/p>\n<div align=\"justify\"><\/div>\n<p><\/p>\n<div align=\"justify\"><span style=\"font-size:130%;\"><em>\u00abEn 2007 se conmemor\u00f3 el veinte aniversario de la muerte del escritor ingl\u00e9s <\/em><\/span><a href=\"http:\/\/es.wikipedia.org\/wiki\/Gerald_Brenan\"><span style=\"font-size:130%;color:#ff0000;\"><strong><em>Gerald Brenan<\/em><\/strong><\/span><\/a><span style=\"font-size:130%;\"><em>. Tambi\u00e9n eI a\u00f1o pasado se cumplieron cincuenta a\u00f1os de la primera edici\u00f3n inglesa de &#8216;Al sur de Granada&#8217;. Esto viene a cuento porque el otro d\u00eda le\u00ed que la casa en la que Brenan residi\u00f3 en el pueblo malague\u00f1o de Churriana va a ser rehabilitada para albergar \u00a1un triple museo! sobre los viajeros rom\u00e1nticos, otro sobre la figura de Brenan, ambientado en la \u00e9poca en la que habitaba esta casa del siglo XIX, y un tercero con aperos de labranza y otros \u00fatiles relacionados con la vida agr\u00edcola de Churriana, que aportar\u00e1n los vecinos. <\/em><\/span><\/div>\n<div align=\"justify\"><span style=\"font-size:130%;\"><\/span> <\/div>\n<div align=\"justify\"><\/div>\n<p><img decoding=\"async\" id=\"BLOGGER_PHOTO_ID_5170245318706255794\" style=\"DISPLAY: block; MARGIN: 0px auto 10px; CURSOR: hand; TEXT-ALIGN: center\" alt=\"\" src=\"http:\/\/bp3.blogger.com\/_r6VY1mvj3jk\/R8BmuWcc17I\/AAAAAAAAAko\/xuNHR29FtaY\/s400\/_03.jpg\" border=\"0\" \/><\/p>\n<div align=\"justify\"><\/div>\n<p><\/p>\n<div align=\"justify\"><span style=\"font-family:times new roman;font-size:130%;\"><em>Y claro, cuando una lee estas cosas la indignaci\u00f3n sele sube a la cabeza y no puede evitar volcar su enfado en esta columna. Y es que si hay alguna obra que se identifica con Brenan \u00e9sa es &#8216;Al sur de Granada&#8217;, donde Brenan relata su experiencia durante los a\u00f1os que vivi\u00f3 en el pueblo alpujarre\u00f1o de Yegen. La historia se llev\u00f3 hace algunos a\u00f1os al cine en la pel\u00edcula de Fernando Colomo, &#8216;Al sur de Granada&#8217;. Lo que me parece triste es que muchos viajeros lleguen a Yegen atra\u00eddos por la figurade Brenan -que, como la de Lorca, crece con el tiempo- y apenas encuentren nada que les recuerde a &#8216;don Geraldo&#8217;: una placa en la casa en la que vivi\u00f3 y poco m\u00e1s. Seguro que se puede hacer m\u00e1s por &#8216;poner en valor&#8217; Brenan, Yegen y la Alpujarra.\u00bb<\/em><\/span><\/div>\n<p><\/p>\n<div align=\"justify\"><\/div>\n<p><\/p>\n<div align=\"justify\">Va de preguntas, a ver si me ayud\u00e1is a contextualizar esta historia:<\/div>\n<p><\/p>\n<div align=\"justify\"><\/div>\n<p><\/p>\n<div align=\"justify\">\u00bfConoc\u00e9is la obra de Gerald Brenan? \u00bfVist\u00e9is la pel\u00edcula de Fernando Colomo?<\/div>\n<p><\/p>\n<div align=\"justify\">\u00bfHab\u00e9is estado en Yegen alguna vez?<\/div>\n<div align=\"justify\"> <\/div>\n<div align=\"justify\"><\/div>\n<p><img decoding=\"async\" id=\"BLOGGER_PHOTO_ID_5170245327296190418\" style=\"DISPLAY: block; MARGIN: 0px auto 10px; CURSOR: hand; TEXT-ALIGN: center\" alt=\"\" src=\"http:\/\/bp1.blogger.com\/_r6VY1mvj3jk\/R8Bmu2cc19I\/AAAAAAAAAk4\/2Ghigv4GCc0\/s400\/_06.jpg\" border=\"0\" \/><\/p>\n<div align=\"justify\">\u00bfOs parecer\u00eda razonable que la localidad alpujarre\u00f1a hiciera algo por vincularse a la memoria de Don Geraldo?<\/div>\n<p><\/p>\n<div align=\"justify\">\u00bfQu\u00e9 os parece la inicitiva de Churriana?<\/div>\n<p><\/p>\n<div align=\"justify\">Con lo que ha significado Granada en el imaginario viajero y rom\u00e1ntico (sobre lo que escribimos en su momento) \u00bfpor qu\u00e9 no hay ning\u00fan museo que hable de todo ello?<\/div>\n<p><\/p>\n<div align=\"justify\"><\/div>\n<p><\/p>\n<div align=\"justify\">Espero, queridos amigos, vuestra complicidad, sugerencias, comentarios, etc.<\/div>\n<p>Gracias por anticipado.<\/td>\n<\/tr>\n<tr unselectable=\"on\" hb_tag=\"1\">\n<td style=\"FONT-SIZE: 1pt\" height=\"1\" unselectable=\"on\"><\/p>\n<div id=\"hotbar_promo\"><\/div>\n<\/td>\n<\/tr>\n<\/tbody>\n<\/table>\n","protected":false},"excerpt":{"rendered":"<p>Muchos de vosotros lo le\u00edstes hace unos d\u00edas, en la famosa y archiconocida columna que Maria Angustias de la Calle tiene en IDEAL. Se titulaba \u00abBrenan, olvidado en Granada\u00bb y rezaba as\u00ed: \u00abEn 2007 se conmemor\u00f3 el veinte aniversario de la muerte del escritor ingl\u00e9s Gerald Brenan. Tambi\u00e9n eI a\u00f1o pasado se cumplieron cincuenta a\u00f1os [&hellip;]<\/p>\n","protected":false},"author":1,"featured_media":0,"comment_status":"open","ping_status":"open","sticky":false,"template":"","format":"standard","meta":{"jetpack_post_was_ever_published":false,"_jetpack_newsletter_access":"","_jetpack_dont_email_post_to_subs":false,"_jetpack_newsletter_tier_id":0,"_jetpack_memberships_contains_paywalled_content":false,"_jetpack_memberships_contains_paid_content":false,"footnotes":""},"categories":[6],"tags":[],"class_list":["post-62","post","type-post","status-publish","format-standard","hentry","category-opinion"],"jetpack_featured_media_url":"","jetpack_sharing_enabled":true,"_links":{"self":[{"href":"https:\/\/www.granadablogs.com\/pateandoelmundo\/wp-json\/wp\/v2\/posts\/62","targetHints":{"allow":["GET"]}}],"collection":[{"href":"https:\/\/www.granadablogs.com\/pateandoelmundo\/wp-json\/wp\/v2\/posts"}],"about":[{"href":"https:\/\/www.granadablogs.com\/pateandoelmundo\/wp-json\/wp\/v2\/types\/post"}],"author":[{"embeddable":true,"href":"https:\/\/www.granadablogs.com\/pateandoelmundo\/wp-json\/wp\/v2\/users\/1"}],"replies":[{"embeddable":true,"href":"https:\/\/www.granadablogs.com\/pateandoelmundo\/wp-json\/wp\/v2\/comments?post=62"}],"version-history":[{"count":0,"href":"https:\/\/www.granadablogs.com\/pateandoelmundo\/wp-json\/wp\/v2\/posts\/62\/revisions"}],"wp:attachment":[{"href":"https:\/\/www.granadablogs.com\/pateandoelmundo\/wp-json\/wp\/v2\/media?parent=62"}],"wp:term":[{"taxonomy":"category","embeddable":true,"href":"https:\/\/www.granadablogs.com\/pateandoelmundo\/wp-json\/wp\/v2\/categories?post=62"},{"taxonomy":"post_tag","embeddable":true,"href":"https:\/\/www.granadablogs.com\/pateandoelmundo\/wp-json\/wp\/v2\/tags?post=62"}],"curies":[{"name":"wp","href":"https:\/\/api.w.org\/{rel}","templated":true}]}}