{"id":6124,"date":"2010-06-22T08:33:10","date_gmt":"2010-06-22T07:33:10","guid":{"rendered":"http:\/\/www.granadablogs.com\/pateandoelmundo\/?p=6124"},"modified":"2010-06-22T08:33:10","modified_gmt":"2010-06-22T07:33:10","slug":"la-colina-de-las-piedras-blancas","status":"publish","type":"post","link":"https:\/\/www.granadablogs.com\/pateandoelmundo\/la-colina-de-las-piedras-blancas\/","title":{"rendered":"LA COLINA DE LAS PIEDRAS BLANCAS"},"content":{"rendered":"<p style=\"text-align: justify;\"><em>Este jueves 24, en la Librer\u00eda Picasso de Obispo Hurtado, a las 19.30, presentaremos esta novela, en compa\u00f1\u00eda de su autor, con el que podremos hablar de todo lo que planteamos a continuaci\u00f3n \u00bfTe vienes?<\/em><\/p>\n<p style=\"text-align: justify;\"><em>\u00a0<\/em><\/p>\n<p style=\"text-align: justify;\">Me llev\u00e9 una buena sorpresa al ver esta novela, con la imagen de unos barcos a vela en la imagen de la cubierta, revestida con una faja roja que rezaba: \u201cFinalista del Premio CajaGRANADA de Novela Hist\u00f3rica\u201d.<\/p>\n<p style=\"text-align: center;\"><a href=\"http:\/\/www.granadablogs.com\/pateandoelmundo\/wp-content\/uploads\/2010\/06\/Enric511.jpg\"><img loading=\"lazy\" decoding=\"async\" class=\"size-medium wp-image-6125  aligncenter\" title=\"La colina de las piedras blancas\" src=\"http:\/\/www.granadablogs.com\/pateandoelmundo\/wp-content\/uploads\/2010\/06\/Enric511-216x300.jpg\" alt=\"\" width=\"216\" height=\"300\" srcset=\"https:\/\/www.granadablogs.com\/pateandoelmundo\/wp-content\/uploads\/2010\/06\/Enric511-216x300.jpg 216w, https:\/\/www.granadablogs.com\/pateandoelmundo\/wp-content\/uploads\/2010\/06\/Enric511.jpg 454w\" sizes=\"auto, (max-width: 216px) 100vw, 216px\" \/><\/a><\/p>\n<p style=\"text-align: justify;\">Hace unos meses, a comienzos de a\u00f1o, se hizo p\u00fablico el fallo de la II edici\u00f3n del mencionado Premio, en la Sede Central de CajaGRANADA. Recuerdo que el ganador, Jes\u00fas Maeso de la Torre, hizo un entusiasta discurso, llegando a comentar que la belleza del edificio en que est\u00e1bamos le hab\u00eda sugerido cambiar el t\u00edtulo de su novela, que pasar\u00eda a llamarse \u201cLa c\u00fapula del mundo\u201d.<\/p>\n<p style=\"text-align: justify;\">Entonces, yo no lo sab\u00eda, pero entre los invitados de esa noche se encontraba Jos\u00e9 Luis Gil Soto, que hab\u00eda concurrido al premio con una novela sobre el desastre de la Armada Invencible y que, aunque no lo gan\u00f3, ha sido publicada por la editorial Styria, en una preciosa edici\u00f3n en la que el continente est\u00e1 a la altura del contenido.<\/p>\n<p style=\"text-align: justify;\">Al ver el t\u00edtulo de la novela me pregunt\u00e9 si no tendr\u00eda tambi\u00e9n que ver con nuestro querido Cubo, eso de \u201cLa colina de las piedras blancas\u201d. Pero no. Cuando terminas de leerla entiendes a la perfecci\u00f3n el origen del t\u00edtulo, po\u00e9tico y evocador.<\/p>\n<p style=\"text-align: justify;\">La novela tiene dos partes muy diferenciadas, pero ambas necesarias y perfectamente ensambladas. La primera nos traslada a Lisboa, a los preparativos de la partida de la Armada Invencible y, de seguido, a su desastre y hecatombe. La segunda parte se centra en los avatares del protagonista de la novela, que hasta ese punto ha sido m\u00e1s coral y colectiva, una vez que desembarca en Irlanda. Avatares, aventuras, encuentros, desventuras y desencuentros sin fin.<\/p>\n<p style=\"text-align: center;\"><a href=\"http:\/\/www.granadablogs.com\/pateandoelmundo\/wp-content\/uploads\/2010\/06\/Madozcactus.jpg\"><img loading=\"lazy\" decoding=\"async\" class=\"size-medium wp-image-6126  aligncenter\" title=\"Jos\u00e9 Luis Gil Soto\" src=\"http:\/\/www.granadablogs.com\/pateandoelmundo\/wp-content\/uploads\/2010\/06\/Madozcactus-226x300.jpg\" alt=\"\" width=\"226\" height=\"300\" srcset=\"https:\/\/www.granadablogs.com\/pateandoelmundo\/wp-content\/uploads\/2010\/06\/Madozcactus-226x300.jpg 226w, https:\/\/www.granadablogs.com\/pateandoelmundo\/wp-content\/uploads\/2010\/06\/Madozcactus.jpg 300w\" sizes=\"auto, (max-width: 226px) 100vw, 226px\" \/><\/a><\/p>\n<p style=\"text-align: justify;\">No es el hist\u00f3rico un g\u00e9nero por el que suela transitar como lector. Y, sin embargo, cada vez que leo una buena novela del g\u00e9nero, como \u00e9sta, me dan ganas de ahondar m\u00e1s en la Historia que cuentan. Con may\u00fasculas. Porque a trav\u00e9s de las historias de los personajes, de sus vivencias y biograf\u00edas, contextualizamos mucho mejor la frialdad de los datos, las fechas y los sucedidos que aparecen en los libros de texto de historia cuyo recuerdo nos resulta tan lejano.<\/p>\n<p style=\"text-align: justify;\">Por ejemplo, me ha resultado harto curioso ver c\u00f3mo uno de los grandes problemas a los que se enfrent\u00f3 el ej\u00e9rcito espa\u00f1ol, en aquella lucha contra los ingleses, adem\u00e1s de contar con barcos grandes y pesados que estaban en inferioridad de condiciones para pelear contra los r\u00e1pidos y peque\u00f1os barcos ingleses, tuvo que ver con una partida perdida de barriles.<\/p>\n<p style=\"text-align: justify;\">Barriles.<\/p>\n<p style=\"text-align: justify;\">Tal y como suena. Porque en los barriles era donde se guardaba la comida y la bebida que los marineros y los oficiales precisar\u00edan para subsistir durante la batalla naval con los ingleses. Y la falta de buenos y nuevos barriles hizo que se corrompiera tanto el agua como los alimentos de una mariner\u00eda que estuvo al borde de la inanici\u00f3n. Batallas navales, por tanto, que distan mucho de ser siquiera parecidas a las secuencias de aventuras que estamos acostumbrados a ver en las pel\u00edculas. Porque en la ra\u00edz de la derrota de la Invencible, m\u00e1s all\u00e1 de las proezas b\u00e9licas de los ingleses, se encuentra la desorganizaci\u00f3n de los espa\u00f1oles, la obsolescencia de sus barcos y la descoordinaci\u00f3n a la hora de pertrecharse, prepararse y armarse.<\/p>\n<p style=\"text-align: center;\"><a href=\"http:\/\/www.granadablogs.com\/pateandoelmundo\/wp-content\/uploads\/2010\/06\/Oniria.jpg\"><img loading=\"lazy\" decoding=\"async\" class=\"size-medium wp-image-6127  aligncenter\" title=\"La Armada Invencible\" src=\"http:\/\/www.granadablogs.com\/pateandoelmundo\/wp-content\/uploads\/2010\/06\/Oniria-300x234.jpg\" alt=\"\" width=\"300\" height=\"234\" srcset=\"https:\/\/www.granadablogs.com\/pateandoelmundo\/wp-content\/uploads\/2010\/06\/Oniria-300x234.jpg 300w, https:\/\/www.granadablogs.com\/pateandoelmundo\/wp-content\/uploads\/2010\/06\/Oniria.jpg 350w\" sizes=\"auto, (max-width: 300px) 100vw, 300px\" \/><\/a><\/p>\n<p style=\"text-align: justify;\">Y despu\u00e9s est\u00e1, por supuesto, la relaci\u00f3n de los personajes con sus compa\u00f1eros, jefes y subordinados. Y las aventuras. Porque estamos en una novela, no lo olvidemos. Y entre la espectacularidad de las batallas de ficci\u00f3n en el cine y el fr\u00edo an\u00e1lisis de los ensayos de historia est\u00e1 el prodigio de la mejor literatura, que ensambla la realidad con la ficci\u00f3n para contar historias respetuosas y fieles a la Historia.<\/p>\n<p style=\"text-align: justify;\">\u201cLa colina de las piedras blancas\u201d es una estupenda novela, en fin, con toques fantasmag\u00f3ricos, propios de esa Irlanda brumosa en la que los ingleses y los irlandeses disputaban una guerra sin cuartel y en la que fue a naufragar un extreme\u00f1o para darse de bruces con una realidad extra\u00f1a que hace de la narraci\u00f3n de Jos\u00e9 Luis Gil Soto una historia intrigante, apasionante y altamente adictiva.<\/p>\n<p style=\"text-align: justify;\">Jes\u00fas Lens Espinosa de los Monteros.<\/p>\n","protected":false},"excerpt":{"rendered":"<p>Este jueves 24, en la Librer\u00eda Picasso de Obispo Hurtado, a las 19.30, presentaremos esta novela, en compa\u00f1\u00eda de su autor, con el que podremos hablar de todo lo que planteamos a continuaci\u00f3n \u00bfTe vienes? \u00a0 Me llev\u00e9 una buena sorpresa al ver esta novela, con la imagen de unos barcos a vela en la [&hellip;]<\/p>\n","protected":false},"author":1,"featured_media":0,"comment_status":"open","ping_status":"open","sticky":false,"template":"","format":"standard","meta":{"jetpack_post_was_ever_published":false,"_jetpack_newsletter_access":"","_jetpack_dont_email_post_to_subs":false,"_jetpack_newsletter_tier_id":0,"_jetpack_memberships_contains_paywalled_content":false,"_jetpack_memberships_contains_paid_content":false,"footnotes":""},"categories":[9],"tags":[3188,3189,2958,3185,3184,3187,3186,467],"class_list":["post-6124","post","type-post","status-publish","format-standard","hentry","category-literarios","tag-armada-invencible","tag-editorial-stirya-styria","tag-irlanda","tag-jose-luis-gil-soto","tag-la-colina-de-las-piedras-blancas","tag-literatura-historica","tag-novela-historica","tag-premio-cajagranada-novela-historica"],"jetpack_featured_media_url":"","jetpack_sharing_enabled":true,"_links":{"self":[{"href":"https:\/\/www.granadablogs.com\/pateandoelmundo\/wp-json\/wp\/v2\/posts\/6124","targetHints":{"allow":["GET"]}}],"collection":[{"href":"https:\/\/www.granadablogs.com\/pateandoelmundo\/wp-json\/wp\/v2\/posts"}],"about":[{"href":"https:\/\/www.granadablogs.com\/pateandoelmundo\/wp-json\/wp\/v2\/types\/post"}],"author":[{"embeddable":true,"href":"https:\/\/www.granadablogs.com\/pateandoelmundo\/wp-json\/wp\/v2\/users\/1"}],"replies":[{"embeddable":true,"href":"https:\/\/www.granadablogs.com\/pateandoelmundo\/wp-json\/wp\/v2\/comments?post=6124"}],"version-history":[{"count":1,"href":"https:\/\/www.granadablogs.com\/pateandoelmundo\/wp-json\/wp\/v2\/posts\/6124\/revisions"}],"predecessor-version":[{"id":6128,"href":"https:\/\/www.granadablogs.com\/pateandoelmundo\/wp-json\/wp\/v2\/posts\/6124\/revisions\/6128"}],"wp:attachment":[{"href":"https:\/\/www.granadablogs.com\/pateandoelmundo\/wp-json\/wp\/v2\/media?parent=6124"}],"wp:term":[{"taxonomy":"category","embeddable":true,"href":"https:\/\/www.granadablogs.com\/pateandoelmundo\/wp-json\/wp\/v2\/categories?post=6124"},{"taxonomy":"post_tag","embeddable":true,"href":"https:\/\/www.granadablogs.com\/pateandoelmundo\/wp-json\/wp\/v2\/tags?post=6124"}],"curies":[{"name":"wp","href":"https:\/\/api.w.org\/{rel}","templated":true}]}}