{"id":6068,"date":"2010-06-17T08:30:06","date_gmt":"2010-06-17T07:30:06","guid":{"rendered":"http:\/\/www.granadablogs.com\/pateandoelmundo\/?p=6068"},"modified":"2010-06-16T18:37:29","modified_gmt":"2010-06-16T17:37:29","slug":"luna-de-junio","status":"publish","type":"post","link":"https:\/\/www.granadablogs.com\/pateandoelmundo\/luna-de-junio\/","title":{"rendered":"LUNA DE JUNIO"},"content":{"rendered":"<p style=\"text-align: justify;\">A veces llegan manuscritos. Bueno, manuscritos que no son tales. Ser\u00eda m\u00e1s propio llamarlos \u201coriginales\u201d, que los procesadores de textos hacen maravillas y han terminado casi por completo con la palabra escrita a mano.<\/p>\n<p style=\"text-align: justify;\">Dec\u00eda que, a veces, tenemos la suerte de leer, en un pu\u00f1ado de folios, la narraci\u00f3n de una persona. Su historia. O sea, una de las historias que surgen de su f\u00e9rtil imaginaci\u00f3n. Una historia que, piensas, deber\u00eda ser le\u00edda y compartida por otras personas.<\/p>\n<p style=\"text-align: justify;\">Porque es buena.<\/p>\n<p style=\"text-align: justify;\">Porque es divertida.<\/p>\n<p style=\"text-align: justify;\">Porque es diferente.<\/p>\n<p style=\"text-align: justify;\">Una historia como la que escribi\u00f3 Carlos Balado, titulada \u201cLuna de junio\u201d. Y que la <a href=\"http:\/\/www.almed.net\/\">editorial ALMED <\/a>ha tenido el tino y la generosidad de publicar en su moderna, nueva y atractiv\u00edsima <a href=\"http:\/\/www.ultramarina.es\/\">Colecci\u00f3n Ultramarina<\/a>.<\/p>\n<p style=\"text-align: center;\"><a href=\"http:\/\/www.granadablogs.com\/pateandoelmundo\/wp-content\/uploads\/2010\/06\/122.jpg\"><img loading=\"lazy\" decoding=\"async\" class=\"size-medium wp-image-6069  aligncenter\" title=\"Luna de junio\" src=\"http:\/\/www.granadablogs.com\/pateandoelmundo\/wp-content\/uploads\/2010\/06\/122-201x300.jpg\" alt=\"\" width=\"201\" height=\"300\" srcset=\"https:\/\/www.granadablogs.com\/pateandoelmundo\/wp-content\/uploads\/2010\/06\/122-201x300.jpg 201w, https:\/\/www.granadablogs.com\/pateandoelmundo\/wp-content\/uploads\/2010\/06\/122.jpg 298w\" sizes=\"auto, (max-width: 201px) 100vw, 201px\" \/><\/a><\/p>\n<p style=\"text-align: justify;\">Sobre el \u201cde qu\u00e9 va\u201d la novela, pod\u00e9is leer <a href=\"http:\/\/www.ultramarina.es\/index.php?page=shop.product_details&amp;flypage=flypage.tpl&amp;product_id=8&amp;category_id=1&amp;option=com_virtuemart&amp;Itemid=53&amp;vmcchk=1&amp;Itemid=53\">AQU\u00cd<\/a>.<\/p>\n<p style=\"text-align: justify;\">A m\u00ed, adem\u00e1s de recomendarla vivamente, me apetece hablar del autor, Carlos Balado, Jefe de Obra Social y Relaciones Institucionales de la Confederaci\u00f3n Espa\u00f1ola de Cajas de Ahorro, al que tengo la fortuna de conocer desde hace varios a\u00f1os y con el que he tenido ocasi\u00f3n de compartir conferencias, ponencias, seminarios&#8230;<\/p>\n<p style=\"text-align: justify;\">Durante los a\u00f1os que he sido Secretario General de la Asociaci\u00f3n Internacional de Entidades de Cr\u00e9dito Prendario y Social, me tocaba organizar las Asambleas Generales y, en ellas, coordinar las diferentes ponencias e intervenciones. Siempre, por sistema, una de las m\u00e1s esperadas era la de Carlos Balado. Y, despu\u00e9s, tambi\u00e9n terminaba siendo una de las m\u00e1s recordadas, comentadas y memorables, con innumerables peticiones, por parte de todos los oyentes, de recibir su contenido por mail, CD o pen drive.<\/p>\n<p style=\"text-align: center;\"><a href=\"http:\/\/www.granadablogs.com\/pateandoelmundo\/wp-content\/uploads\/2010\/06\/152.jpg\"><img loading=\"lazy\" decoding=\"async\" class=\"size-full wp-image-6070  aligncenter\" title=\"Carlos Balado\" src=\"http:\/\/www.granadablogs.com\/pateandoelmundo\/wp-content\/uploads\/2010\/06\/152.jpg\" alt=\"\" width=\"148\" height=\"200\" \/><\/a><\/p>\n<p style=\"text-align: justify;\">Porque Carlos no s\u00f3lo es brillante en las exposiciones, claro y contundente, sino que atesora una cantidad de conocimientos que pueden llegar a apabullar. Conocimientos sobre las m\u00e1s variadas disciplinas que, despu\u00e9s, Carlos sabe c\u00f3mo relacionar y mezclar para conseguir establecer conexiones y conclusiones que nos hacen entender mucho mejor el desmesurado mundo en que vivimos y el entorno global en que nos movemos.<\/p>\n<p style=\"text-align: justify;\">Pero, ojo, que nadie se llame a enga\u00f1os. Lo mejor de Carlos es que, adem\u00e1s, sabe escribir historias tiernas, intimistas, divertidas y simp\u00e1ticas como \u201cLuna de junio\u201d, protagonizada por un personaje muy singular y a contracorriente que emprende un viaje aparentemente sencillo, pero que, para \u00e9l, puede convertirse en una tit\u00e1nica aventura.<\/p>\n<p style=\"text-align: center;\"><a href=\"http:\/\/www.granadablogs.com\/pateandoelmundo\/wp-content\/uploads\/2010\/06\/Enric58.jpg\"><img loading=\"lazy\" decoding=\"async\" class=\"size-medium wp-image-6071  aligncenter\" title=\"Carlos Balado\" src=\"http:\/\/www.granadablogs.com\/pateandoelmundo\/wp-content\/uploads\/2010\/06\/Enric58-200x300.jpg\" alt=\"\" width=\"200\" height=\"300\" srcset=\"https:\/\/www.granadablogs.com\/pateandoelmundo\/wp-content\/uploads\/2010\/06\/Enric58-200x300.jpg 200w, https:\/\/www.granadablogs.com\/pateandoelmundo\/wp-content\/uploads\/2010\/06\/Enric58.jpg 210w\" sizes=\"auto, (max-width: 200px) 100vw, 200px\" \/><\/a><\/p>\n<p style=\"text-align: justify;\">Consejo de amigo, id a vuestra librer\u00eda m\u00e1s cercana y pedid \u201cLuna de junio\u201d. Una novela muy apropiada para la temporada de verano que ahora comienza. Y, de paso, una recomendaci\u00f3n de otro tipo, pero de la misma editorial ALMED: \u201cLas cenizas de los imperios\u201d, de Karl E. Meyer. Subtitulado como \u201cLa lucha por la supremac\u00eda en el coraz\u00f3n de Asia\u201d, nos habla del origen de los conflictos que sangran por las heridas abiertas de Afganist\u00e1n y pa\u00edses lim\u00edtrofes.<\/p>\n<p style=\"text-align: center;\"><a href=\"http:\/\/www.granadablogs.com\/pateandoelmundo\/wp-content\/uploads\/2010\/06\/08.jpg\"><img loading=\"lazy\" decoding=\"async\" class=\"size-full wp-image-6074  aligncenter\" title=\"Las cenizas de los imperios\" src=\"http:\/\/www.granadablogs.com\/pateandoelmundo\/wp-content\/uploads\/2010\/06\/08.jpg\" alt=\"\" width=\"208\" height=\"314\" srcset=\"https:\/\/www.granadablogs.com\/pateandoelmundo\/wp-content\/uploads\/2010\/06\/08.jpg 208w, https:\/\/www.granadablogs.com\/pateandoelmundo\/wp-content\/uploads\/2010\/06\/08-198x300.jpg 198w\" sizes=\"auto, (max-width: 208px) 100vw, 208px\" \/><\/a><\/p>\n<p style=\"text-align: justify;\">Porque las cosas no ocurren por casualidad. Porque la historia marca el porvenir. Porque, en un mundo global, ning\u00fan rinc\u00f3n del mundo nos puede ser ajeno&#8230; hay que conocer el origen de \u201cLas cenizas de los imperios\u201d. (M\u00e1s info, <a href=\"http:\/\/www.almed.net\/home_pr.php?pag=libro_det.php?id_libro=051\">AQU\u00cd<\/a>)<\/p>\n<p style=\"text-align: justify;\">Jes\u00fas Lens Espinosa de los Monteros.<\/p>\n","protected":false},"excerpt":{"rendered":"<p>A veces llegan manuscritos. Bueno, manuscritos que no son tales. Ser\u00eda m\u00e1s propio llamarlos \u201coriginales\u201d, que los procesadores de textos hacen maravillas y han terminado casi por completo con la palabra escrita a mano. Dec\u00eda que, a veces, tenemos la suerte de leer, en un pu\u00f1ado de folios, la narraci\u00f3n de una persona. Su historia. [&hellip;]<\/p>\n","protected":false},"author":1,"featured_media":0,"comment_status":"open","ping_status":"open","sticky":false,"template":"","format":"standard","meta":{"jetpack_post_was_ever_published":false,"_jetpack_newsletter_access":"","_jetpack_dont_email_post_to_subs":false,"_jetpack_newsletter_tier_id":0,"_jetpack_memberships_contains_paywalled_content":false,"_jetpack_memberships_contains_paid_content":false,"footnotes":""},"categories":[9],"tags":[3150,3151,1599,3153,3152,49,3149,1254],"class_list":["post-6068","post","type-post","status-publish","format-standard","hentry","category-literarios","tag-carlos-balado","tag-coleccion-ultramarina","tag-editorial-almed","tag-karl-e-meyer","tag-las-cenizas-de-los-imperios","tag-libros","tag-luna-de-junio","tag-ultramarina"],"jetpack_featured_media_url":"","jetpack_sharing_enabled":true,"_links":{"self":[{"href":"https:\/\/www.granadablogs.com\/pateandoelmundo\/wp-json\/wp\/v2\/posts\/6068","targetHints":{"allow":["GET"]}}],"collection":[{"href":"https:\/\/www.granadablogs.com\/pateandoelmundo\/wp-json\/wp\/v2\/posts"}],"about":[{"href":"https:\/\/www.granadablogs.com\/pateandoelmundo\/wp-json\/wp\/v2\/types\/post"}],"author":[{"embeddable":true,"href":"https:\/\/www.granadablogs.com\/pateandoelmundo\/wp-json\/wp\/v2\/users\/1"}],"replies":[{"embeddable":true,"href":"https:\/\/www.granadablogs.com\/pateandoelmundo\/wp-json\/wp\/v2\/comments?post=6068"}],"version-history":[{"count":3,"href":"https:\/\/www.granadablogs.com\/pateandoelmundo\/wp-json\/wp\/v2\/posts\/6068\/revisions"}],"predecessor-version":[{"id":6073,"href":"https:\/\/www.granadablogs.com\/pateandoelmundo\/wp-json\/wp\/v2\/posts\/6068\/revisions\/6073"}],"wp:attachment":[{"href":"https:\/\/www.granadablogs.com\/pateandoelmundo\/wp-json\/wp\/v2\/media?parent=6068"}],"wp:term":[{"taxonomy":"category","embeddable":true,"href":"https:\/\/www.granadablogs.com\/pateandoelmundo\/wp-json\/wp\/v2\/categories?post=6068"},{"taxonomy":"post_tag","embeddable":true,"href":"https:\/\/www.granadablogs.com\/pateandoelmundo\/wp-json\/wp\/v2\/tags?post=6068"}],"curies":[{"name":"wp","href":"https:\/\/api.w.org\/{rel}","templated":true}]}}