{"id":6065,"date":"2010-06-16T17:00:21","date_gmt":"2010-06-16T16:00:21","guid":{"rendered":"http:\/\/www.granadablogs.com\/pateandoelmundo\/?p=6065"},"modified":"2010-06-16T12:42:17","modified_gmt":"2010-06-16T11:42:17","slug":"raices","status":"publish","type":"post","link":"https:\/\/www.granadablogs.com\/pateandoelmundo\/raices\/","title":{"rendered":"RA\u00cdCES"},"content":{"rendered":"<p style=\"text-align: justify;\">Hace unos d\u00edas le dieron a Amin Maalouf el Pr\u00edncipe de Asturias de las Letras. Un escritor grande, muy grande, del que me gusta casi todo lo que le he le\u00eddo.<\/p>\n<p style=\"text-align: justify;\">Me encanta, por ejemplo, esta cita de sus \u201cOr\u00edgenes\u201d, con la que, me imagino, habr\u00e1 muchos de vosotros que no estar\u00e9is de acuerdo&#8230;<\/p>\n<p style=\"text-align: justify;\"><strong>\u201cOtro que no sea yo deber\u00eda hablar de \u201cra\u00edces\u201d&#8230; no es mi vocabulario. La palabra \u201cra\u00edces\u201d no me gusta, y la imagen todav\u00eda menos. Las ra\u00edces se hunden en la tierra, se retuercen en el fango, se propagan entre tinieblas; mantienen cautivo al \u00e1rbol desde que nace y lo alimentan a cambio de un chantaje: <em>\u201cSi te liberas, morir\u00e1s\u201d<\/em>.<\/strong><\/p>\n<p style=\"text-align: center;\"><a href=\"http:\/\/www.granadablogs.com\/pateandoelmundo\/wp-content\/uploads\/2010\/06\/Enric57.jpg\"><img loading=\"lazy\" decoding=\"async\" class=\"size-medium wp-image-6066  aligncenter\" title=\"Ra\u00edces. Chema Madoz\" src=\"http:\/\/www.granadablogs.com\/pateandoelmundo\/wp-content\/uploads\/2010\/06\/Enric57-226x300.jpg\" alt=\"\" width=\"226\" height=\"300\" srcset=\"https:\/\/www.granadablogs.com\/pateandoelmundo\/wp-content\/uploads\/2010\/06\/Enric57-226x300.jpg 226w, https:\/\/www.granadablogs.com\/pateandoelmundo\/wp-content\/uploads\/2010\/06\/Enric57.jpg 415w\" sizes=\"auto, (max-width: 226px) 100vw, 226px\" \/><\/a><\/p>\n<p style=\"text-align: justify;\">\u00bfOs consider\u00e1is personas con ra\u00edces? Y, en caso afirmativo, \u00bfsent\u00eds que os aprisionan?<\/p>\n<p style=\"text-align: justify;\">Jes\u00fas Lens.<\/p>\n","protected":false},"excerpt":{"rendered":"<p>Hace unos d\u00edas le dieron a Amin Maalouf el Pr\u00edncipe de Asturias de las Letras. Un escritor grande, muy grande, del que me gusta casi todo lo que le he le\u00eddo. Me encanta, por ejemplo, esta cita de sus \u201cOr\u00edgenes\u201d, con la que, me imagino, habr\u00e1 muchos de vosotros que no estar\u00e9is de acuerdo&#8230; \u201cOtro [&hellip;]<\/p>\n","protected":false},"author":1,"featured_media":0,"comment_status":"open","ping_status":"open","sticky":false,"template":"","format":"standard","meta":{"jetpack_post_was_ever_published":false,"_jetpack_newsletter_access":"","_jetpack_dont_email_post_to_subs":false,"_jetpack_newsletter_tier_id":0,"_jetpack_memberships_contains_paywalled_content":false,"_jetpack_memberships_contains_paid_content":false,"footnotes":""},"categories":[22,24],"tags":[3148,3147,3146],"class_list":["post-6065","post","type-post","status-publish","format-standard","hentry","category-aforismos","category-viajes","tag-amin-maalouf","tag-libertad","tag-raices"],"jetpack_featured_media_url":"","jetpack_sharing_enabled":true,"_links":{"self":[{"href":"https:\/\/www.granadablogs.com\/pateandoelmundo\/wp-json\/wp\/v2\/posts\/6065","targetHints":{"allow":["GET"]}}],"collection":[{"href":"https:\/\/www.granadablogs.com\/pateandoelmundo\/wp-json\/wp\/v2\/posts"}],"about":[{"href":"https:\/\/www.granadablogs.com\/pateandoelmundo\/wp-json\/wp\/v2\/types\/post"}],"author":[{"embeddable":true,"href":"https:\/\/www.granadablogs.com\/pateandoelmundo\/wp-json\/wp\/v2\/users\/1"}],"replies":[{"embeddable":true,"href":"https:\/\/www.granadablogs.com\/pateandoelmundo\/wp-json\/wp\/v2\/comments?post=6065"}],"version-history":[{"count":1,"href":"https:\/\/www.granadablogs.com\/pateandoelmundo\/wp-json\/wp\/v2\/posts\/6065\/revisions"}],"predecessor-version":[{"id":6067,"href":"https:\/\/www.granadablogs.com\/pateandoelmundo\/wp-json\/wp\/v2\/posts\/6065\/revisions\/6067"}],"wp:attachment":[{"href":"https:\/\/www.granadablogs.com\/pateandoelmundo\/wp-json\/wp\/v2\/media?parent=6065"}],"wp:term":[{"taxonomy":"category","embeddable":true,"href":"https:\/\/www.granadablogs.com\/pateandoelmundo\/wp-json\/wp\/v2\/categories?post=6065"},{"taxonomy":"post_tag","embeddable":true,"href":"https:\/\/www.granadablogs.com\/pateandoelmundo\/wp-json\/wp\/v2\/tags?post=6065"}],"curies":[{"name":"wp","href":"https:\/\/api.w.org\/{rel}","templated":true}]}}