{"id":5947,"date":"2010-06-01T09:59:52","date_gmt":"2010-06-01T08:59:52","guid":{"rendered":"http:\/\/www.granadablogs.com\/pateandoelmundo\/?p=5947"},"modified":"2010-06-07T13:58:59","modified_gmt":"2010-06-07T12:58:59","slug":"rabia","status":"publish","type":"post","link":"https:\/\/www.granadablogs.com\/pateandoelmundo\/rabia\/","title":{"rendered":"RABIA"},"content":{"rendered":"<p style=\"text-align: justify;\">Ven\u00eda muy bien recomendada por la cr\u00edtica que la hab\u00eda visto. \u201cRabia\u201d. Un t\u00edtulo tan corto como contundente que gan\u00f3 la Biznaga de Oro a la mejor pel\u00edcula del reci\u00e9n terminado Festival de Cine Espa\u00f1ol de M\u00e1laga, en el que se hizo acreedor, adem\u00e1s, al premio a la mejor fotograf\u00eda y al mejor secundario, \u00c0lex Brendem\u00fchl.<\/p>\n<p style=\"text-align: center;\"><a href=\"http:\/\/www.granadablogs.com\/pateandoelmundo\/wp-content\/uploads\/2010\/06\/flash-forward.jpg\"><img loading=\"lazy\" decoding=\"async\" class=\"size-full wp-image-5948  aligncenter\" title=\"Rabia\" src=\"http:\/\/www.granadablogs.com\/pateandoelmundo\/wp-content\/uploads\/2010\/06\/flash-forward.jpg\" alt=\"\" width=\"458\" height=\"654\" srcset=\"https:\/\/www.granadablogs.com\/pateandoelmundo\/wp-content\/uploads\/2010\/06\/flash-forward.jpg 458w, https:\/\/www.granadablogs.com\/pateandoelmundo\/wp-content\/uploads\/2010\/06\/flash-forward-210x300.jpg 210w\" sizes=\"auto, (max-width: 458px) 100vw, 458px\" \/><\/a><\/p>\n<p style=\"text-align: justify;\">Ya sab\u00e9is que, en la medida de lo posible, me gusta ver cine espa\u00f1ol. En las salas de cine. \u201cRabia\u201d, en el fin de semana de su estreno, un s\u00e1bado en la sesi\u00f3n de las 21.30, hab\u00eda concitado en Granada a la nada desde\u00f1able cantidad de&#8230; cuatro espectadores. Toda vez que ninguno hab\u00edamos comprado refrescos o palomitas y que Multicines Centro no tiene parking, el \u201cnegocio\u201d para la empresa fue, exclusivamente, el derivado de haber vendido cuatro entradas. \u00a1Mod\u00e9lico y encomiable su empe\u00f1o por traer pel\u00edculas diferentes para que las veamos apenas unas decenas de espectadores!<\/p>\n<p style=\"text-align: justify;\">No s\u00e9 si habr\u00e1 que bajar el precio de la entrada para pel\u00edculas intimistas y poco espectaculares cuyos gastos de producci\u00f3n sean muy bajos, a ver si as\u00ed se anima la gente a ir al cine a ver filmes diferentes a las espectaculares \u201cAvatar\u201d o \u201cIron man\u201d. O, lo mismo, este tipo de cine deber\u00eda pasar directamente a formato DVD, streaming, televisi\u00f3n por sat\u00e9lite o lo que quiera que nos permita verlo en casa, c\u00f3modamente tumbados en el sof\u00e1, cuando nos d\u00e9 la gana. Porque la supuesta magia del cine, en un complejo de multisalas con peque\u00f1as pantallas y con cuatro espectadores en la sala es cualquier cosa menos magia.<\/p>\n<p style=\"text-align: justify;\">De hecho, leyendo el n\u00famero de junio de \u201cFotogramas\u201d (\u00a1Felicidades por ese n\u00famero 2.000!), me di cuenta de que pasaba muy por encima por las p\u00e1ginas dedicadas a los estrenos (mayoritariamente lamentables, bochornosos y sonrojantes) del cine que est\u00e1 por venir este verano, para detenerme en la mucho m\u00e1s sugestiva secci\u00f3n de \u201cEl cine en casa\u201d, sea en su versi\u00f3n DVD, sea en la versi\u00f3n sat\u00e9lite.<\/p>\n<p style=\"text-align: center;\"><a href=\"http:\/\/www.granadablogs.com\/pateandoelmundo\/wp-content\/uploads\/2010\/06\/Enric4.jpg\"><img loading=\"lazy\" decoding=\"async\" class=\"size-full wp-image-5949  aligncenter\" title=\"Rabia\" src=\"http:\/\/www.granadablogs.com\/pateandoelmundo\/wp-content\/uploads\/2010\/06\/Enric4.jpg\" alt=\"\" width=\"450\" height=\"331\" srcset=\"https:\/\/www.granadablogs.com\/pateandoelmundo\/wp-content\/uploads\/2010\/06\/Enric4.jpg 450w, https:\/\/www.granadablogs.com\/pateandoelmundo\/wp-content\/uploads\/2010\/06\/Enric4-300x220.jpg 300w\" sizes=\"auto, (max-width: 450px) 100vw, 450px\" \/><\/a><\/p>\n<p style=\"text-align: justify;\">Y el caso es que \u201cRabia\u201d es una buena pel\u00edcula. Aclamada por la cr\u00edtica, premiada y bien valorada por el p\u00fablico, cuenta una historia agobiante y desasosegante, sin nada que chirr\u00ede en su bien ponderado gui\u00f3n, que da vueltas sobre el tema de los celos de una forma muy interesante y novedosa.<\/p>\n<p style=\"text-align: justify;\">Los secundarios, con una enternecedora Concha Velasco a la cabeza, est\u00e1n estupendos y los protagonistas, aunque a veces no se entienda qu\u00e9 dicen, est\u00e1n inconmensurables. Una buena pel\u00edcula dirigida con pulso por el\u00a0ecuatoriano Sebasti\u00e1n Cordero. Una pel\u00edcula muy f\u00edsica que juega extraordinariamente con el decorado y la arquitectura de una de esas casas grandes, viejas y ominosas que terminan siendo un personaje m\u00e1s de la trama.<\/p>\n<p style=\"text-align: justify;\">Y luego est\u00e1 el tema de la inmigraci\u00f3n. Por ah\u00ed se ha o\u00eddo que \u201cRabia\u201d refuerza la tesis de que uno nunca debe meter interno a un inmigrante para el servicio dom\u00e9stico. Y, vista la pel\u00edcula, me preocupa esa tesis. \u00bfQu\u00e9 tiene que ver que los protagonistas sean inmigrantes? La ida de olla que plantea la pel\u00edcula le podr\u00eda pasar a un sudamericano, a un espa\u00f1ol y hasta a un noruego. Y, desde luego, los personajes espa\u00f1oles no es que salgan bien parados del crudo retrato de la sociedad contempor\u00e1nea que hace Cordero.<\/p>\n<p style=\"text-align: center;\"><a href=\"http:\/\/www.granadablogs.com\/pateandoelmundo\/wp-content\/uploads\/2010\/06\/Enric5.jpg\"><img loading=\"lazy\" decoding=\"async\" class=\"size-full wp-image-5950  aligncenter\" title=\"Rabia\" src=\"http:\/\/www.granadablogs.com\/pateandoelmundo\/wp-content\/uploads\/2010\/06\/Enric5.jpg\" alt=\"\" width=\"310\" height=\"186\" srcset=\"https:\/\/www.granadablogs.com\/pateandoelmundo\/wp-content\/uploads\/2010\/06\/Enric5.jpg 310w, https:\/\/www.granadablogs.com\/pateandoelmundo\/wp-content\/uploads\/2010\/06\/Enric5-300x180.jpg 300w\" sizes=\"auto, (max-width: 310px) 100vw, 310px\" \/><\/a><\/p>\n<p style=\"text-align: justify;\">Una pel\u00edcula muy rese\u00f1able que, en caso de que vayas al cine, tienes muchas posibilidades de verla solito. Lo que nunca se sabe si es bueno, malo o regular.<\/p>\n<p style=\"text-align: justify;\"><strong><em>Valoraci\u00f3n: 7<\/em><\/strong><\/p>\n<p style=\"text-align: justify;\"><em><strong>Lo mejor:<\/strong> la casa.<\/em><\/p>\n<p style=\"text-align: justify;\"><em><strong>Lo peor:<\/strong> lo redundante de las canciones y que, a veces, se alargan demasiado algunas secuencias.<\/em><\/p>\n<p style=\"text-align: justify;\">Jes\u00fas Lens Espinosa de los Monteros.<\/p>\n","protected":false},"excerpt":{"rendered":"<p>Ven\u00eda muy bien recomendada por la cr\u00edtica que la hab\u00eda visto. \u201cRabia\u201d. Un t\u00edtulo tan corto como contundente que gan\u00f3 la Biznaga de Oro a la mejor pel\u00edcula del reci\u00e9n terminado Festival de Cine Espa\u00f1ol de M\u00e1laga, en el que se hizo acreedor, adem\u00e1s, al premio a la mejor fotograf\u00eda y al mejor secundario, \u00c0lex [&hellip;]<\/p>\n","protected":false},"author":1,"featured_media":0,"comment_status":"open","ping_status":"open","sticky":false,"template":"","format":"standard","meta":{"jetpack_post_was_ever_published":false,"_jetpack_newsletter_access":"","_jetpack_dont_email_post_to_subs":false,"_jetpack_newsletter_tier_id":0,"_jetpack_memberships_contains_paywalled_content":false,"_jetpack_memberships_contains_paid_content":false,"footnotes":""},"categories":[10],"tags":[10,3064,3062,3065,3066,3063,3061,3068,3057,3060,3058,3059,3067],"class_list":["post-5947","post","type-post","status-publish","format-standard","hentry","category-cine","tag-cine","tag-cine-en-casa","tag-concha-velasco","tag-fotogramas","tag-fotogramas-numero-2000","tag-multicines-centro","tag-peliculas-ganadoras-en-festival-de-malaga","tag-precio-entradas-cine","tag-rabia","tag-rabia-cordero","tag-rabia-pelicula","tag-sebastian-cordero","tag-streaming"],"jetpack_featured_media_url":"","jetpack_sharing_enabled":true,"_links":{"self":[{"href":"https:\/\/www.granadablogs.com\/pateandoelmundo\/wp-json\/wp\/v2\/posts\/5947","targetHints":{"allow":["GET"]}}],"collection":[{"href":"https:\/\/www.granadablogs.com\/pateandoelmundo\/wp-json\/wp\/v2\/posts"}],"about":[{"href":"https:\/\/www.granadablogs.com\/pateandoelmundo\/wp-json\/wp\/v2\/types\/post"}],"author":[{"embeddable":true,"href":"https:\/\/www.granadablogs.com\/pateandoelmundo\/wp-json\/wp\/v2\/users\/1"}],"replies":[{"embeddable":true,"href":"https:\/\/www.granadablogs.com\/pateandoelmundo\/wp-json\/wp\/v2\/comments?post=5947"}],"version-history":[{"count":2,"href":"https:\/\/www.granadablogs.com\/pateandoelmundo\/wp-json\/wp\/v2\/posts\/5947\/revisions"}],"predecessor-version":[{"id":5985,"href":"https:\/\/www.granadablogs.com\/pateandoelmundo\/wp-json\/wp\/v2\/posts\/5947\/revisions\/5985"}],"wp:attachment":[{"href":"https:\/\/www.granadablogs.com\/pateandoelmundo\/wp-json\/wp\/v2\/media?parent=5947"}],"wp:term":[{"taxonomy":"category","embeddable":true,"href":"https:\/\/www.granadablogs.com\/pateandoelmundo\/wp-json\/wp\/v2\/categories?post=5947"},{"taxonomy":"post_tag","embeddable":true,"href":"https:\/\/www.granadablogs.com\/pateandoelmundo\/wp-json\/wp\/v2\/tags?post=5947"}],"curies":[{"name":"wp","href":"https:\/\/api.w.org\/{rel}","templated":true}]}}