{"id":5618,"date":"2010-05-01T13:20:08","date_gmt":"2010-05-01T12:20:08","guid":{"rendered":"http:\/\/www.granadablogs.com\/pateandoelmundo\/?p=5618"},"modified":"2010-05-01T13:20:35","modified_gmt":"2010-05-01T12:20:35","slug":"dia-del-trabajo","status":"publish","type":"post","link":"https:\/\/www.granadablogs.com\/pateandoelmundo\/dia-del-trabajo\/","title":{"rendered":"D\u00cdA DEL TRABAJO"},"content":{"rendered":"<p style=\"text-align: justify;\">No s\u00e9 la raz\u00f3n, pero en este d\u00eda del trabajo me acuerdo de este cuentito de Eduardo Galeano:<\/p>\n<p style=\"text-align: justify;\"><strong>\u00abEn la isla de Vancouver los indios celebraban torneos para medir la grandeza de los pr\u00edncipes. Los rivales compet\u00edan destruyendo sus propios bienes. Arrojaban al fuego sus canoas, su aceite de pescado y sus huevos de salm\u00f3n; y desde un alto promontorio echaban al mar sus mantas y sus vasijas.<\/strong><\/p>\n<p><strong>Venc\u00eda el que se despojaba de todo.\u00bb <\/strong><\/p>\n<p>Feliz 1 de Mayo.<\/p>\n<p style=\"text-align: justify;\">Jes\u00fas Lens.<\/p>\n","protected":false},"excerpt":{"rendered":"<p>No s\u00e9 la raz\u00f3n, pero en este d\u00eda del trabajo me acuerdo de este cuentito de Eduardo Galeano: \u00abEn la isla de Vancouver los indios celebraban torneos para medir la grandeza de los pr\u00edncipes. Los rivales compet\u00edan destruyendo sus propios bienes. Arrojaban al fuego sus canoas, su aceite de pescado y sus huevos de salm\u00f3n; [&hellip;]<\/p>\n","protected":false},"author":1,"featured_media":0,"comment_status":"open","ping_status":"open","sticky":false,"template":"","format":"standard","meta":{"jetpack_post_was_ever_published":false,"_jetpack_newsletter_access":"","_jetpack_dont_email_post_to_subs":false,"_jetpack_newsletter_tier_id":0,"_jetpack_memberships_contains_paywalled_content":false,"_jetpack_memberships_contains_paid_content":false,"footnotes":""},"categories":[22],"tags":[2838,943,2837,2836,2839],"class_list":["post-5618","post","type-post","status-publish","format-standard","hentry","category-aforismos","tag-1-de-mayo","tag-eduardo-galeano","tag-el-libro-de-los-abrazos","tag-los-indios","tag-primero-de-mayo"],"jetpack_featured_media_url":"","jetpack_sharing_enabled":true,"_links":{"self":[{"href":"https:\/\/www.granadablogs.com\/pateandoelmundo\/wp-json\/wp\/v2\/posts\/5618","targetHints":{"allow":["GET"]}}],"collection":[{"href":"https:\/\/www.granadablogs.com\/pateandoelmundo\/wp-json\/wp\/v2\/posts"}],"about":[{"href":"https:\/\/www.granadablogs.com\/pateandoelmundo\/wp-json\/wp\/v2\/types\/post"}],"author":[{"embeddable":true,"href":"https:\/\/www.granadablogs.com\/pateandoelmundo\/wp-json\/wp\/v2\/users\/1"}],"replies":[{"embeddable":true,"href":"https:\/\/www.granadablogs.com\/pateandoelmundo\/wp-json\/wp\/v2\/comments?post=5618"}],"version-history":[{"count":2,"href":"https:\/\/www.granadablogs.com\/pateandoelmundo\/wp-json\/wp\/v2\/posts\/5618\/revisions"}],"predecessor-version":[{"id":5620,"href":"https:\/\/www.granadablogs.com\/pateandoelmundo\/wp-json\/wp\/v2\/posts\/5618\/revisions\/5620"}],"wp:attachment":[{"href":"https:\/\/www.granadablogs.com\/pateandoelmundo\/wp-json\/wp\/v2\/media?parent=5618"}],"wp:term":[{"taxonomy":"category","embeddable":true,"href":"https:\/\/www.granadablogs.com\/pateandoelmundo\/wp-json\/wp\/v2\/categories?post=5618"},{"taxonomy":"post_tag","embeddable":true,"href":"https:\/\/www.granadablogs.com\/pateandoelmundo\/wp-json\/wp\/v2\/tags?post=5618"}],"curies":[{"name":"wp","href":"https:\/\/api.w.org\/{rel}","templated":true}]}}