{"id":5492,"date":"2010-04-19T23:21:13","date_gmt":"2010-04-19T22:21:13","guid":{"rendered":"http:\/\/www.granadablogs.com\/pateandoelmundo\/?p=5492"},"modified":"2010-04-19T23:21:13","modified_gmt":"2010-04-19T22:21:13","slug":"el-violinista-de-mathausen","status":"publish","type":"post","link":"https:\/\/www.granadablogs.com\/pateandoelmundo\/el-violinista-de-mathausen\/","title":{"rendered":"EL VIOLINISTA DE MATHAUSEN"},"content":{"rendered":"<p style=\"text-align: justify;\">El martes, en la Feria del Libro, a las 19 horas, se presenta este libro de Andr\u00e9s P\u00e9rez Dom\u00ednguez. Yo que t\u00fa no faltar\u00eda&#8230;<\/p>\n<p style=\"text-align: center;\"><a href=\"http:\/\/www.granadablogs.com\/pateandoelmundo\/wp-content\/uploads\/2010\/04\/0a1.jpg\"><img loading=\"lazy\" decoding=\"async\" class=\"size-full wp-image-5493 aligncenter\" title=\"El violinista de Mathausen\" src=\"http:\/\/www.granadablogs.com\/pateandoelmundo\/wp-content\/uploads\/2010\/04\/0a1.jpg\" alt=\"\" width=\"417\" height=\"604\" srcset=\"https:\/\/www.granadablogs.com\/pateandoelmundo\/wp-content\/uploads\/2010\/04\/0a1.jpg 417w, https:\/\/www.granadablogs.com\/pateandoelmundo\/wp-content\/uploads\/2010\/04\/0a1-207x300.jpg 207w\" sizes=\"auto, (max-width: 417px) 100vw, 417px\" \/><\/a><\/p>\n","protected":false},"excerpt":{"rendered":"<p>El martes, en la Feria del Libro, a las 19 horas, se presenta este libro de Andr\u00e9s P\u00e9rez Dom\u00ednguez. Yo que t\u00fa no faltar\u00eda&#8230;<\/p>\n","protected":false},"author":1,"featured_media":0,"comment_status":"open","ping_status":"open","sticky":false,"template":"","format":"standard","meta":{"jetpack_post_was_ever_published":false,"_jetpack_newsletter_access":"","_jetpack_dont_email_post_to_subs":false,"_jetpack_newsletter_tier_id":0,"_jetpack_memberships_contains_paywalled_content":false,"_jetpack_memberships_contains_paid_content":false,"footnotes":""},"categories":[9],"tags":[1790,2781,2782,49],"class_list":["post-5492","post","type-post","status-publish","format-standard","hentry","category-literarios","tag-andres-perez-dominguez","tag-el-violinista-de-mathausen","tag-feria-del-libro-granada","tag-libros"],"jetpack_featured_media_url":"","jetpack_sharing_enabled":true,"_links":{"self":[{"href":"https:\/\/www.granadablogs.com\/pateandoelmundo\/wp-json\/wp\/v2\/posts\/5492","targetHints":{"allow":["GET"]}}],"collection":[{"href":"https:\/\/www.granadablogs.com\/pateandoelmundo\/wp-json\/wp\/v2\/posts"}],"about":[{"href":"https:\/\/www.granadablogs.com\/pateandoelmundo\/wp-json\/wp\/v2\/types\/post"}],"author":[{"embeddable":true,"href":"https:\/\/www.granadablogs.com\/pateandoelmundo\/wp-json\/wp\/v2\/users\/1"}],"replies":[{"embeddable":true,"href":"https:\/\/www.granadablogs.com\/pateandoelmundo\/wp-json\/wp\/v2\/comments?post=5492"}],"version-history":[{"count":1,"href":"https:\/\/www.granadablogs.com\/pateandoelmundo\/wp-json\/wp\/v2\/posts\/5492\/revisions"}],"predecessor-version":[{"id":5494,"href":"https:\/\/www.granadablogs.com\/pateandoelmundo\/wp-json\/wp\/v2\/posts\/5492\/revisions\/5494"}],"wp:attachment":[{"href":"https:\/\/www.granadablogs.com\/pateandoelmundo\/wp-json\/wp\/v2\/media?parent=5492"}],"wp:term":[{"taxonomy":"category","embeddable":true,"href":"https:\/\/www.granadablogs.com\/pateandoelmundo\/wp-json\/wp\/v2\/categories?post=5492"},{"taxonomy":"post_tag","embeddable":true,"href":"https:\/\/www.granadablogs.com\/pateandoelmundo\/wp-json\/wp\/v2\/tags?post=5492"}],"curies":[{"name":"wp","href":"https:\/\/api.w.org\/{rel}","templated":true}]}}