{"id":544,"date":"2008-11-20T09:04:00","date_gmt":"2008-11-20T08:04:00","guid":{"rendered":"http:\/\/www.granadablogs.com\/pateandoelmundo\/?p=544"},"modified":"2008-11-20T09:04:00","modified_gmt":"2008-11-20T08:04:00","slug":"%c2%a1no-a-la-prnografia-infantil","status":"publish","type":"post","link":"https:\/\/www.granadablogs.com\/pateandoelmundo\/%c2%a1no-a-la-prnografia-infantil\/","title":{"rendered":"\u00a1NO A LA P@RNOGRAF\u00cdA INFANTIL!"},"content":{"rendered":"<div align=\"justify\">Ustedes lo saben. Me gusta, soy un <em>mordido<\/em> de la novela m\u00e1s negra y criminal, oscura, violenta y comprometida. Asomarse a los abismos m\u00e1s abyectos del ser humano a trav\u00e9s de las p\u00e1ginas de un libro es una forma c\u00f3moda y sencilla, poco peligrosa, de intentar comprender a esos monstruos, esos Golem que corrompen nuestras sociedades: la corrupci\u00f3n, la violencia, la falta de \u00e9tica y moral&#8230; <\/div>\n<p align=\"justify\"><img decoding=\"async\" id=\"BLOGGER_PHOTO_ID_5270654773743298386\" style=\"DISPLAY: block; MARGIN: 0px auto 10px; WIDTH: 253px; CURSOR: hand; HEIGHT: 320px; TEXT-ALIGN: center\" alt=\"\" src=\"http:\/\/2.bp.blogspot.com\/_r6VY1mvj3jk\/SSUgl3Kvp1I\/AAAAAAAAFWo\/xvojr13Dt84\/s400\/_8.jpg\" border=\"0\" \/><br \/>Uno de los temas que m\u00e1s me han afectado y que siempre me han puesto los pelos como escarpias es el de la corrupci\u00f3n y la violencia ejercida contra los menores. Y la novela negra, por supuesto, ha tratado ese tema.<\/p>\n<p>Un d\u00eda empec\u00e9 a rese\u00f1ar diversos t\u00edtulos que hablan sobre la violencia contra las personas m\u00e1s indefensas de nuestra sociedad. Y lo que iba a ser un reportaje de dos o tres p\u00e1ginas, fue creciendo y creciendo hasta terminar convertido en un documento de catorce p\u00e1ginas al que no he sabido qu\u00e9 utilidad dar. <\/p>\n<p><\/p>\n<p align=\"justify\"><img decoding=\"async\" id=\"BLOGGER_PHOTO_ID_5270654777726215250\" style=\"DISPLAY: block; MARGIN: 0px auto 10px; WIDTH: 283px; CURSOR: hand; HEIGHT: 400px; TEXT-ALIGN: center\" alt=\"\" src=\"http:\/\/2.bp.blogspot.com\/_r6VY1mvj3jk\/SSUgmGAWJFI\/AAAAAAAAFWw\/fbvyXMWVAec\/s400\/_27.jpg\" border=\"0\" \/><br \/>Por ah\u00ed lo tengo, guardado en las tripas de alg\u00fan ordenador.<\/p>\n<p>S\u00ed recuerdo dos cosas sobre el mismo.<\/p>\n<p>La primera, que estaba dedicado a Alicia N\u00fa\u00f1ez Castillo y al resto de trabajadores del Servicio de Protecci\u00f3n de Menores de Granada, con todo el respeto y la admiraci\u00f3n por su trabajo.<\/p>\n<p><\/p>\n<p><img decoding=\"async\" id=\"BLOGGER_PHOTO_ID_5270654780352460898\" style=\"DISPLAY: block; MARGIN: 0px auto 10px; WIDTH: 280px; CURSOR: hand; HEIGHT: 288px; TEXT-ALIGN: center\" alt=\"\" src=\"http:\/\/3.bp.blogspot.com\/_r6VY1mvj3jk\/SSUgmPyfeGI\/AAAAAAAAFW4\/lNBz1qIKosA\/s400\/_037.jpg\" border=\"0\" \/> <\/p>\n<p align=\"justify\">La segunda, que estaba encabezado por estas dos citas, de Alfred de Vigny y Antonio Machado, respectivamente:<\/p>\n<p><strong><em><span style=\"font-family:times new roman;\">\u201cLas personas fuertes crean sus acontecimientos;<br \/>las d\u00e9biles sufren lo que les impone el destino.\u201d<\/span><\/em><\/p>\n<p><\/strong><em><span style=\"font-family:times new roman;\"><strong>\u201cEnamor\u00f3se de una tierna ni\u00f1a,<br \/>subi\u00f3sele el amor a la cabeza<br \/>como el zumo dorado de la vi\u00f1a<br \/>y despert\u00f3 su natural fiereza.\u201d<\/strong><br \/><\/span><\/em><br \/>Y hoy, D\u00eda Universal del Ni\u00f1o, me acord\u00e9 de todo ello y ten\u00eda ganas de comentarlo con ustedes.<\/p>\n<p>Jes\u00fas Lens Espinosa de los Monteros. <\/p>\n","protected":false},"excerpt":{"rendered":"<p>Ustedes lo saben. Me gusta, soy un mordido de la novela m\u00e1s negra y criminal, oscura, violenta y comprometida. Asomarse a los abismos m\u00e1s abyectos del ser humano a trav\u00e9s de las p\u00e1ginas de un libro es una forma c\u00f3moda y sencilla, poco peligrosa, de intentar comprender a esos monstruos, esos Golem que corrompen nuestras [&hellip;]<\/p>\n","protected":false},"author":1,"featured_media":0,"comment_status":"open","ping_status":"open","sticky":false,"template":"","format":"standard","meta":{"jetpack_post_was_ever_published":false,"_jetpack_newsletter_access":"","_jetpack_dont_email_post_to_subs":false,"_jetpack_newsletter_tier_id":0,"_jetpack_memberships_contains_paywalled_content":false,"_jetpack_memberships_contains_paid_content":false,"footnotes":""},"categories":[21,6],"tags":[],"class_list":["post-544","post","type-post","status-publish","format-standard","hentry","category-negra-y-criminal","category-opinion"],"jetpack_featured_media_url":"","jetpack_sharing_enabled":true,"_links":{"self":[{"href":"https:\/\/www.granadablogs.com\/pateandoelmundo\/wp-json\/wp\/v2\/posts\/544","targetHints":{"allow":["GET"]}}],"collection":[{"href":"https:\/\/www.granadablogs.com\/pateandoelmundo\/wp-json\/wp\/v2\/posts"}],"about":[{"href":"https:\/\/www.granadablogs.com\/pateandoelmundo\/wp-json\/wp\/v2\/types\/post"}],"author":[{"embeddable":true,"href":"https:\/\/www.granadablogs.com\/pateandoelmundo\/wp-json\/wp\/v2\/users\/1"}],"replies":[{"embeddable":true,"href":"https:\/\/www.granadablogs.com\/pateandoelmundo\/wp-json\/wp\/v2\/comments?post=544"}],"version-history":[{"count":0,"href":"https:\/\/www.granadablogs.com\/pateandoelmundo\/wp-json\/wp\/v2\/posts\/544\/revisions"}],"wp:attachment":[{"href":"https:\/\/www.granadablogs.com\/pateandoelmundo\/wp-json\/wp\/v2\/media?parent=544"}],"wp:term":[{"taxonomy":"category","embeddable":true,"href":"https:\/\/www.granadablogs.com\/pateandoelmundo\/wp-json\/wp\/v2\/categories?post=544"},{"taxonomy":"post_tag","embeddable":true,"href":"https:\/\/www.granadablogs.com\/pateandoelmundo\/wp-json\/wp\/v2\/tags?post=544"}],"curies":[{"name":"wp","href":"https:\/\/api.w.org\/{rel}","templated":true}]}}