{"id":5251,"date":"2010-03-19T07:58:49","date_gmt":"2010-03-19T06:58:49","guid":{"rendered":"http:\/\/www.granadablogs.com\/pateandoelmundo\/?p=5251"},"modified":"2010-03-19T07:58:49","modified_gmt":"2010-03-19T06:58:49","slug":"despolitizacion","status":"publish","type":"post","link":"https:\/\/www.granadablogs.com\/pateandoelmundo\/despolitizacion\/","title":{"rendered":"DESPOLITIZACI\u00d3N"},"content":{"rendered":"<p style=\"text-align: justify;\"><em>La columna de hoy de IDEAL sobre un tema que, qui\u00e9n m\u00e1s qui\u00e9n menos, fijo se ha planteado en m\u00e1s de una ocasi\u00f3n&#8230;<\/em><\/p>\n<p style=\"text-align: justify;\">Hasta en los toros. Ya se han metido hasta en los toros. No ten\u00edan bastante con haber asfixiado la educaci\u00f3n, la sanidad, la justicia, las finanzas, la prensa y hasta las tertulias de radio. A\u00fan les faltaban los toros. Y ya les han pegado una buena estocada. Los progres, que los quieren prohibir en Catalunya. Y, como contraataque, los conservadores los declaran bien de especial protecci\u00f3n en las comunidades en que gobiernan, con Madrid y Valencia a la cabeza. Y ya est\u00e1 el pollo liado. Para variar, hay que tomar partido: si te gustan o defiendes los toros, eres azul. Si los consideras un espect\u00e1culo salvaje y grotesco, o tan s\u00f3lo doloroso e inhumano, eres rojo. Y punto pelota.<\/p>\n<p style=\"text-align: justify;\">Todav\u00eda me parto de la risa cuando me acuerdo de la capciosa pregunta de Rafa, hace unos a\u00f1os: \u00bfqu\u00e9 tipo de metro ten\u00eda que defender el votante del PSOE granadino, el soterrado o el de superficie? Y es que ha llegado un punto en que el Gran Hermano tiene la ceja de ZP y las barbas de Rajoy. Nada escapa a su escrutinio, control, dictado y manipulaci\u00f3n. Es Espa\u00f1a, los partidos son m\u00e1s ubicuos que el mismo Dios.<\/p>\n<p style=\"text-align: justify;\">Vale que durante la Sant\u00edsima Transici\u00f3n fuera necesario llevar la democracia a sectores como el de la Justicia, proverbialmente conservadores y apegados al R\u00e9gimen. Adem\u00e1s, que ello se hiciera a trav\u00e9s de los partidos pol\u00edticos podr\u00eda tener su sentido. Pero hoy, el bochornoso espect\u00e1culo que deparan el CGPJ, el Tribunal Supremo y el Constitucional, no tiene nombre.<\/p>\n<p style=\"text-align: justify;\">Como no tiene nombre la politizaci\u00f3n del 11-M o la de la muerte de Mari Luz. Y por eso, quiz\u00e1, la campa\u00f1a del \u00abEstosololoarreglamosentretodos\u00bb ha despertado tanto inter\u00e9s. Y tanta pol\u00e9mica. Porque empezamos a estar hartos de los partidos pol\u00edticos y de que, en este pa\u00eds, para llegar a cualquier sitio, incluso a Presidente de tu Comunidad (de vecinos), tengas que llevar el carn\u00e9 en la boca, m\u00e1s visible que nunca.<\/p>\n<p style=\"text-align: justify;\">\u00bfHa llegado el momento de que la llamada Sociedad Civil d\u00e9 un paso al frente, intentando que los partidos dejen de alcanzar con sus tent\u00e1culos hasta el m\u00e1s rec\u00f3ndito de los cub\u00edculos en que se estructura nuestra vida? Con motivo de su vuelta a la actividad, los Confidenciales ard\u00edan en Internet, llamando vagos a sus Se\u00f1or\u00edas Diputados y Senadores, para qui\u00e9nes las vacaciones de Navidad se alargan hasta casi la primavera. Pero, la verdad sea dicha, si con el poco tiempo que trabajan ya se encargan de liarla parda, \u00bfpara qu\u00e9 queremos que vuelvan antes de su reposo vacacional?<\/p>\n<p style=\"text-align: justify;\">Pedir que los partidos pol\u00edticos den un paso atr\u00e1s no significa ser apol\u00edtico. O que la pol\u00edtica nos d\u00e9 igual. Ni mucho menos. Lo que empezamos a necesitar es una democracia, un aut\u00e9ntico gobierno del pueblo que, con sus derechos y obligaciones, trascienda esta actual partitocracia que todo lo invade y que nada deja vivir bajo su alargada sombra.<\/p>\n<p style=\"text-align: justify;\">Jes\u00fas Lens Espinosa de los Monteros<\/p>\n","protected":false},"excerpt":{"rendered":"<p>La columna de hoy de IDEAL sobre un tema que, qui\u00e9n m\u00e1s qui\u00e9n menos, fijo se ha planteado en m\u00e1s de una ocasi\u00f3n&#8230; Hasta en los toros. Ya se han metido hasta en los toros. No ten\u00edan bastante con haber asfixiado la educaci\u00f3n, la sanidad, la justicia, las finanzas, la prensa y hasta las tertulias [&hellip;]<\/p>\n","protected":false},"author":1,"featured_media":0,"comment_status":"open","ping_status":"open","sticky":false,"template":"","format":"standard","meta":{"jetpack_post_was_ever_published":false,"_jetpack_newsletter_access":"","_jetpack_dont_email_post_to_subs":false,"_jetpack_newsletter_tier_id":0,"_jetpack_memberships_contains_paywalled_content":false,"_jetpack_memberships_contains_paid_content":false,"footnotes":""},"categories":[6],"tags":[2676,2677],"class_list":["post-5251","post","type-post","status-publish","format-standard","hentry","category-opinion","tag-despolitizacion","tag-politizacion"],"jetpack_featured_media_url":"","jetpack_sharing_enabled":true,"_links":{"self":[{"href":"https:\/\/www.granadablogs.com\/pateandoelmundo\/wp-json\/wp\/v2\/posts\/5251","targetHints":{"allow":["GET"]}}],"collection":[{"href":"https:\/\/www.granadablogs.com\/pateandoelmundo\/wp-json\/wp\/v2\/posts"}],"about":[{"href":"https:\/\/www.granadablogs.com\/pateandoelmundo\/wp-json\/wp\/v2\/types\/post"}],"author":[{"embeddable":true,"href":"https:\/\/www.granadablogs.com\/pateandoelmundo\/wp-json\/wp\/v2\/users\/1"}],"replies":[{"embeddable":true,"href":"https:\/\/www.granadablogs.com\/pateandoelmundo\/wp-json\/wp\/v2\/comments?post=5251"}],"version-history":[{"count":1,"href":"https:\/\/www.granadablogs.com\/pateandoelmundo\/wp-json\/wp\/v2\/posts\/5251\/revisions"}],"predecessor-version":[{"id":5252,"href":"https:\/\/www.granadablogs.com\/pateandoelmundo\/wp-json\/wp\/v2\/posts\/5251\/revisions\/5252"}],"wp:attachment":[{"href":"https:\/\/www.granadablogs.com\/pateandoelmundo\/wp-json\/wp\/v2\/media?parent=5251"}],"wp:term":[{"taxonomy":"category","embeddable":true,"href":"https:\/\/www.granadablogs.com\/pateandoelmundo\/wp-json\/wp\/v2\/categories?post=5251"},{"taxonomy":"post_tag","embeddable":true,"href":"https:\/\/www.granadablogs.com\/pateandoelmundo\/wp-json\/wp\/v2\/tags?post=5251"}],"curies":[{"name":"wp","href":"https:\/\/api.w.org\/{rel}","templated":true}]}}