{"id":5186,"date":"2010-03-10T22:00:44","date_gmt":"2010-03-10T21:00:44","guid":{"rendered":"http:\/\/www.granadablogs.com\/pateandoelmundo\/?p=5186"},"modified":"2010-03-10T18:45:23","modified_gmt":"2010-03-10T17:45:23","slug":"%c2%a1lens-amigo-estamos-contigo","status":"publish","type":"post","link":"https:\/\/www.granadablogs.com\/pateandoelmundo\/%c2%a1lens-amigo-estamos-contigo\/","title":{"rendered":"\u00ab\u00a1LENS, AMIGO, ESTAMOS CONTIGO!\u00bb"},"content":{"rendered":"<p style=\"text-align: justify;\">Leyendo \u00abLa memoria de la transici\u00f3n democr\u00e1tica en Granada. Cr\u00f3nica de un sue\u00f1o. 1973-1983\u00bb, en su cap\u00edtulo dedicado a 1976 y titulado \u00abEl a\u00f1o de Federico\u00bb, Antonio Ramos Espejo escribe lo siguiente:<\/p>\n<p style=\"text-align: justify;\">\u00a0<\/p>\n<p style=\"text-align: justify;\"><strong>\u00abLa Facultad de Letras, en el Hospital Real, se convierte en un cuartel de clandestinidad, en un espacio sagrado para la oposici\u00f3n bajo la responsabilidad de un hombre singular: el decano Jes\u00fas Lens. En aquellos largos y espaciosos pasillos en los que se montan espect\u00e1culos musicales, con la participaci\u00f3n de Carlos Cano, o el d\u00fao Justo Navarro y Carlos Rosales, o Manuel Gerena, o Menese, o la presentaci\u00f3n del libro <em>Jondos seis<\/em>, con el alba\u00f1il y trovero Miguel Burgos \u00danica, Francisco Javier Egea, J.G. Ladr\u00f3n de Guevara, Rafael Guill\u00e9n, Jos\u00e9 Heredia Maya y Juan de Loxa; se representa <em>Los Palos<\/em>, del grupo La Cuadra de Salvador T\u00e1vora, o una exposici\u00f3n de Juan Vida, se muestran las nuevas tendencias de dise\u00f1o de Mariano Maresca o Julio Juste, los primeros poemas de Luis Garc\u00eda Montero, se ve desfilar a estudiantes y obreros, que corean el nombre del decano <em>\u00ab\u00a1Lens, amigo, estamos contigo&#8230;!\u00bb<\/em><\/strong><\/p>\n<p style=\"text-align: justify;\"><strong>\u00a0<\/strong><\/p>\n<p style=\"text-align: justify;\"><strong>Lens, gallego, catedr\u00e1tico de griego, es uno de los personajes que se suma a la causa con un entusiasmo y un valor extraordinarios. Cuando he querido recordar su historia -hac\u00eda unos a\u00f1os que lo hab\u00eda visto en una playa de Carchuna con su familia y rememoramos aquella etapa- me he tropezado con una noticia desagradable: hac\u00eda unos meses que hab\u00eda muerto, de forma repentina, en aquellas aulas en las que dej\u00f3 escrito con nombre propio una p\u00e1gina de esta Cr\u00f3nica. Pasado el torbellino de la clandestinidad, Lens se retira discretamente al bando de los h\u00e9roes an\u00f3nimos.\u00bb<\/strong><\/p>\n<p style=\"text-align: justify;\">\u00a0<\/p>\n<p style=\"text-align: justify;\">Jes\u00fas Lens hijo, hinchado como un bal\u00f3n. \u00a0<\/p>\n","protected":false},"excerpt":{"rendered":"<p>Leyendo \u00abLa memoria de la transici\u00f3n democr\u00e1tica en Granada. Cr\u00f3nica de un sue\u00f1o. 1973-1983\u00bb, en su cap\u00edtulo dedicado a 1976 y titulado \u00abEl a\u00f1o de Federico\u00bb, Antonio Ramos Espejo escribe lo siguiente: \u00a0 \u00abLa Facultad de Letras, en el Hospital Real, se convierte en un cuartel de clandestinidad, en un espacio sagrado para la oposici\u00f3n [&hellip;]<\/p>\n","protected":false},"author":1,"featured_media":0,"comment_status":"open","ping_status":"open","sticky":false,"template":"","format":"standard","meta":{"jetpack_post_was_ever_published":false,"_jetpack_newsletter_access":"","_jetpack_dont_email_post_to_subs":false,"_jetpack_newsletter_tier_id":0,"_jetpack_memberships_contains_paywalled_content":false,"_jetpack_memberships_contains_paid_content":false,"footnotes":""},"categories":[3],"tags":[339,2652,1420,1577,2653],"class_list":["post-5186","post","type-post","status-publish","format-standard","hentry","category-miscelanea","tag-jesus-lens","tag-jesus-lens-tuero","tag-lens","tag-transicion","tag-universidad"],"jetpack_featured_media_url":"","jetpack_sharing_enabled":true,"_links":{"self":[{"href":"https:\/\/www.granadablogs.com\/pateandoelmundo\/wp-json\/wp\/v2\/posts\/5186","targetHints":{"allow":["GET"]}}],"collection":[{"href":"https:\/\/www.granadablogs.com\/pateandoelmundo\/wp-json\/wp\/v2\/posts"}],"about":[{"href":"https:\/\/www.granadablogs.com\/pateandoelmundo\/wp-json\/wp\/v2\/types\/post"}],"author":[{"embeddable":true,"href":"https:\/\/www.granadablogs.com\/pateandoelmundo\/wp-json\/wp\/v2\/users\/1"}],"replies":[{"embeddable":true,"href":"https:\/\/www.granadablogs.com\/pateandoelmundo\/wp-json\/wp\/v2\/comments?post=5186"}],"version-history":[{"count":1,"href":"https:\/\/www.granadablogs.com\/pateandoelmundo\/wp-json\/wp\/v2\/posts\/5186\/revisions"}],"predecessor-version":[{"id":5187,"href":"https:\/\/www.granadablogs.com\/pateandoelmundo\/wp-json\/wp\/v2\/posts\/5186\/revisions\/5187"}],"wp:attachment":[{"href":"https:\/\/www.granadablogs.com\/pateandoelmundo\/wp-json\/wp\/v2\/media?parent=5186"}],"wp:term":[{"taxonomy":"category","embeddable":true,"href":"https:\/\/www.granadablogs.com\/pateandoelmundo\/wp-json\/wp\/v2\/categories?post=5186"},{"taxonomy":"post_tag","embeddable":true,"href":"https:\/\/www.granadablogs.com\/pateandoelmundo\/wp-json\/wp\/v2\/tags?post=5186"}],"curies":[{"name":"wp","href":"https:\/\/api.w.org\/{rel}","templated":true}]}}