{"id":5139,"date":"2010-03-05T09:33:39","date_gmt":"2010-03-05T08:33:39","guid":{"rendered":"http:\/\/www.granadablogs.com\/pateandoelmundo\/?p=5139"},"modified":"2010-03-05T09:33:39","modified_gmt":"2010-03-05T08:33:39","slug":"una-columna-de-preguntas","status":"publish","type":"post","link":"https:\/\/www.granadablogs.com\/pateandoelmundo\/una-columna-de-preguntas\/","title":{"rendered":"UNA COLUMNA DE PREGUNTAS"},"content":{"rendered":"<p style=\"text-align: justify;\"><em>Tal y como hicimos ayer con\u00a0<a href=\"http:\/\/www.granadablogs.com\/pateandoelmundo\/?p=5130\">ESTA<\/a> rese\u00f1a de Shutter island, la columna de hoy de IDEAL es m\u00e1s de preguntas que de respuestas. Y para los lectores de este Blog, dejamos una pregunta extra que no hemos incluido en el texto escrito en peri\u00f3dico. A todo esto, \u00bften\u00e9is respuestas?<\/em><\/p>\n<p style=\"text-align: justify;\">\u00a0<\/p>\n<p style=\"text-align: justify;\">Sosten\u00eda el grandioso Oscar Wilde, uno de los mejores y m\u00e1s ingeniosos aforistas y frase\u00f3logos de todos los tiempos, oro puro para los buscadores de citas, que las preguntas no son nunca indiscretas, aunque las respuestas, a veces, s\u00ed.<\/p>\n<p style=\"text-align: center;\">\u00a0<a href=\"http:\/\/www.granadablogs.com\/pateandoelmundo\/wp-content\/uploads\/2010\/03\/enric22.jpg\"><img loading=\"lazy\" decoding=\"async\" class=\"size-full wp-image-5140 aligncenter\" title=\"Pepito Grillo\" src=\"http:\/\/www.granadablogs.com\/pateandoelmundo\/wp-content\/uploads\/2010\/03\/enric22.jpg\" alt=\"\" width=\"270\" height=\"311\" srcset=\"https:\/\/www.granadablogs.com\/pateandoelmundo\/wp-content\/uploads\/2010\/03\/enric22.jpg 270w, https:\/\/www.granadablogs.com\/pateandoelmundo\/wp-content\/uploads\/2010\/03\/enric22-260x300.jpg 260w\" sizes=\"auto, (max-width: 270px) 100vw, 270px\" \/><\/a><\/p>\n<p style=\"text-align: justify;\">Los columnistas de opini\u00f3n somos una especie de incordioso Pepito Grillo que siempre est\u00e1 ah\u00ed, campando por nuestra conciencia, pontificando y criticando, oscilando entre el salvapatrias con soluciones para cada problema y el cenizo que denuncia un problema para cada posible soluci\u00f3n.<\/p>\n<p style=\"text-align: justify;\">\u00a0<\/p>\n<p style=\"text-align: justify;\">A veces, sin embargo, a m\u00ed me surgen preguntas, dudas e interrogantes para las que no tengo respuesta. Perm\u00edtanme hoy que despache esta columna con algunas de ellas, a ver qu\u00e9 les parecen. Y, si tienen ustedes respuestas, por indiscretas que sean, encantado de escucharlas, oiga. Por ejemplo: \u00bfpor qu\u00e9 el cami\u00f3n que reparte el butano en el Zaid\u00edn del siglo XXI sigue anunciando su llegada a base de claxon, inclusive los s\u00e1bados a las 8.30 de la ma\u00f1ana, si tenemos una maravillosa Ordenanza por el Perpetuo Descanso de los granadinos que deber\u00eda protegernos de dicho esc\u00e1ndalo?<\/p>\n<p style=\"text-align: justify;\">\u00a0<\/p>\n<p style=\"text-align: justify;\">Tras sus libros sobre el Mayo madrile\u00f1o y el C\u00e1diz de 1812, \u00bfpor qu\u00e9 no le encargamos a Arturo P\u00e9rez Reverte una novela sobre el Milenio granadino, a ver si alguien le hace pu\u00f1etero caso de una vez a la gloriosa efem\u00e9ride y, de paso, nos enteramos de lo que quiera que haya que celebrar en tan magna ocasi\u00f3n? Y una deportiva: una vez que Paquillo confiesa tener sustancias dopantes con las que pensaba hacer trampa, \u00bfqu\u00e9 pinta la diputaci\u00f3n granadina sent\u00e1ndose a su lado, apoy\u00e1ndole y defendi\u00e9ndole p\u00fablica e institucionalmente?<\/p>\n<p style=\"text-align: justify;\">\u00a0<\/p>\n<figure id=\"attachment_5141\" aria-describedby=\"caption-attachment-5141\" style=\"width: 450px\" class=\"wp-caption aligncenter\"><a href=\"http:\/\/www.granadablogs.com\/pateandoelmundo\/wp-content\/uploads\/2010\/03\/enric41.jpg\"><img loading=\"lazy\" decoding=\"async\" class=\"size-full wp-image-5141\" title=\"Perez Reverte\" src=\"http:\/\/www.granadablogs.com\/pateandoelmundo\/wp-content\/uploads\/2010\/03\/enric41.jpg\" alt=\"A ver, Reverte, \u00bfqu\u00e9 es eso del Milenio?\" width=\"450\" height=\"300\" srcset=\"https:\/\/www.granadablogs.com\/pateandoelmundo\/wp-content\/uploads\/2010\/03\/enric41.jpg 450w, https:\/\/www.granadablogs.com\/pateandoelmundo\/wp-content\/uploads\/2010\/03\/enric41-300x200.jpg 300w\" sizes=\"auto, (max-width: 450px) 100vw, 450px\" \/><\/a><figcaption id=\"caption-attachment-5141\" class=\"wp-caption-text\">A ver, Reverte, \u00bfqu\u00e9 es eso del Milenio?<\/figcaption><\/figure>\n<p style=\"text-align: justify;\">A sabiendas de que iba a ser tremendamente pol\u00e9mica y controvertida en esta Granada perennemente ultramontana, \u00bfpor qu\u00e9 permite la Universidad que se inaugure en sus dependencias \u00abCircus Christi\u00bb, una exposici\u00f3n de fotograf\u00eda de tem\u00e1tica cristiano-toxic\u00f3mano-gay, para envain\u00e1rsela de inmediato, clausur\u00e1ndola por no poder protegerla de posibles actos vand\u00e1licos y pidiendo perd\u00f3n por la posible ofensa cometida?<\/p>\n<p style=\"text-align: justify;\">\u00a0<\/p>\n<p style=\"text-align: justify;\">Y, ya puestos, \u00bfvamos a dejar que la pel\u00edcula de Emilio Ruiz Barrachina, \u00abEl disc\u00edpulo\u00bb, boicoteada por el Festival de Cine Espa\u00f1ol de M\u00e1laga, pase inadvertida despu\u00e9s de haber sido presuntamente vetada por el trasfondo religioso de la misma y la controvertida visi\u00f3n de la figura de Jesucristo que sugiere? \u00bfPermitiremos que siga campando por sus fueros, impunemente, la carcunda de una sociedad andaluza que, a veces, parece seguir anclada en lo m\u00e1s rancio del siglo XIX?<\/p>\n<p style=\"text-align: justify;\">\u00a0<\/p>\n<figure id=\"attachment_5142\" aria-describedby=\"caption-attachment-5142\" style=\"width: 450px\" class=\"wp-caption aligncenter\"><a href=\"http:\/\/www.granadablogs.com\/pateandoelmundo\/wp-content\/uploads\/2010\/03\/enric51.jpg\"><img loading=\"lazy\" decoding=\"async\" class=\"size-full wp-image-5142\" title=\"El disc\u00edpulo\" src=\"http:\/\/www.granadablogs.com\/pateandoelmundo\/wp-content\/uploads\/2010\/03\/enric51.jpg\" alt=\"Hay que silenciarlo\" width=\"450\" height=\"300\" srcset=\"https:\/\/www.granadablogs.com\/pateandoelmundo\/wp-content\/uploads\/2010\/03\/enric51.jpg 450w, https:\/\/www.granadablogs.com\/pateandoelmundo\/wp-content\/uploads\/2010\/03\/enric51-300x200.jpg 300w\" sizes=\"auto, (max-width: 450px) 100vw, 450px\" \/><\/a><figcaption id=\"caption-attachment-5142\" class=\"wp-caption-text\">Hay que silenciarlo<\/figcaption><\/figure>\n<p style=\"text-align: justify;\">Y terminemos con una (complicad\u00edsima) adivinanza, igualmente en clave cin\u00e9fila: \u00bfde qu\u00e9 nacionalidad son las dos pel\u00edculas cuyos tr\u00e1ilers provocaron un intenso clamor en el Cinema 2000, el pasado domingo, antes de proyectarse \u00abShutter island\u00bb, pudi\u00e9ndose escuchar entre el respetable p\u00fablico adjetivos como \u00abbasura y mierda\u00bb, sustantivos como \u00abtetas y culos\u00bb y verbos como \u00abmojar y vomitar\u00bb? Y es que es necesario que todo cambie para que todo siga igual, como acertadamente diagnostic\u00f3 Lampedusa&#8230;<\/p>\n<p style=\"text-align: justify;\">\u00a0<\/p>\n<figure id=\"attachment_5143\" aria-describedby=\"caption-attachment-5143\" style=\"width: 300px\" class=\"wp-caption aligncenter\"><a href=\"http:\/\/www.granadablogs.com\/pateandoelmundo\/wp-content\/uploads\/2010\/03\/enric1.jpg\"><img loading=\"lazy\" decoding=\"async\" class=\"size-full wp-image-5143\" title=\"Cine espa\u00f1ol\" src=\"http:\/\/www.granadablogs.com\/pateandoelmundo\/wp-content\/uploads\/2010\/03\/enric1.jpg\" alt=\"\u00bfY por qu\u00e9 no un remake de los grandes cl\u00e1sicos?\" width=\"300\" height=\"429\" srcset=\"https:\/\/www.granadablogs.com\/pateandoelmundo\/wp-content\/uploads\/2010\/03\/enric1.jpg 300w, https:\/\/www.granadablogs.com\/pateandoelmundo\/wp-content\/uploads\/2010\/03\/enric1-209x300.jpg 209w\" sizes=\"auto, (max-width: 300px) 100vw, 300px\" \/><\/a><figcaption id=\"caption-attachment-5143\" class=\"wp-caption-text\">\u00bfY por qu\u00e9 no un remake de los grandes cl\u00e1sicos?<\/figcaption><\/figure>\n<p style=\"text-align: justify;\"><strong>PREGUNTA EXTRA:<\/strong> \u00bfEs verdad que Ryanair no recibe ni un euro de subvenci\u00f3n por operar en otros aeropuertos andaluces como el malague\u00f1o y el almeriense por lo que su actitud ser\u00eda, efectivamente, vergonzosa, pedig\u00fce\u00f1a y chantajista?<\/p>\n<p style=\"text-align: justify;\">\u00a0<\/p>\n<p style=\"text-align: justify;\">Jes\u00fas Lens Espinosa de los Monteros.<\/p>\n","protected":false},"excerpt":{"rendered":"<p>Tal y como hicimos ayer con\u00a0ESTA rese\u00f1a de Shutter island, la columna de hoy de IDEAL es m\u00e1s de preguntas que de respuestas. Y para los lectores de este Blog, dejamos una pregunta extra que no hemos incluido en el texto escrito en peri\u00f3dico. A todo esto, \u00bften\u00e9is respuestas? \u00a0 Sosten\u00eda el grandioso Oscar Wilde, [&hellip;]<\/p>\n","protected":false},"author":1,"featured_media":0,"comment_status":"open","ping_status":"open","sticky":false,"template":"","format":"standard","meta":{"jetpack_post_was_ever_published":false,"_jetpack_newsletter_access":"","_jetpack_dont_email_post_to_subs":false,"_jetpack_newsletter_tier_id":0,"_jetpack_memberships_contains_paywalled_content":false,"_jetpack_memberships_contains_paid_content":false,"footnotes":""},"categories":[6],"tags":[2628,89,2626,2627,2629],"class_list":["post-5139","post","type-post","status-publish","format-standard","hentry","category-opinion","tag-columna-de-preguntas","tag-ideal","tag-preguntas","tag-respuestas","tag-por-que"],"jetpack_featured_media_url":"","jetpack_sharing_enabled":true,"_links":{"self":[{"href":"https:\/\/www.granadablogs.com\/pateandoelmundo\/wp-json\/wp\/v2\/posts\/5139","targetHints":{"allow":["GET"]}}],"collection":[{"href":"https:\/\/www.granadablogs.com\/pateandoelmundo\/wp-json\/wp\/v2\/posts"}],"about":[{"href":"https:\/\/www.granadablogs.com\/pateandoelmundo\/wp-json\/wp\/v2\/types\/post"}],"author":[{"embeddable":true,"href":"https:\/\/www.granadablogs.com\/pateandoelmundo\/wp-json\/wp\/v2\/users\/1"}],"replies":[{"embeddable":true,"href":"https:\/\/www.granadablogs.com\/pateandoelmundo\/wp-json\/wp\/v2\/comments?post=5139"}],"version-history":[{"count":1,"href":"https:\/\/www.granadablogs.com\/pateandoelmundo\/wp-json\/wp\/v2\/posts\/5139\/revisions"}],"predecessor-version":[{"id":5144,"href":"https:\/\/www.granadablogs.com\/pateandoelmundo\/wp-json\/wp\/v2\/posts\/5139\/revisions\/5144"}],"wp:attachment":[{"href":"https:\/\/www.granadablogs.com\/pateandoelmundo\/wp-json\/wp\/v2\/media?parent=5139"}],"wp:term":[{"taxonomy":"category","embeddable":true,"href":"https:\/\/www.granadablogs.com\/pateandoelmundo\/wp-json\/wp\/v2\/categories?post=5139"},{"taxonomy":"post_tag","embeddable":true,"href":"https:\/\/www.granadablogs.com\/pateandoelmundo\/wp-json\/wp\/v2\/tags?post=5139"}],"curies":[{"name":"wp","href":"https:\/\/api.w.org\/{rel}","templated":true}]}}