{"id":4324,"date":"2009-11-29T02:08:35","date_gmt":"2009-11-29T01:08:35","guid":{"rendered":"http:\/\/www.granadablogs.com\/pateandoelmundo\/?p=4324"},"modified":"2009-11-29T02:08:35","modified_gmt":"2009-11-29T01:08:35","slug":"el-paso-del-tiempo","status":"publish","type":"post","link":"https:\/\/www.granadablogs.com\/pateandoelmundo\/el-paso-del-tiempo\/","title":{"rendered":"EL PASO DEL TIEMPO"},"content":{"rendered":"<p style=\"text-align: justify;\">\u00bfOs acord\u00e1is de <a href=\"http:\/\/www.granadablogs.com\/pateandoelmundo\/?p=4219\">estas im\u00e1genes<\/a>? Pues ayer, corriendo, una encantadora chica belga de 23 a\u00f1os, una peque\u00f1a Erasmus de lo m\u00e1s simp\u00e1tico y encantador&#8230; me dio las gracias por mostrarle el recorrido de la Fuente de la Bicha llam\u00e1ndome \u00abse\u00f1or\u00bb.\u00a0 \u00bfSe\u00f1or? \u00bfSE\u00d1OR?&#8230; En fin. Pensemos que era guiri y que quer\u00eda ser agradable&#8230;<\/p>\n<p>\u00a0<\/p>\n<p>\ud83d\ude41<\/p>\n<p>\u00a0<\/p>\n<p>\u00a0<\/p>\n<p>Pero\u00a0me sent\u00ed as\u00ed, claro:<\/p>\n<p>\u00a0<\/p>\n<p style=\"text-align: center;\">\u00a0<\/p>\n<p style=\"text-align: center;\"><a href=\"http:\/\/www.granadablogs.com\/pateandoelmundo\/wp-content\/uploads\/2009\/11\/_051.bmp\"><img decoding=\"async\" class=\"alignnone size-full wp-image-4326\" title=\"Hulk\" src=\"http:\/\/www.granadablogs.com\/pateandoelmundo\/wp-content\/uploads\/2009\/11\/_051.bmp\" alt=\"\" \/><\/a><a href=\"http:\/\/www.granadablogs.com\/pateandoelmundo\/wp-content\/uploads\/2009\/11\/_042.bmp\"><img decoding=\"async\" class=\"size-full wp-image-4325 aligncenter\" title=\"Spiderman\" src=\"http:\/\/www.granadablogs.com\/pateandoelmundo\/wp-content\/uploads\/2009\/11\/_042.bmp\" alt=\"\" \/><\/a><\/p>\n","protected":false},"excerpt":{"rendered":"<p>\u00bfOs acord\u00e1is de estas im\u00e1genes? Pues ayer, corriendo, una encantadora chica belga de 23 a\u00f1os, una peque\u00f1a Erasmus de lo m\u00e1s simp\u00e1tico y encantador&#8230; me dio las gracias por mostrarle el recorrido de la Fuente de la Bicha llam\u00e1ndome \u00abse\u00f1or\u00bb.\u00a0 \u00bfSe\u00f1or? \u00bfSE\u00d1OR?&#8230; En fin. Pensemos que era guiri y que quer\u00eda ser agradable&#8230; \u00a0 \ud83d\ude41 [&hellip;]<\/p>\n","protected":false},"author":1,"featured_media":0,"comment_status":"open","ping_status":"open","sticky":false,"template":"","format":"standard","meta":{"jetpack_post_was_ever_published":false,"_jetpack_newsletter_access":"","_jetpack_dont_email_post_to_subs":false,"_jetpack_newsletter_tier_id":0,"_jetpack_memberships_contains_paywalled_content":false,"_jetpack_memberships_contains_paid_content":false,"footnotes":""},"categories":[7],"tags":[2154,2153,2152],"class_list":["post-4324","post","type-post","status-publish","format-standard","hentry","category-imagenes","tag-el-paso-del-tiempo","tag-hulk","tag-spiderman"],"jetpack_featured_media_url":"","jetpack_sharing_enabled":true,"_links":{"self":[{"href":"https:\/\/www.granadablogs.com\/pateandoelmundo\/wp-json\/wp\/v2\/posts\/4324","targetHints":{"allow":["GET"]}}],"collection":[{"href":"https:\/\/www.granadablogs.com\/pateandoelmundo\/wp-json\/wp\/v2\/posts"}],"about":[{"href":"https:\/\/www.granadablogs.com\/pateandoelmundo\/wp-json\/wp\/v2\/types\/post"}],"author":[{"embeddable":true,"href":"https:\/\/www.granadablogs.com\/pateandoelmundo\/wp-json\/wp\/v2\/users\/1"}],"replies":[{"embeddable":true,"href":"https:\/\/www.granadablogs.com\/pateandoelmundo\/wp-json\/wp\/v2\/comments?post=4324"}],"version-history":[{"count":1,"href":"https:\/\/www.granadablogs.com\/pateandoelmundo\/wp-json\/wp\/v2\/posts\/4324\/revisions"}],"predecessor-version":[{"id":4327,"href":"https:\/\/www.granadablogs.com\/pateandoelmundo\/wp-json\/wp\/v2\/posts\/4324\/revisions\/4327"}],"wp:attachment":[{"href":"https:\/\/www.granadablogs.com\/pateandoelmundo\/wp-json\/wp\/v2\/media?parent=4324"}],"wp:term":[{"taxonomy":"category","embeddable":true,"href":"https:\/\/www.granadablogs.com\/pateandoelmundo\/wp-json\/wp\/v2\/categories?post=4324"},{"taxonomy":"post_tag","embeddable":true,"href":"https:\/\/www.granadablogs.com\/pateandoelmundo\/wp-json\/wp\/v2\/tags?post=4324"}],"curies":[{"name":"wp","href":"https:\/\/api.w.org\/{rel}","templated":true}]}}