{"id":423,"date":"2008-09-15T11:08:00","date_gmt":"2008-09-15T10:08:00","guid":{"rendered":"http:\/\/www.granadablogs.com\/pateandoelmundo\/?p=423"},"modified":"2008-09-15T11:08:00","modified_gmt":"2008-09-15T10:08:00","slug":"la-mirada-del-observador","status":"publish","type":"post","link":"https:\/\/www.granadablogs.com\/pateandoelmundo\/la-mirada-del-observador\/","title":{"rendered":"LA MIRADA DEL OBSERVADOR"},"content":{"rendered":"<div align=\"justify\">Hace unos meses d\u00e1bamos cuenta de una feliz noticia: <a href=\"http:\/\/pateando-el-mundo.blogspot.com\/2008\/05\/clsicos-novela-negra-rba-de-riguroso.html\"><span style=\"color:#ff0000;\"><strong>la aparici\u00f3n de cl\u00e1sicos RBA<\/strong><\/span><\/a>. Para nuestro entra\u00f1able, caliente y querido <a href=\"http:\/\/pateando-el-mundo.blogspot.com\/2008\/05\/el-blues-del-detective-inmortal.html\"><span style=\"color:#ff0000;\"><strong>Club Blue &amp; Noir<\/strong><\/span><\/a>, dejamos estas referencias a la singular <a href=\"http:\/\/www.granadajazz.net\/blue-noir\/MarcBehm%20.htm\"><span style=\"font-size:130%;color:#ff0000;\"><strong>\u201cLa mirada del Observador\u201d<\/strong><\/span><\/a> de Marc Behm. <\/div>\n<div align=\"justify\"><\/div>\n<p><img decoding=\"async\" id=\"BLOGGER_PHOTO_ID_5246188158512188594\" style=\"DISPLAY: block; MARGIN: 0px auto 10px; CURSOR: hand; TEXT-ALIGN: center\" alt=\"\" src=\"http:\/\/4.bp.blogspot.com\/_r6VY1mvj3jk\/SM40Vaz6zLI\/AAAAAAAADPU\/jdXB_40bWjU\/s400\/_27.jpg\" border=\"0\" \/><br \/>A ver c\u00f3mo les suena&#8230;<\/p>\n<p>Etiquetas: <a href=\"http:\/\/bitacoras.com\/canales\/behm\" rel=\"tag\">behm<\/a>, <a href=\"http:\/\/bitacoras.com\/canales\/blue+and+noir\" rel=\"tag\">blue and noir<\/a>, <a href=\"http:\/\/bitacoras.com\/canales\/negra+y+criminal\" rel=\"tag\">negra y criminal<\/a>, <a href=\"http:\/\/bitacoras.com\/canales\/la+mirada+del+observador\" rel=\"tag\">la mirada del observador<\/a>, <a href=\"http:\/\/bitacoras.com\/canales\/cl\u00e1sicos+rba\" rel=\"tag\">cl\u00e1sicos rba<\/a>, <a href=\"http:\/\/bitacoras.com\/canales\/libros\" rel=\"tag\">libros<\/a><\/p><\/p>\n","protected":false},"excerpt":{"rendered":"<p>Hace unos meses d\u00e1bamos cuenta de una feliz noticia: la aparici\u00f3n de cl\u00e1sicos RBA. Para nuestro entra\u00f1able, caliente y querido Club Blue &amp; Noir, dejamos estas referencias a la singular \u201cLa mirada del Observador\u201d de Marc Behm. A ver c\u00f3mo les suena&#8230; Etiquetas: behm, blue and noir, negra y criminal, la mirada del observador, cl\u00e1sicos [&hellip;]<\/p>\n","protected":false},"author":1,"featured_media":0,"comment_status":"open","ping_status":"open","sticky":false,"template":"","format":"standard","meta":{"jetpack_post_was_ever_published":false,"_jetpack_newsletter_access":"","_jetpack_dont_email_post_to_subs":false,"_jetpack_newsletter_tier_id":0,"_jetpack_memberships_contains_paywalled_content":false,"_jetpack_memberships_contains_paid_content":false,"footnotes":""},"categories":[29,21],"tags":[],"class_list":["post-423","post","type-post","status-publish","format-standard","hentry","category-blue-noir","category-negra-y-criminal"],"jetpack_featured_media_url":"","jetpack_sharing_enabled":true,"_links":{"self":[{"href":"https:\/\/www.granadablogs.com\/pateandoelmundo\/wp-json\/wp\/v2\/posts\/423","targetHints":{"allow":["GET"]}}],"collection":[{"href":"https:\/\/www.granadablogs.com\/pateandoelmundo\/wp-json\/wp\/v2\/posts"}],"about":[{"href":"https:\/\/www.granadablogs.com\/pateandoelmundo\/wp-json\/wp\/v2\/types\/post"}],"author":[{"embeddable":true,"href":"https:\/\/www.granadablogs.com\/pateandoelmundo\/wp-json\/wp\/v2\/users\/1"}],"replies":[{"embeddable":true,"href":"https:\/\/www.granadablogs.com\/pateandoelmundo\/wp-json\/wp\/v2\/comments?post=423"}],"version-history":[{"count":0,"href":"https:\/\/www.granadablogs.com\/pateandoelmundo\/wp-json\/wp\/v2\/posts\/423\/revisions"}],"wp:attachment":[{"href":"https:\/\/www.granadablogs.com\/pateandoelmundo\/wp-json\/wp\/v2\/media?parent=423"}],"wp:term":[{"taxonomy":"category","embeddable":true,"href":"https:\/\/www.granadablogs.com\/pateandoelmundo\/wp-json\/wp\/v2\/categories?post=423"},{"taxonomy":"post_tag","embeddable":true,"href":"https:\/\/www.granadablogs.com\/pateandoelmundo\/wp-json\/wp\/v2\/tags?post=423"}],"curies":[{"name":"wp","href":"https:\/\/api.w.org\/{rel}","templated":true}]}}