{"id":4227,"date":"2009-11-19T19:00:56","date_gmt":"2009-11-19T18:00:56","guid":{"rendered":"http:\/\/www.granadablogs.com\/pateandoelmundo\/?p=4227"},"modified":"2009-11-19T08:48:14","modified_gmt":"2009-11-19T07:48:14","slug":"regalos-aspaciales","status":"publish","type":"post","link":"https:\/\/www.granadablogs.com\/pateandoelmundo\/regalos-aspaciales\/","title":{"rendered":"REGALOS ASPACIALES"},"content":{"rendered":"<p style=\"text-align: justify;\">No. No es una errata.<\/p>\n<p style=\"text-align: justify;\">\u00a0<\/p>\n<p style=\"text-align: justify;\">Aspaciales son los regalos de los que habla \u00c1ngeles Pe\u00f1alver en uno de esos reportajes que justifica por s\u00ed solos la adquisici\u00f3n del peri\u00f3dico de la ma\u00f1ana: <a href=\"http:\/\/www.ideal.es\/granada\/20091118\/cultura\/regalo-diferente-20091118.html\">Un regalo diferente<\/a>.<\/p>\n<p style=\"text-align: center;\">\u00a0<a href=\"http:\/\/www.granadablogs.com\/pateandoelmundo\/wp-content\/uploads\/2009\/11\/_059.jpg\"><img loading=\"lazy\" decoding=\"async\" class=\"size-full wp-image-4228 aligncenter\" title=\"Aspace\" src=\"http:\/\/www.granadablogs.com\/pateandoelmundo\/wp-content\/uploads\/2009\/11\/_059.jpg\" alt=\"\" width=\"300\" height=\"200\" \/><\/a><\/p>\n<p style=\"text-align: justify;\">Lleva como subt\u00edtulo: \u00abPersonas con par\u00e1lisis cerebral preparan la navidad pintando cuadros, christmas y bisuter\u00eda para venderlos en Aspace, la asociaci\u00f3n donde se rehabilitan a diario\u00bb y es una aut\u00e9ntica gozada.<\/p>\n<p style=\"text-align: justify;\">\u00a0<\/p>\n<p style=\"text-align: justify;\">Yo ya s\u00e9 d\u00f3nde voy a comprar esta Navidad.<\/p>\n<p style=\"text-align: justify;\">\u00a0<\/p>\n<p style=\"text-align: justify;\">Jes\u00fas Lens.<\/p>\n","protected":false},"excerpt":{"rendered":"<p>No. No es una errata. \u00a0 Aspaciales son los regalos de los que habla \u00c1ngeles Pe\u00f1alver en uno de esos reportajes que justifica por s\u00ed solos la adquisici\u00f3n del peri\u00f3dico de la ma\u00f1ana: Un regalo diferente. \u00a0 Lleva como subt\u00edtulo: \u00abPersonas con par\u00e1lisis cerebral preparan la navidad pintando cuadros, christmas y bisuter\u00eda para venderlos en [&hellip;]<\/p>\n","protected":false},"author":1,"featured_media":0,"comment_status":"open","ping_status":"open","sticky":false,"template":"","format":"standard","meta":{"jetpack_post_was_ever_published":false,"_jetpack_newsletter_access":"","_jetpack_dont_email_post_to_subs":false,"_jetpack_newsletter_tier_id":0,"_jetpack_memberships_contains_paywalled_content":false,"_jetpack_memberships_contains_paid_content":false,"footnotes":""},"categories":[26],"tags":[2109,2110],"class_list":["post-4227","post","type-post","status-publish","format-standard","hentry","category-interneteo","tag-aspace","tag-paralisis-cerebral"],"jetpack_featured_media_url":"","jetpack_sharing_enabled":true,"_links":{"self":[{"href":"https:\/\/www.granadablogs.com\/pateandoelmundo\/wp-json\/wp\/v2\/posts\/4227","targetHints":{"allow":["GET"]}}],"collection":[{"href":"https:\/\/www.granadablogs.com\/pateandoelmundo\/wp-json\/wp\/v2\/posts"}],"about":[{"href":"https:\/\/www.granadablogs.com\/pateandoelmundo\/wp-json\/wp\/v2\/types\/post"}],"author":[{"embeddable":true,"href":"https:\/\/www.granadablogs.com\/pateandoelmundo\/wp-json\/wp\/v2\/users\/1"}],"replies":[{"embeddable":true,"href":"https:\/\/www.granadablogs.com\/pateandoelmundo\/wp-json\/wp\/v2\/comments?post=4227"}],"version-history":[{"count":2,"href":"https:\/\/www.granadablogs.com\/pateandoelmundo\/wp-json\/wp\/v2\/posts\/4227\/revisions"}],"predecessor-version":[{"id":4239,"href":"https:\/\/www.granadablogs.com\/pateandoelmundo\/wp-json\/wp\/v2\/posts\/4227\/revisions\/4239"}],"wp:attachment":[{"href":"https:\/\/www.granadablogs.com\/pateandoelmundo\/wp-json\/wp\/v2\/media?parent=4227"}],"wp:term":[{"taxonomy":"category","embeddable":true,"href":"https:\/\/www.granadablogs.com\/pateandoelmundo\/wp-json\/wp\/v2\/categories?post=4227"},{"taxonomy":"post_tag","embeddable":true,"href":"https:\/\/www.granadablogs.com\/pateandoelmundo\/wp-json\/wp\/v2\/tags?post=4227"}],"curies":[{"name":"wp","href":"https:\/\/api.w.org\/{rel}","templated":true}]}}