{"id":422,"date":"2008-09-14T11:00:00","date_gmt":"2008-09-14T10:00:00","guid":{"rendered":"http:\/\/www.granadablogs.com\/pateandoelmundo\/?p=422"},"modified":"2008-09-14T11:00:00","modified_gmt":"2008-09-14T10:00:00","slug":"el-sindrome-de-mowgli","status":"publish","type":"post","link":"https:\/\/www.granadablogs.com\/pateandoelmundo\/el-sindrome-de-mowgli\/","title":{"rendered":"EL S\u00cdNDROME DE MOWGLI"},"content":{"rendered":"<table id=\"HB_Mail_Container\" height=\"100%\" cellspacing=\"0\" cellpadding=\"0\" width=\"100%\" border=\"0\" unselectable=\"on\">\n<div align=\"justify\"><\/div>\n<tbody>\n<div align=\"justify\"><\/div>\n<tr height=\"100%\" width=\"100%\" unselectable=\"on\">\n<div align=\"justify\"><\/div>\n<td id=\"HB_Focus_Element\" valign=\"top\" width=\"100%\" background=\"\" height=\"250\" unselectable=\"off\">\n<div align=\"justify\"><em><span style=\"font-family:times new roman;\">Culminamos este fin de semana de derrotas y <a href=\"http:\/\/pateando-el-mundo.blogspot.com\/2008\/09\/barfly.html\"><span style=\"color:#ff0000;\"><strong>fracasos<\/strong><\/span><\/a> con la rese\u00f1a de esta novela, de la que habl\u00e1bamos en la <a href=\"http:\/\/pateando-el-mundo.blogspot.com\/2008\/09\/derrotas.html\"><strong><span style=\"color:#ff0000;\">columna del viernes de IDEAL<\/span><\/strong><\/a>.<br \/><\/span><\/em><br \/>Hace algunos meses rese\u00f1\u00e1bamos una novela de esp\u00edas, <a href=\"http:\/\/pateando-el-mundo.blogspot.com\/2008\/02\/el-factor-einstein.html\"><span style=\"color:#ff0000;\"><strong>\u201cEl factor Einstein\u201d<\/strong><\/span><\/a>, de Andr\u00e9s P\u00e9rez Dom\u00ednguez, se\u00f1alando que se trataba de un excelente ejercicio literario en que se contaba \u201cuna historia de largo alcance y amplio recorrido, con unos personajes muy perfilados y una atractiva trama, bien trazada y mejor resuelta.\u201d <\/div>\n<div align=\"justify\"><\/div>\n<p><img decoding=\"async\" id=\"BLOGGER_PHOTO_ID_5245817938758683426\" style=\"DISPLAY: block; MARGIN: 0px auto 10px; CURSOR: hand; TEXT-ALIGN: center\" alt=\"\" src=\"http:\/\/3.bp.blogspot.com\/_r6VY1mvj3jk\/SMzjnywVSyI\/AAAAAAAADPM\/LGTwUBzsETE\/s400\/_031.jpg\" border=\"0\" \/> <\/p>\n<p align=\"justify\">Con \u201cEl s\u00edndrome de Mowgli\u201d, galardonada con el Premio Luis Berenguer de Novela y publicada por Algaida, Andr\u00e9s nos regala una fascinante historia en la que cambia de tercio con respecto a sus adictivas historias de espionaje b\u00e9lico, como la referida \u201cEl factor Einstein\u201d o su estupenda \u201cLa clave Pinner\u201d, finalista de uno de los premios literarios de Semana Negra hace algunos a\u00f1os.<\/p>\n<p>En esta ocasi\u00f3n, el autor sevillano se ha decantado por una historia negra y criminal de corte cl\u00e1sico, que respeta todos los c\u00e1nones del g\u00e9nero, sin caer en manique\u00edsmos facilones, en supuestos homenajes o recreaciones ni en desmitificaciones crepusculares, ir\u00f3nicas o par\u00f3dicas. <\/p>\n<p align=\"justify\"><\/p>\n<p align=\"justify\"><img decoding=\"async\" id=\"BLOGGER_PHOTO_ID_5245817935742282850\" style=\"DISPLAY: block; MARGIN: 0px auto 10px; CURSOR: hand; TEXT-ALIGN: center\" alt=\"\" src=\"http:\/\/3.bp.blogspot.com\/_r6VY1mvj3jk\/SMzjnnhKrGI\/AAAAAAAADO0\/Xxj9LwW8YDM\/s400\/_021.jpg\" border=\"0\" \/><br \/>No. Los personajes de \u201cEl s\u00edndrome de Mowgli\u201d son personajes de una pieza, intensos, fuertes, maleados por la vida: \u201cRafael Montalb\u00e1n, ex boxeador profesional que nunca lleg\u00f3 a triunfar. La nariz quebrada, bajito, el cuerpo fibroso, portero de puticlub, guardaespaldas ocasional y cobrador de deudas por cuenta ajena.\u201d \u00c9ste es el gran protagonista de la novela.<\/p>\n<p>Y, a su alrededor, las obsesiones y las frustraciones de alguien que ha prostituido su talento, una persona que quiere romper con su presente y, para ello, da testimonio de sus andanzas en uno de esos programas nocturnos de radio en que, en el vac\u00edo de la madrugada, las almas solitarias y torturadas vomitan y purgan en antena sus fracasos y decepciones. <\/p>\n<p><\/p>\n<p><img decoding=\"async\" id=\"BLOGGER_PHOTO_ID_5245817941508346610\" style=\"DISPLAY: block; MARGIN: 0px auto 10px; CURSOR: hand; TEXT-ALIGN: center\" alt=\"\" src=\"http:\/\/3.bp.blogspot.com\/_r6VY1mvj3jk\/SMzjn8_50vI\/AAAAAAAADPE\/uOStPld_uCM\/s400\/_026.jpg\" border=\"0\" \/> <\/p>\n<p align=\"center\"><em><span style=\"font-family:times new roman;font-size:85%;\"><strong>Andr\u00e9s P\u00e9rez Dom\u00ednguez, en primer plano. Foto de <\/strong><a href=\"http:\/\/laseparata.blogspot.com\/\"><span style=\"color:#ff0000;\">La Separata<\/span><\/a><strong>, su estupendo blog.<br \/><\/strong><\/p>\n<p><\/span><\/em><\/p>\n<p align=\"justify\">Pero esa ceremonia de exorcismo, en el caso de Rafael, tiene un sentido especial. Porque, para huir del presente, decide refugiarse en el pasado, en un intento de resta\u00f1ar viejas heridas que est\u00e1n muy lejos de haber cicatrizado.<\/p>\n<p>A partir de ah\u00ed, Rafael inicia una espiral que no sabe a d\u00f3nde le llegar\u00e1. Ni nosotros. Porque, fiel a Itaca, a Rafael no le importa tanto el destino como el viaje en s\u00ed mismo. Y ah\u00ed es donde salimos ganando todos los lectores ya que su viaje le conduce a un futuro incierto y enigm\u00e1tico, pero tambi\u00e9n nos permite bucear en un pasado dif\u00edcil, inh\u00f3spito, duro y apasionante.<\/p>\n<p>\u201cEl s\u00edndrome de Mowgli\u201d es de esos libros que, cuando apagas la luz de la mesilla de noche y te ves arrastrado hacia la inconsciencia, te acompa\u00f1an, te siguen hablando y se entremezclan con tus sue\u00f1os. <\/p>\n<p align=\"justify\">\n<p align=\"justify\"><img decoding=\"async\" id=\"BLOGGER_PHOTO_ID_5245817935144706466\" style=\"DISPLAY: block; MARGIN: 0px auto 10px; CURSOR: hand; TEXT-ALIGN: center\" alt=\"\" src=\"http:\/\/1.bp.blogspot.com\/_r6VY1mvj3jk\/SMzjnlSsYaI\/AAAAAAAADO8\/U_wQY8uXXWM\/s400\/_023.jpg\" border=\"0\" \/><\/p>\n<p>Sue\u00f1os. Los sue\u00f1os, como en el caso de Rafael, pueden estar hechos a\u00f1icos. Pero por la ma\u00f1ana, con la dignidad de los perdedores de ley, Rafael se levantar\u00e1 de la cama despu\u00e9s de haber maldormido apenas un par de horas, se lavar\u00e1 la cara y el espejo le devolver\u00e1 una mirada dura, hastiada, cansada. Entonces, se vestir\u00e1, meter\u00e1 sus escasas pertenencias en su bolsa de viaje, a la que igualmente devolver\u00e1 los retazos de sus anhelos frustrados y sus recuerdos tormentosos, y seguir\u00e1 su camino. Triste, solitario y final, como bien dijera Osvaldo Soriano. <\/p>\n<p><\/p>\n<p><img decoding=\"async\" id=\"BLOGGER_PHOTO_ID_5245817934725069074\" style=\"DISPLAY: block; MARGIN: 0px auto 10px; CURSOR: hand; TEXT-ALIGN: center\" alt=\"\" src=\"http:\/\/2.bp.blogspot.com\/_r6VY1mvj3jk\/SMzjnjupORI\/AAAAAAAADOs\/QCGKXPnkJlk\/s400\/_00.bmp\" border=\"0\" \/> <\/p>\n<p align=\"justify\">\u201cEl s\u00edndrome de Mowgli\u201d. Hermoso t\u00edtulo para una excelente novela y que habla de \u201ccuando est\u00e1s en un lugar rodeado de gente y de pronto te sientes muy solo, como si fueras invisible, como si nadie pudiera verte ni tocarte, cuando te gustar\u00eda ser parte de algo pero descubres que nunca podr\u00e1s formar parte de nada.\u201d<\/p>\n<p>Toda una declaraci\u00f3n de principios que me recuerda el aforismo de Seydou Badian Kouyate: \u00abEl que se sit\u00faa fuera de la comunidad pierde de una forma u otra su cualidad de ser humano y se convierte en una especie de reencarnaci\u00f3n de genios malignos, pero se\u00f1alado y temido por todo el mundo.\u00bb<\/p>\n<p>Jes\u00fas Lens Espinosa de los Monteros.<\/p>\n<p align=\"justify\">Etiquetas: <a href=\"http:\/\/bitacoras.com\/canales\/el+s\u00edndrome+de+mowgli\" rel=\"tag\">el s\u00edndrome de mowgli<\/a>, <a href=\"http:\/\/bitacoras.com\/canales\/andr\u00e9s+p\u00e9rez+dom\u00ednguez\" rel=\"tag\">andr\u00e9s p\u00e9rez dom\u00ednguez<\/a>, <a href=\"http:\/\/bitacoras.com\/canales\/novela+negra\" rel=\"tag\">novela negra<\/a>, <a href=\"http:\/\/bitacoras.com\/canales\/polic\u00edaco\" rel=\"tag\">polic\u00edaco<\/a>, <a href=\"http:\/\/bitacoras.com\/canales\/negra+y+criminal\" rel=\"tag\">negra y criminal<\/a>, <a href=\"http:\/\/bitacoras.com\/canales\/algaida\" rel=\"tag\">algaida<\/a><\/p>\n<p align=\"justify\">\n<\/td>\n<\/tr>\n<div align=\"justify\"><\/div>\n<tr unselectable=\"on\" hb_tag=\"1\">\n<div align=\"justify\"><\/div>\n<td style=\"FONT-SIZE: 1pt\" height=\"1\" unselectable=\"on\">\n<p align=\"justify\"><\/p>\n<div id=\"hotbar_promo\"><\/div>\n<\/td>\n<\/tr>\n<\/tbody>\n<\/table>\n","protected":false},"excerpt":{"rendered":"<p>Culminamos este fin de semana de derrotas y fracasos con la rese\u00f1a de esta novela, de la que habl\u00e1bamos en la columna del viernes de IDEAL.Hace algunos meses rese\u00f1\u00e1bamos una novela de esp\u00edas, \u201cEl factor Einstein\u201d, de Andr\u00e9s P\u00e9rez Dom\u00ednguez, se\u00f1alando que se trataba de un excelente ejercicio literario en que se contaba \u201cuna historia [&hellip;]<\/p>\n","protected":false},"author":1,"featured_media":0,"comment_status":"open","ping_status":"open","sticky":false,"template":"","format":"standard","meta":{"jetpack_post_was_ever_published":false,"_jetpack_newsletter_access":"","_jetpack_dont_email_post_to_subs":false,"_jetpack_newsletter_tier_id":0,"_jetpack_memberships_contains_paywalled_content":false,"_jetpack_memberships_contains_paid_content":false,"footnotes":""},"categories":[9,21],"tags":[],"class_list":["post-422","post","type-post","status-publish","format-standard","hentry","category-literarios","category-negra-y-criminal"],"jetpack_featured_media_url":"","jetpack_sharing_enabled":true,"_links":{"self":[{"href":"https:\/\/www.granadablogs.com\/pateandoelmundo\/wp-json\/wp\/v2\/posts\/422","targetHints":{"allow":["GET"]}}],"collection":[{"href":"https:\/\/www.granadablogs.com\/pateandoelmundo\/wp-json\/wp\/v2\/posts"}],"about":[{"href":"https:\/\/www.granadablogs.com\/pateandoelmundo\/wp-json\/wp\/v2\/types\/post"}],"author":[{"embeddable":true,"href":"https:\/\/www.granadablogs.com\/pateandoelmundo\/wp-json\/wp\/v2\/users\/1"}],"replies":[{"embeddable":true,"href":"https:\/\/www.granadablogs.com\/pateandoelmundo\/wp-json\/wp\/v2\/comments?post=422"}],"version-history":[{"count":0,"href":"https:\/\/www.granadablogs.com\/pateandoelmundo\/wp-json\/wp\/v2\/posts\/422\/revisions"}],"wp:attachment":[{"href":"https:\/\/www.granadablogs.com\/pateandoelmundo\/wp-json\/wp\/v2\/media?parent=422"}],"wp:term":[{"taxonomy":"category","embeddable":true,"href":"https:\/\/www.granadablogs.com\/pateandoelmundo\/wp-json\/wp\/v2\/categories?post=422"},{"taxonomy":"post_tag","embeddable":true,"href":"https:\/\/www.granadablogs.com\/pateandoelmundo\/wp-json\/wp\/v2\/tags?post=422"}],"curies":[{"name":"wp","href":"https:\/\/api.w.org\/{rel}","templated":true}]}}