{"id":3794,"date":"2009-10-06T17:16:18","date_gmt":"2009-10-06T16:16:18","guid":{"rendered":"http:\/\/www.granadablogs.com\/pateandoelmundo\/?p=3794"},"modified":"2009-10-06T17:16:18","modified_gmt":"2009-10-06T16:16:18","slug":"vicky-el-vikingo","status":"publish","type":"post","link":"https:\/\/www.granadablogs.com\/pateandoelmundo\/vicky-el-vikingo\/","title":{"rendered":"VICKY EL VIKINGO"},"content":{"rendered":"<p style=\"text-align: justify;\">Miedo de daba ir a ver la versi\u00f3n cinematogr\u00e1fica del \u00abVicky el vikingo\u00bb y que me destrozara el delicioso recuerdo de aquella fant\u00e1stica serie de dibujos animados que tan feliz nos hiciera hace a\u00f1os. Pero no. Ni mucho menos. La pel\u00edcula tiene el mismo esp\u00edritu festivo, divertido y libertario de entonces y, sinceramente, me lo pas\u00e9 pipa, disfrutando como ese querub\u00edn que, a la salida del cine, s\u00f3lo quer\u00eda jugar, correr, perseguir gatos, ir a los columpios y disfrutar como un loco de la tarde dominical.<\/p>\n<p style=\"text-align: center;\">\u00a0<a href=\"http:\/\/www.granadablogs.com\/pateandoelmundo\/wp-content\/uploads\/2009\/10\/madozcactus1.jpg\"><img loading=\"lazy\" decoding=\"async\" class=\"size-full wp-image-3795 aligncenter\" title=\"Vicky el vikingo\" src=\"http:\/\/www.granadablogs.com\/pateandoelmundo\/wp-content\/uploads\/2009\/10\/madozcactus1.jpg\" alt=\"\" width=\"499\" height=\"711\" srcset=\"https:\/\/www.granadablogs.com\/pateandoelmundo\/wp-content\/uploads\/2009\/10\/madozcactus1.jpg 710w, https:\/\/www.granadablogs.com\/pateandoelmundo\/wp-content\/uploads\/2009\/10\/madozcactus1-210x300.jpg 210w\" sizes=\"auto, (max-width: 499px) 100vw, 499px\" \/><\/a><\/p>\n<p style=\"text-align: justify;\">Sobre el esp\u00edritu de la pel\u00edcula, su director, el alem\u00e1n Michael Bully Herbig, dice lo siguiente: <em>\u00abPor lo que a m\u00ed respecta, Vicky el vikingo ha quedado definido por la serie de dibujos desde hace ya m\u00e1s de 30 a\u00f1os. Visualmente, era la expectativa que quer\u00eda cumplir. Mi mayor preocupaci\u00f3n era decepcionar a los fans de Vicky. Por eso decid\u00ed tomar \u00fanicamente la serie de televisi\u00f3n como modelo para la pel\u00edcula\u00bb.<\/em><\/p>\n<p style=\"text-align: justify;\">\u00a0<\/p>\n<p style=\"text-align: justify;\">\u00a1Y bien que hizo!<\/p>\n<p style=\"text-align: center;\">\u00a0<a href=\"http:\/\/www.granadablogs.com\/pateandoelmundo\/wp-content\/uploads\/2009\/10\/161.jpg\"><img loading=\"lazy\" decoding=\"async\" class=\"size-full wp-image-3799 aligncenter\" title=\"Vicky el vikingo\" src=\"http:\/\/www.granadablogs.com\/pateandoelmundo\/wp-content\/uploads\/2009\/10\/161.jpg\" alt=\"\" width=\"499\" height=\"183\" srcset=\"https:\/\/www.granadablogs.com\/pateandoelmundo\/wp-content\/uploads\/2009\/10\/161.jpg 710w, https:\/\/www.granadablogs.com\/pateandoelmundo\/wp-content\/uploads\/2009\/10\/161-300x109.jpg 300w\" sizes=\"auto, (max-width: 499px) 100vw, 499px\" \/><\/a><\/p>\n<p style=\"text-align: justify;\">Porque desde el principio te metes en la historia con la inocencia y la candidez de un ni\u00f1o, pero sin que la pel\u00edcula sea un insulto para la inteligencia de los adultos que decidan darse un garbeo por la aldea de Flake.<\/p>\n<p style=\"text-align: center;\">\u00a0<a href=\"http:\/\/www.granadablogs.com\/pateandoelmundo\/wp-content\/uploads\/2009\/10\/151.jpg\"><img loading=\"lazy\" decoding=\"async\" class=\"size-full wp-image-3796 aligncenter\" title=\"Vicky el vikingo\" src=\"http:\/\/www.granadablogs.com\/pateandoelmundo\/wp-content\/uploads\/2009\/10\/151.jpg\" alt=\"\" width=\"300\" height=\"365\" srcset=\"https:\/\/www.granadablogs.com\/pateandoelmundo\/wp-content\/uploads\/2009\/10\/151.jpg 300w, https:\/\/www.granadablogs.com\/pateandoelmundo\/wp-content\/uploads\/2009\/10\/151-246x300.jpg 246w\" sizes=\"auto, (max-width: 300px) 100vw, 300px\" \/><\/a><\/p>\n<p style=\"text-align: justify;\">Aunque, como dec\u00edamos, la historia mantiene el esp\u00edritu primigenio de la serie, el argumento es completamente nuevo, planteando el secuestro de los ni\u00f1os de la aldea por parte del tan temible como divertido Sven y el mito del Cuerno de Thule, dando entrada a misteriosos personajes ex\u00f3ticos, demonios y barcos fantasma.<\/p>\n<p style=\"text-align: justify;\">\u00a0<\/p>\n<p style=\"text-align: justify;\">Y, por supuesto, est\u00e1n Ulme, el poeta, siempre con su lira a mano. Est\u00e1n Gorm, que se muestra necesariamente \u00a1entusiasma-do!, y el glot\u00f3n de Flaxe. Snorre y Tjure aprovechan para seguir d\u00e1ndose mamporrazos con cualquier excusa y la preciosa Ylvie sigue siendo la chiquita m\u00e1s deseada por todos los ni\u00f1os.<\/p>\n<p style=\"text-align: center;\">\u00a0<a href=\"http:\/\/www.granadablogs.com\/pateandoelmundo\/wp-content\/uploads\/2009\/10\/madozjaula.jpg\"><img loading=\"lazy\" decoding=\"async\" class=\"size-full wp-image-3797 aligncenter\" title=\"Vicky el vikingo\" src=\"http:\/\/www.granadablogs.com\/pateandoelmundo\/wp-content\/uploads\/2009\/10\/madozjaula.jpg\" alt=\"\" width=\"499\" height=\"183\" srcset=\"https:\/\/www.granadablogs.com\/pateandoelmundo\/wp-content\/uploads\/2009\/10\/madozjaula.jpg 710w, https:\/\/www.granadablogs.com\/pateandoelmundo\/wp-content\/uploads\/2009\/10\/madozjaula-300x109.jpg 300w\" sizes=\"auto, (max-width: 499px) 100vw, 499px\" \/><\/a><\/p>\n<p style=\"text-align: justify;\">En su hora y veinticinco minutos de duraci\u00f3n hay peleas, broncas, viajes, bromas, m\u00fasica y diversi\u00f3n a raudales. Y unos paisajes espectaculares. Los escenarios naturales donde se filmaron las secuencias mar\u00edtimas est\u00e1n en el lago Walchensee, en Baviera. Matthias M\u00fcsse, dise\u00f1ador de producci\u00f3n, comenta: <em>\u00abEl paisaje es muy similar a un fiordo noruego y la bah\u00eda era ideal para construir la aldea vikinga\u00bb<\/em>. M\u00fcsse descubri\u00f3 por casualidad que Walchensee ya hab\u00eda servido como escenario de pel\u00edculas de vikingos hace 50 a\u00f1os. En 1958, Kirk Douglas, Tony Curtis, Ernest Borgnine y Janet Leigh rodaron all\u00ed ese gran cl\u00e1sico que es \u00abLos Vikingos\u00bb y, un a\u00f1o despu\u00e9s, la productora de Douglas regres\u00f3 a ese mismo lugar para rodar una serie de televisi\u00f3n derivada de esa pel\u00edcula, \u00abTales of the Vikings\u00bb.<\/p>\n<p style=\"text-align: center;\">\u00a0<a href=\"http:\/\/www.granadablogs.com\/pateandoelmundo\/wp-content\/uploads\/2009\/10\/171.jpg\"><img loading=\"lazy\" decoding=\"async\" class=\"size-full wp-image-3798 aligncenter\" title=\"Vicky el vikingo\" src=\"http:\/\/www.granadablogs.com\/pateandoelmundo\/wp-content\/uploads\/2009\/10\/171.jpg\" alt=\"\" width=\"499\" height=\"183\" srcset=\"https:\/\/www.granadablogs.com\/pateandoelmundo\/wp-content\/uploads\/2009\/10\/171.jpg 710w, https:\/\/www.granadablogs.com\/pateandoelmundo\/wp-content\/uploads\/2009\/10\/171-300x109.jpg 300w\" sizes=\"auto, (max-width: 499px) 100vw, 499px\" \/><\/a><\/p>\n<p style=\"text-align: justify;\">Y una cuesti\u00f3n acerca de la pol\u00e9mica sobre los cascos de los vikingos, en la que el director de la pel\u00edcula lo tiene claro<em>: \u00abPara m\u00ed no cab\u00eda duda de que hab\u00eda que usar los cascos y la ropa de los vikingos tal y como aparec\u00eda en la serie de televisi\u00f3n, por mucho que todos los expertos actuales en vikingos puedan demostrar sin la menor duda que nunca llevaron cuernos en los cascos\u00bb<\/em>. Se lleg\u00f3 a un compromiso: los cascos tendr\u00edan cuernos, pero se envejecer\u00edan para que parecieran usados, desgastados y abollados.<\/p>\n<p style=\"text-align: justify;\">\u00a0<\/p>\n<p style=\"text-align: justify;\">Igual que hicieron con la aldea vikinga tan, tan realista, hasta el punto de que se ha conservado \u00edntegramente, guardada en uno de esos museos cinematogr\u00e1ficos que los grandes Estudios mantienen para que los visitantes disfruten paseando entre los decorados de distintas pel\u00edculas y que, a buen seguro, servir\u00e1 como escenario para las pr\u00f3ximas entregas de la estirpe de este Vicky que, rasc\u00e1ndose la nariz cuando tiene una buena idea, conquista a chicos y a grandes en este siglo XXI, que tan cari\u00f1osamente acoge a esos vikingos tan nobles como brutos.<\/p>\n<p style=\"text-align: justify;\">\u00a0<\/p>\n<p style=\"text-align: justify;\">Jes\u00fas Lens Espinosa de los Monteros.<\/p>\n","protected":false},"excerpt":{"rendered":"<p>Miedo de daba ir a ver la versi\u00f3n cinematogr\u00e1fica del \u00abVicky el vikingo\u00bb y que me destrozara el delicioso recuerdo de aquella fant\u00e1stica serie de dibujos animados que tan feliz nos hiciera hace a\u00f1os. Pero no. Ni mucho menos. La pel\u00edcula tiene el mismo esp\u00edritu festivo, divertido y libertario de entonces y, sinceramente, me lo [&hellip;]<\/p>\n","protected":false},"author":1,"featured_media":0,"comment_status":"open","ping_status":"open","sticky":false,"template":"","format":"standard","meta":{"jetpack_post_was_ever_published":false,"_jetpack_newsletter_access":"","_jetpack_dont_email_post_to_subs":false,"_jetpack_newsletter_tier_id":0,"_jetpack_memberships_contains_paywalled_content":false,"_jetpack_memberships_contains_paid_content":false,"footnotes":""},"categories":[10],"tags":[10,1931,24,1929,1928,1930],"class_list":["post-3794","post","type-post","status-publish","format-standard","hentry","category-cine","tag-cine","tag-michael-bully-herbig","tag-viajes","tag-vicky","tag-vicky-el-vikingo","tag-vikingos"],"jetpack_featured_media_url":"","jetpack_sharing_enabled":true,"_links":{"self":[{"href":"https:\/\/www.granadablogs.com\/pateandoelmundo\/wp-json\/wp\/v2\/posts\/3794","targetHints":{"allow":["GET"]}}],"collection":[{"href":"https:\/\/www.granadablogs.com\/pateandoelmundo\/wp-json\/wp\/v2\/posts"}],"about":[{"href":"https:\/\/www.granadablogs.com\/pateandoelmundo\/wp-json\/wp\/v2\/types\/post"}],"author":[{"embeddable":true,"href":"https:\/\/www.granadablogs.com\/pateandoelmundo\/wp-json\/wp\/v2\/users\/1"}],"replies":[{"embeddable":true,"href":"https:\/\/www.granadablogs.com\/pateandoelmundo\/wp-json\/wp\/v2\/comments?post=3794"}],"version-history":[{"count":1,"href":"https:\/\/www.granadablogs.com\/pateandoelmundo\/wp-json\/wp\/v2\/posts\/3794\/revisions"}],"predecessor-version":[{"id":3800,"href":"https:\/\/www.granadablogs.com\/pateandoelmundo\/wp-json\/wp\/v2\/posts\/3794\/revisions\/3800"}],"wp:attachment":[{"href":"https:\/\/www.granadablogs.com\/pateandoelmundo\/wp-json\/wp\/v2\/media?parent=3794"}],"wp:term":[{"taxonomy":"category","embeddable":true,"href":"https:\/\/www.granadablogs.com\/pateandoelmundo\/wp-json\/wp\/v2\/categories?post=3794"},{"taxonomy":"post_tag","embeddable":true,"href":"https:\/\/www.granadablogs.com\/pateandoelmundo\/wp-json\/wp\/v2\/tags?post=3794"}],"curies":[{"name":"wp","href":"https:\/\/api.w.org\/{rel}","templated":true}]}}