{"id":3781,"date":"2009-10-05T22:45:46","date_gmt":"2009-10-05T21:45:46","guid":{"rendered":"http:\/\/www.granadablogs.com\/pateandoelmundo\/?p=3781"},"modified":"2009-10-06T12:02:26","modified_gmt":"2009-10-06T11:02:26","slug":"de-munecas-y-fotos","status":"publish","type":"post","link":"https:\/\/www.granadablogs.com\/pateandoelmundo\/de-munecas-y-fotos\/","title":{"rendered":"DE MU\u00d1ECAS Y FOTOS"},"content":{"rendered":"<p style=\"text-align: justify;\">Cuando mi Cuate me mand\u00f3 un SMS desde Munich, desde plena Oktoberfest, diciendo que el s\u00e1bado \u00edbamos a ir a ver una exposici\u00f3n de fotograf\u00edas de su sobrina Luc\u00eda, pens\u00e9 que hab\u00eda trasegado m\u00e1s cerveza de lo que su cuerpo pod\u00eda admitir ya que su sobrina, que yo recordara, era una jovenc\u00edsima cuasi-infanta. \u00bfUna exposici\u00f3n de fotos? \u00bfDe qu\u00e9?<\/p>\n<p style=\"text-align: center;\">\u00a0<a href=\"http:\/\/www.granadablogs.com\/pateandoelmundo\/wp-content\/uploads\/2009\/10\/_014.jpg\"><img loading=\"lazy\" decoding=\"async\" class=\"size-full wp-image-3782 aligncenter\" title=\"Blythe\" src=\"http:\/\/www.granadablogs.com\/pateandoelmundo\/wp-content\/uploads\/2009\/10\/_014.jpg\" alt=\"\" width=\"500\" height=\"400\" srcset=\"https:\/\/www.granadablogs.com\/pateandoelmundo\/wp-content\/uploads\/2009\/10\/_014.jpg 640w, https:\/\/www.granadablogs.com\/pateandoelmundo\/wp-content\/uploads\/2009\/10\/_014-300x240.jpg 300w\" sizes=\"auto, (max-width: 500px) 100vw, 500px\" \/><\/a><\/p>\n<p style=\"text-align: justify;\">Pero s\u00ed. Result\u00f3 que mi Cuate a\u00fan estaba l\u00facido al mandar el SMS. Efectivamente, en un bar-tienda (o tienda-bar) de la calle Buensuceso, en el n\u00famero 5, junto a la Plaza de la Trinidad, hay un atractivo local llamado Living Room. Y all\u00ed hay una sorprendente exposici\u00f3n de fotograf\u00eda basada en unas mu\u00f1ecas llamadas Blythe, de las que hasta ahora no sab\u00eda una palabra y a las que, desde el s\u00e1bado, admiro poderosamente.<\/p>\n<p style=\"text-align: justify;\">\u00a0<\/p>\n<p style=\"text-align: justify;\">Y es que el mundo avanza que una barbaridad y las mu\u00f1ecas ya son m\u00e1s, mucho m\u00e1s que juguetes. Lo que tampoco tendr\u00eda que extra\u00f1arnos: si los coches son objeto de tuneo, \u00bfpor qu\u00e9 no van a serlo las mu\u00f1ecas?<\/p>\n<p style=\"text-align: center;\">\u00a0<a href=\"http:\/\/www.granadablogs.com\/pateandoelmundo\/wp-content\/uploads\/2009\/10\/_072.jpg\"><img loading=\"lazy\" decoding=\"async\" class=\"size-full wp-image-3783 aligncenter\" title=\"Blythe\" src=\"http:\/\/www.granadablogs.com\/pateandoelmundo\/wp-content\/uploads\/2009\/10\/_072.jpg\" alt=\"\" width=\"500\" height=\"376\" srcset=\"https:\/\/www.granadablogs.com\/pateandoelmundo\/wp-content\/uploads\/2009\/10\/_072.jpg 640w, https:\/\/www.granadablogs.com\/pateandoelmundo\/wp-content\/uploads\/2009\/10\/_072-300x225.jpg 300w\" sizes=\"auto, (max-width: 500px) 100vw, 500px\" \/><\/a><\/p>\n<p style=\"text-align: justify;\">Y, m\u00e1s all\u00e1, una vez que tienes una preciosa mu\u00f1eca, peinada, vestida, maquillada&#8230; \u00bfpor qu\u00e9 no sacarla a ver mundo, llevarla a la Alhambra o a la playa? Y una vez all\u00ed, como hacemos todos, \u00bfpor qu\u00e9 no fotografiarla?<\/p>\n<p style=\"text-align: justify;\">\u00a0<\/p>\n<p style=\"text-align: justify;\">Pues de eso va la exposici\u00f3n Playblythe, cuyo Blog pod\u00e9is seguir a trav\u00e9s de\u00a0<a href=\"http:\/\/www.playblythe.blogspot.com\/\">este enlace<\/a>.<\/p>\n<p style=\"text-align: center;\">\u00a0<a href=\"http:\/\/www.granadablogs.com\/pateandoelmundo\/wp-content\/uploads\/2009\/10\/_073.jpg\"><img loading=\"lazy\" decoding=\"async\" class=\"size-full wp-image-3789 aligncenter\" title=\"Mu\u00f1ecas Blythe\" src=\"http:\/\/www.granadablogs.com\/pateandoelmundo\/wp-content\/uploads\/2009\/10\/_073.jpg\" alt=\"\" width=\"421\" height=\"709\" srcset=\"https:\/\/www.granadablogs.com\/pateandoelmundo\/wp-content\/uploads\/2009\/10\/_073.jpg 421w, https:\/\/www.granadablogs.com\/pateandoelmundo\/wp-content\/uploads\/2009\/10\/_073-178x300.jpg 178w\" sizes=\"auto, (max-width: 421px) 100vw, 421px\" \/><\/a><\/p>\n<p style=\"text-align: justify;\">Y sus dos art\u00edfices son las tan efectivamente jovenc\u00edsimas como talentosas Puri Merino y Luc\u00eda Palacios.<\/p>\n<p style=\"text-align: center;\">\u00a0<a href=\"http:\/\/www.granadablogs.com\/pateandoelmundo\/wp-content\/uploads\/2009\/10\/_024.jpg\"><img loading=\"lazy\" decoding=\"async\" class=\"size-full wp-image-3784 aligncenter\" title=\"Blythe\" src=\"http:\/\/www.granadablogs.com\/pateandoelmundo\/wp-content\/uploads\/2009\/10\/_024.jpg\" alt=\"\" width=\"500\" height=\"400\" srcset=\"https:\/\/www.granadablogs.com\/pateandoelmundo\/wp-content\/uploads\/2009\/10\/_024.jpg 640w, https:\/\/www.granadablogs.com\/pateandoelmundo\/wp-content\/uploads\/2009\/10\/_024-300x240.jpg 300w\" sizes=\"auto, (max-width: 500px) 100vw, 500px\" \/><\/a><\/p>\n<p style=\"text-align: justify;\">Si os pas\u00e1is por el citado local ver\u00e9is que las mu\u00f1ecas son una pasada, pero que las fotograf\u00edas las engrandecen y les insuflan vida, m\u00e1s all\u00e1 de la ropa y la expresi\u00f3n de sus caras. Los retratos son aut\u00e9nticos instantes detenidos en la biograf\u00eda inventada de unos objetos inanimados, pero que rebosan de vitalidad. Tanta, que me hasta me dio rabia que una de ellas estuviera leyendo \u00abLa sombra del viento\u00bb, como bien descubri\u00f3 Miguel, en vez de nuestro querido \u00abHasta donde el cine nos lleve\u00bb.\u00a0 \ud83d\ude00<\/p>\n<p style=\"text-align: justify;\">\u00a0<\/p>\n<p style=\"text-align: justify;\">Una preciosa y deliciosa exposici\u00f3n que demuestra que, teniendo creatividad y talento, el arte surge en los rincones m\u00e1s insospechados.<\/p>\n<p style=\"text-align: center;\">\u00a0<a href=\"http:\/\/www.granadablogs.com\/pateandoelmundo\/wp-content\/uploads\/2009\/10\/_025.jpg\"><img loading=\"lazy\" decoding=\"async\" class=\"size-full wp-image-3785 aligncenter\" title=\"Blythe\" src=\"http:\/\/www.granadablogs.com\/pateandoelmundo\/wp-content\/uploads\/2009\/10\/_025.jpg\" alt=\"\" width=\"500\" height=\"400\" srcset=\"https:\/\/www.granadablogs.com\/pateandoelmundo\/wp-content\/uploads\/2009\/10\/_025.jpg 640w, https:\/\/www.granadablogs.com\/pateandoelmundo\/wp-content\/uploads\/2009\/10\/_025-300x240.jpg 300w\" sizes=\"auto, (max-width: 500px) 100vw, 500px\" \/><\/a><\/p>\n<p style=\"text-align: justify;\">Si ten\u00e9is un hueco, no dej\u00e9is de pasaros por Living Room. Os llevar\u00e9is una m\u00e1s que grata sorpresa.<\/p>\n<p style=\"text-align: justify;\">\u00a0<\/p>\n<p style=\"text-align: justify;\">Jes\u00fas Lens, m\u00e1s que sorprendido. \u00a0\u00a0\u00a0\u00a0\u00a0\u00a0\u00a0\u00a0\u00a0<\/p>\n","protected":false},"excerpt":{"rendered":"<p>Cuando mi Cuate me mand\u00f3 un SMS desde Munich, desde plena Oktoberfest, diciendo que el s\u00e1bado \u00edbamos a ir a ver una exposici\u00f3n de fotograf\u00edas de su sobrina Luc\u00eda, pens\u00e9 que hab\u00eda trasegado m\u00e1s cerveza de lo que su cuerpo pod\u00eda admitir ya que su sobrina, que yo recordara, era una jovenc\u00edsima cuasi-infanta. \u00bfUna exposici\u00f3n [&hellip;]<\/p>\n","protected":false},"author":1,"featured_media":0,"comment_status":"open","ping_status":"open","sticky":false,"template":"","format":"standard","meta":{"jetpack_post_was_ever_published":false,"_jetpack_newsletter_access":"","_jetpack_dont_email_post_to_subs":false,"_jetpack_newsletter_tier_id":0,"_jetpack_memberships_contains_paywalled_content":false,"_jetpack_memberships_contains_paid_content":false,"footnotes":""},"categories":[7],"tags":[1923,507,1927,1926,1924,1925],"class_list":["post-3781","post","type-post","status-publish","format-standard","hentry","category-imagenes","tag-blythe","tag-fotografia","tag-living-room-granada","tag-lucia-palacios","tag-munecas-blythe","tag-puri-merino"],"jetpack_featured_media_url":"","jetpack_sharing_enabled":true,"_links":{"self":[{"href":"https:\/\/www.granadablogs.com\/pateandoelmundo\/wp-json\/wp\/v2\/posts\/3781","targetHints":{"allow":["GET"]}}],"collection":[{"href":"https:\/\/www.granadablogs.com\/pateandoelmundo\/wp-json\/wp\/v2\/posts"}],"about":[{"href":"https:\/\/www.granadablogs.com\/pateandoelmundo\/wp-json\/wp\/v2\/types\/post"}],"author":[{"embeddable":true,"href":"https:\/\/www.granadablogs.com\/pateandoelmundo\/wp-json\/wp\/v2\/users\/1"}],"replies":[{"embeddable":true,"href":"https:\/\/www.granadablogs.com\/pateandoelmundo\/wp-json\/wp\/v2\/comments?post=3781"}],"version-history":[{"count":7,"href":"https:\/\/www.granadablogs.com\/pateandoelmundo\/wp-json\/wp\/v2\/posts\/3781\/revisions"}],"predecessor-version":[{"id":3790,"href":"https:\/\/www.granadablogs.com\/pateandoelmundo\/wp-json\/wp\/v2\/posts\/3781\/revisions\/3790"}],"wp:attachment":[{"href":"https:\/\/www.granadablogs.com\/pateandoelmundo\/wp-json\/wp\/v2\/media?parent=3781"}],"wp:term":[{"taxonomy":"category","embeddable":true,"href":"https:\/\/www.granadablogs.com\/pateandoelmundo\/wp-json\/wp\/v2\/categories?post=3781"},{"taxonomy":"post_tag","embeddable":true,"href":"https:\/\/www.granadablogs.com\/pateandoelmundo\/wp-json\/wp\/v2\/tags?post=3781"}],"curies":[{"name":"wp","href":"https:\/\/api.w.org\/{rel}","templated":true}]}}