{"id":370,"date":"2008-08-13T09:10:00","date_gmt":"2008-08-13T08:10:00","guid":{"rendered":"http:\/\/www.granadablogs.com\/pateandoelmundo\/?p=370"},"modified":"2008-08-13T09:10:00","modified_gmt":"2008-08-13T08:10:00","slug":"jogos-de-guerra","status":"publish","type":"post","link":"https:\/\/www.granadablogs.com\/pateandoelmundo\/jogos-de-guerra\/","title":{"rendered":"JOGOS DE GUERRA"},"content":{"rendered":"<div align=\"justify\"><em><span style=\"font-family:times new roman;\">El 8 es sin\u00f3nimo de suerte para los chinos. Por eso, las olimpiadas empezaron a las 8 del 08\/08\/08. Y, casualmente, esta bit\u00e1cora cabalga hacia la visita 88.888. \u00a1Suerte para todos!<\/span><\/em><\/div>\n<div align=\"justify\">.<\/div>\n<div align=\"justify\">Qu\u00e9 imagen tan t\u00e9trica y dif\u00edcil de asumir, la de Putin disfrutando en la inauguraci\u00f3n de las Olimpiadas, mientras los ej\u00e9rcitos de Rusia pasaban a sangre y fuego a cientos, miles de georgianos, en los convulsos territorios del C\u00e1ucaso. En vez de tregua ol\u00edmpica, los ex sovi\u00e9ticos han aprovechado los Juegos para desencadenar una nueva versi\u00f3n regional del infierno en la tierra. <\/div>\n<p align=\"justify\"><img decoding=\"async\" id=\"BLOGGER_PHOTO_ID_5233912347256707474\" style=\"DISPLAY: block; MARGIN: 0px auto 10px; CURSOR: hand; TEXT-ALIGN: center\" alt=\"\" src=\"http:\/\/1.bp.blogspot.com\/_r6VY1mvj3jk\/SKKXjKPEWZI\/AAAAAAAACxM\/OIs5m_gbK2U\/s400\/_11.jpg\" border=\"0\" \/><br \/>Ya ocurri\u00f3 en 1992, con las Olimpiadas de Barcelona y la guerra de los Balcanes. Como si la historia se empe\u00f1ara en repetirse, mientras los espectadores disfrutamos de las proezas deportivas, veinticuatro horas al d\u00eda, a trav\u00e9s de las pantallas de televisi\u00f3n; un conflicto armado de car\u00e1cter nacionalista, \u00e9tnico, religioso y, sobre todo, geoestrat\u00e9gico, lleva la muerte y la destrucci\u00f3n a una parte del mundo que, de repente y por desgracia, salta a la primera p\u00e1gina de los peri\u00f3dicos. <\/p>\n<p><\/p>\n<p align=\"justify\"><img decoding=\"async\" id=\"BLOGGER_PHOTO_ID_5233912350277205346\" style=\"DISPLAY: block; MARGIN: 0px auto 10px; CURSOR: hand; TEXT-ALIGN: center\" alt=\"\" src=\"http:\/\/3.bp.blogspot.com\/_r6VY1mvj3jk\/SKKXjVfNfWI\/AAAAAAAACxU\/PHHs_8W5xJ8\/s400\/_12.jpg\" border=\"0\" \/><br \/>Lugares tan supuestamente remotos como Osetia, Georgia, Abzajia, Ingusethia o el Alto Karabaj nos traen ecos de materias primas y conflictos fronterizos, de minor\u00edas \u00e9tnicas y religiosas, fronteras interesadas, gaseoductos transcontinentales y salidas al mar. \u00bfDerechos humanos? No. Cuando se trata de petr\u00f3leo, los derechos humanos pasan a un segundo (o tercer, o cuarto) plano.<\/p>\n<p><\/p>\n<p><img decoding=\"async\" id=\"BLOGGER_PHOTO_ID_5233912356313502754\" style=\"DISPLAY: block; MARGIN: 0px auto 10px; CURSOR: hand; TEXT-ALIGN: center\" alt=\"\" src=\"http:\/\/3.bp.blogspot.com\/_r6VY1mvj3jk\/SKKXjr-YFCI\/AAAAAAAACxc\/hwyOtytMs5o\/s400\/_26.jpg\" border=\"0\" \/> <\/p>\n<p align=\"justify\">Mientras Estados Unidos y Rusia siguen golpe\u00e1ndose con los coletazos de la Guerra Fr\u00eda, Europa parece haber reaccionado con celeridad y Francia, que ocupa la Presidencia de la Uni\u00f3n este semestre, ha puesto toda su diplomacia al servicio de un alto el fuego que, de momento, parece haberse alcanzado. A ver lo que dura. Y la ONU, como siempre, apagada o fuera de cobertura.<\/p>\n<p>\u00bfQui\u00e9nes son los buenos y los malos en este conflicto? Pues depende. Todos. Ninguno. Pareciera que, al no estar Bin Laden y Al Qaeda de por medio, no supi\u00e9ramos c\u00f3mo posicionarnos o qu\u00e9 opinar sobre el conflicto, m\u00e1s all\u00e1 de lamentarnos por la suerte de las v\u00edctimas inocentes. \u00a1Menos mal que nos queda China, para lavar nuestra conciencia progresista!<\/p>\n<p>En las \u00faltimas semanas, a medida que se acercaba el 08\/08\/08, han arreciado las cr\u00edticas hacia China, el COI, la decisi\u00f3n de organizar los Juegos en Pek\u00edn y, \u00faltimamente, incluso hacia los jugadores, por tomar parte en los mismos. Nunca he sido partidario de separar lo pol\u00edtico de lo deportivo. De hecho, pocas cosas m\u00e1s vergonzosas que ese consejo a los deportistas de que no hablen de pol\u00edtica o de cuestiones sociales. Toda la vida criticando el raulismo dial\u00e9ctico del \u201cS\u00ed bueno. Lo hemos dado todo, pero el f\u00fatbol es as\u00ed\u201d y ahora que algunos atletas parecen m\u00e1s receptivos al mundo que les rodea, les mandan callar. Imperdonable. <\/p>\n<p align=\"justify\"><\/p>\n<p align=\"justify\"><img decoding=\"async\" id=\"BLOGGER_PHOTO_ID_5233912353537543490\" style=\"DISPLAY: block; MARGIN: 0px auto 10px; CURSOR: hand; TEXT-ALIGN: center\" alt=\"\" src=\"http:\/\/1.bp.blogspot.com\/_r6VY1mvj3jk\/SKKXjhoiTUI\/AAAAAAAACxk\/AQR9GVZuG1M\/s400\/_31.jpg\" border=\"0\" \/><br \/>La de China es una dictadura f\u00e9rrea, oprobiosa y terrible. Una dictadura que ha pasado, sin soluci\u00f3n de continuidad y a una velocidad de v\u00e9rtigo, de un supuesto comunismo al capitalismo de estado m\u00e1s feroz, en la que las castas partidarias y partidistas lo son todo. Ahora bien, el hecho de que se celebren las Olimpiadas en Pek\u00edn, \u00bftiene alguna repercusi\u00f3n o influencia en la sociedad china y en sus rectores pol\u00edticos? Cuando se concedi\u00f3 la organizaci\u00f3n de estos Juegos al pa\u00eds asi\u00e1tico, se hizo bajo la suposici\u00f3n de que dicho evento contribuir\u00eda a la normalizaci\u00f3n democr\u00e1tica del pa\u00eds.<\/p>\n<p><\/p>\n<p align=\"justify\"><img decoding=\"async\" id=\"BLOGGER_PHOTO_ID_5233912813096331362\" style=\"DISPLAY: block; MARGIN: 0px auto 10px; CURSOR: hand; TEXT-ALIGN: center\" alt=\"\" src=\"http:\/\/2.bp.blogspot.com\/_r6VY1mvj3jk\/SKKX-Rn46GI\/AAAAAAAACx0\/KZBNhABdINo\/s400\/_034.jpg\" border=\"0\" \/><br \/>No ha sido as\u00ed. Sin embargo, los Juegos, con la parafernalia del accidentado recorrido de la antorcha ol\u00edmpica incluida, est\u00e1n sirviendo para arrojar mucha luz a las contradicciones del represivo sistema chino que, sin el escaparate de las Olimpiadas, estar\u00eda cometiendo, posiblemente, m\u00e1s desatinos contra sus ciudadanos. Tanto Steven Spielberg y su renuncia a trabajar en la jornada de inauguraci\u00f3n por el apoyo chino al r\u00e9gimen genocida de Darfur; como Reporteros Sin Fronteras, Amnist\u00eda Internacional y dem\u00e1s asociaciones est\u00e1n aprovechando el pebetero ol\u00edmpico para exigir las deseables y anheladas cotas de democracia, libertad y transparencia en el gigante asi\u00e1tico. <\/p>\n<p><\/p>\n<p align=\"justify\"><img decoding=\"async\" id=\"BLOGGER_PHOTO_ID_5233912823421736802\" style=\"DISPLAY: block; MARGIN: 0px auto 10px; CURSOR: hand; TEXT-ALIGN: center\" alt=\"\" src=\"http:\/\/2.bp.blogspot.com\/_r6VY1mvj3jk\/SKKX-4FqF2I\/AAAAAAAACx8\/9unpXyamIpE\/s400\/_036.jpg\" border=\"0\" \/><br \/>Lo que no parece de recibo es, sin embargo, que botarates como el Bush de Guant\u00e1namo, Irak y su Justicia Infinita acudan a Pek\u00edn a hablar de derechos humanos. Siempre me ha resultado muy significativo que, qui\u00e9nes ahora defienden el boicot a China, nunca hayan opinado lo mismo de las Olimpiadas yanquis, en los a\u00f1os del genocidio que, bajo su tutela e inspiraci\u00f3n, se cometi\u00f3 en tantos y tantos pa\u00edses de Am\u00e9rica Latina, por ejemplo. <\/p>\n<p><\/p>\n<p align=\"justify\"><img decoding=\"async\" id=\"BLOGGER_PHOTO_ID_5233912826951684066\" style=\"DISPLAY: block; MARGIN: 0px auto 10px; CURSOR: hand; TEXT-ALIGN: center\" alt=\"\" src=\"http:\/\/1.bp.blogspot.com\/_r6VY1mvj3jk\/SKKX_FPQz-I\/AAAAAAAACyE\/tR3JOU30XYc\/s400\/_041.jpg\" border=\"0\" \/><br \/>As\u00ed las cosas, mientras tenemos concentradas en Pek\u00edn nuestras dos miradas: la deportivo-fascinada-admirativa por un lado, y la responsable-hipercr\u00edtica por otro; los rusos y los americanos se enzarzan en la guerra de Georgia, los kurdos matan a ocho soldados turcos, el primer ministro tailand\u00e9s, acusado de corrupci\u00f3n, se exilia en el Reino Unido y, por supuesto, miles y miles de africanos se siguen muriendo de hambre y sed todos los d\u00edas.<\/p>\n<p><\/p>\n<p><img decoding=\"async\" id=\"BLOGGER_PHOTO_ID_5233912359722515010\" style=\"DISPLAY: block; MARGIN: 0px auto 10px; CURSOR: hand; TEXT-ALIGN: center\" alt=\"\" src=\"http:\/\/1.bp.blogspot.com\/_r6VY1mvj3jk\/SKKXj4rJekI\/AAAAAAAACxs\/frqSBCn-mh0\/s400\/_033.jpg\" border=\"0\" \/> <\/p>\n<p align=\"justify\">\u00bfEs realmente un esc\u00e1ndalo lo de Pek\u00edn 2008? Posiblemente. Pero, por desgracia, no es sino otro m\u00e1s en una larga serie de agravios e indecencias internacionales que demuestran que, por desgracia, el hombre no s\u00f3lo es un lobo para el hombre, sino tambi\u00e9n una hiena y hasta un buitre carro\u00f1ero de la m\u00e1s baja estofa.<\/p>\n<p>Jes\u00fas Lens Espinosa de los Monteros. <\/p>\n<div align=\"justify\">\n<\/div>\n<div align=\"justify\"><\/div>\n<div align=\"justify\">Etiquetas: <a href=\"http:\/\/bitacoras.com\/canales\/osetia\" rel=\"tag\">osetia<\/a>, <a href=\"http:\/\/bitacoras.com\/canales\/balcanes\" rel=\"tag\">balcanes<\/a>, <a href=\"http:\/\/bitacoras.com\/canales\/guerra\" rel=\"tag\">guerra<\/a>, <a href=\"http:\/\/bitacoras.com\/canales\/putin\" rel=\"tag\">putin<\/a>, <a href=\"http:\/\/bitacoras.com\/canales\/bush\" rel=\"tag\">bush<\/a>, <a href=\"http:\/\/bitacoras.com\/canales\/olimpiadas\" rel=\"tag\">olimpiadas<\/a>, <a href=\"http:\/\/bitacoras.com\/canales\/beijing\" rel=\"tag\">beijing<\/a>, <a href=\"http:\/\/bitacoras.com\/canales\/pekin\" rel=\"tag\">pekin<\/a>, <a href=\"http:\/\/bitacoras.com\/canales\/censura\" rel=\"tag\">censura<\/a>, <a href=\"http:\/\/bitacoras.com\/canales\/dictadura\" rel=\"tag\">dictadura<\/a>, <a href=\"http:\/\/bitacoras.com\/canales\/silencio\" rel=\"tag\">silencio<\/a>, <a href=\"http:\/\/bitacoras.com\/canales\/deporte\" rel=\"tag\">deporte<\/a>, <a href=\"http:\/\/bitacoras.com\/canales\/actualidad\" rel=\"tag\">actualidad<\/a>, <a href=\"http:\/\/bitacoras.com\/canales\/opini\u00f3n\" rel=\"tag\">opini\u00f3n<\/a><\/div>\n","protected":false},"excerpt":{"rendered":"<p>El 8 es sin\u00f3nimo de suerte para los chinos. Por eso, las olimpiadas empezaron a las 8 del 08\/08\/08. Y, casualmente, esta bit\u00e1cora cabalga hacia la visita 88.888. \u00a1Suerte para todos! . Qu\u00e9 imagen tan t\u00e9trica y dif\u00edcil de asumir, la de Putin disfrutando en la inauguraci\u00f3n de las Olimpiadas, mientras los ej\u00e9rcitos de Rusia [&hellip;]<\/p>\n","protected":false},"author":1,"featured_media":0,"comment_status":"open","ping_status":"open","sticky":false,"template":"","format":"standard","meta":{"jetpack_post_was_ever_published":false,"_jetpack_newsletter_access":"","_jetpack_dont_email_post_to_subs":false,"_jetpack_newsletter_tier_id":0,"_jetpack_memberships_contains_paywalled_content":false,"_jetpack_memberships_contains_paid_content":false,"footnotes":""},"categories":[8,6],"tags":[],"class_list":["post-370","post","type-post","status-publish","format-standard","hentry","category-deportes","category-opinion"],"jetpack_featured_media_url":"","jetpack_sharing_enabled":true,"_links":{"self":[{"href":"https:\/\/www.granadablogs.com\/pateandoelmundo\/wp-json\/wp\/v2\/posts\/370","targetHints":{"allow":["GET"]}}],"collection":[{"href":"https:\/\/www.granadablogs.com\/pateandoelmundo\/wp-json\/wp\/v2\/posts"}],"about":[{"href":"https:\/\/www.granadablogs.com\/pateandoelmundo\/wp-json\/wp\/v2\/types\/post"}],"author":[{"embeddable":true,"href":"https:\/\/www.granadablogs.com\/pateandoelmundo\/wp-json\/wp\/v2\/users\/1"}],"replies":[{"embeddable":true,"href":"https:\/\/www.granadablogs.com\/pateandoelmundo\/wp-json\/wp\/v2\/comments?post=370"}],"version-history":[{"count":0,"href":"https:\/\/www.granadablogs.com\/pateandoelmundo\/wp-json\/wp\/v2\/posts\/370\/revisions"}],"wp:attachment":[{"href":"https:\/\/www.granadablogs.com\/pateandoelmundo\/wp-json\/wp\/v2\/media?parent=370"}],"wp:term":[{"taxonomy":"category","embeddable":true,"href":"https:\/\/www.granadablogs.com\/pateandoelmundo\/wp-json\/wp\/v2\/categories?post=370"},{"taxonomy":"post_tag","embeddable":true,"href":"https:\/\/www.granadablogs.com\/pateandoelmundo\/wp-json\/wp\/v2\/tags?post=370"}],"curies":[{"name":"wp","href":"https:\/\/api.w.org\/{rel}","templated":true}]}}