{"id":3508,"date":"2009-09-11T19:40:03","date_gmt":"2009-09-11T18:40:03","guid":{"rendered":"http:\/\/www.granadablogs.com\/pateandoelmundo\/?p=3508"},"modified":"2009-09-11T19:40:03","modified_gmt":"2009-09-11T18:40:03","slug":"rencor","status":"publish","type":"post","link":"https:\/\/www.granadablogs.com\/pateandoelmundo\/rencor\/","title":{"rendered":"RENCOR"},"content":{"rendered":"<p style=\"text-align: right;\"><strong><em>El que toca el fuego, se quema<\/em><\/strong><\/p>\n<p style=\"text-align: right;\"><strong><em>El que busca al demonio, lo conoce&#8230; <\/em><\/strong><\/p>\n<p style=\"text-align: right;\">\u00a0<\/p>\n<p style=\"text-align: right;\"><em>Todos Tus Muertos. <\/em><\/p>\n<p style=\"text-align: justify;\">\u00a0<\/p>\n<p style=\"text-align: justify;\">\u00a0<\/p>\n<p style=\"text-align: justify;\">A trav\u00e9s de su silenciosa presencia, la persona provocadora e inspiradora de esta muy especial e \u00edntima serie de Entradas -en las que seguiremos desnudando el alma en tanto que qui\u00e9nes est\u00e1is al otro lado tambi\u00e9n lo hag\u00e1is, en mayor o medida- me reta a hablar del rencor.<\/p>\n<p style=\"text-align: center;\">\u00a0<a href=\"http:\/\/www.granadablogs.com\/pateandoelmundo\/wp-content\/uploads\/2009\/09\/_073.jpg\"><img loading=\"lazy\" decoding=\"async\" class=\"size-full wp-image-3509 aligncenter\" title=\"Rencor\" src=\"http:\/\/www.granadablogs.com\/pateandoelmundo\/wp-content\/uploads\/2009\/09\/_073.jpg\" alt=\"\" width=\"300\" height=\"313\" srcset=\"https:\/\/www.granadablogs.com\/pateandoelmundo\/wp-content\/uploads\/2009\/09\/_073.jpg 300w, https:\/\/www.granadablogs.com\/pateandoelmundo\/wp-content\/uploads\/2009\/09\/_073-287x300.jpg 287w\" sizes=\"auto, (max-width: 300px) 100vw, 300px\" \/><\/a><\/p>\n<p style=\"text-align: justify;\">Y, claro, una cosa son el <a href=\"http:\/\/www.granadablogs.com\/pateandoelmundo\/?p=3467\">Silencio<\/a> (\u00e9sa sali\u00f3 motu propio, el lunes de madrugada, como apoyo y disculpa para esa persona tan especial), la <a href=\"http:\/\/www.granadablogs.com\/pateandoelmundo\/?p=3475\">Soledad<\/a> y la <a href=\"http:\/\/www.granadablogs.com\/pateandoelmundo\/?p=3495\">Paciencia<\/a>, virtudes todas ellas; y otra muy distinta es el Rencor.<\/p>\n<p style=\"text-align: justify;\">\u00a0<\/p>\n<p style=\"text-align: justify;\">Lo pens\u00e9 un rato y termin\u00e9 por dec\u00edrselo: No.<\/p>\n<p style=\"text-align: justify;\">\u00a0<\/p>\n<p style=\"text-align: justify;\">No me veo capaz de hablar del rencor. Porque no lo comprendo. No lo vivo. No lo siento. Y as\u00ed, es muy complicado.<\/p>\n<p style=\"text-align: justify;\">\u00a0<\/p>\n<p style=\"text-align: justify;\">La casualidad ha querido, sin embargo, que hoy mismo haya podido constatar la pu\u00f1alada que una persona, supuestamente amiga, me peg\u00f3 por la espalda hace unas semanas. M\u00e1s o menos, la hab\u00eda intuido, aunque no supon\u00eda lo canallesco de la misma. Que no es lo mismo que te navajeen con una afilada y lisa faca de Albacete que con la retorcida hoja de un cuchillo malayo.<\/p>\n<p style=\"text-align: justify;\">\u00a0<\/p>\n<figure id=\"attachment_3510\" aria-describedby=\"caption-attachment-3510\" style=\"width: 320px\" class=\"wp-caption aligncenter\"><a href=\"http:\/\/www.granadablogs.com\/pateandoelmundo\/wp-content\/uploads\/2009\/09\/_064.jpg\"><img loading=\"lazy\" decoding=\"async\" class=\"size-full wp-image-3510\" title=\"Cuchillo\" src=\"http:\/\/www.granadablogs.com\/pateandoelmundo\/wp-content\/uploads\/2009\/09\/_064.jpg\" alt=\"Navajas, cuchillos...\" width=\"320\" height=\"210\" srcset=\"https:\/\/www.granadablogs.com\/pateandoelmundo\/wp-content\/uploads\/2009\/09\/_064.jpg 320w, https:\/\/www.granadablogs.com\/pateandoelmundo\/wp-content\/uploads\/2009\/09\/_064-300x196.jpg 300w\" sizes=\"auto, (max-width: 320px) 100vw, 320px\" \/><\/a><figcaption id=\"caption-attachment-3510\" class=\"wp-caption-text\">Navajas, cuchillos...<\/figcaption><\/figure>\n<p style=\"text-align: justify;\">As\u00ed que estoy sentado en mi sof\u00e1, despu\u00e9s de un buen rato de meditaci\u00f3n, mientras corr\u00eda a mediod\u00eda. He pinchado el abrasador disco del grupo argentino \u00abTodos Tus Muertos\u00bb para ponerme en situaci\u00f3n y aqu\u00ed me tienen, aporreando las teclas del port\u00e1til, escribiendo unas palabras que, a buen seguro, ser\u00e1n de un tenor muy distinto al de esas meditadas, serenas y convencidas reflexiones de d\u00edas atr\u00e1s. Lo siento, que me gustaba ese tono tan \u00edntimamente reflexivo de toda esta semana. \u00bfMe perdon\u00e1is?<\/p>\n<p style=\"text-align: justify;\">\u00a0<\/p>\n<p style=\"text-align: justify;\">O quiz\u00e1 no. Quiz\u00e1 no sean tan distintas.<\/p>\n<p style=\"text-align: justify;\">\u00a0<\/p>\n<p style=\"text-align: justify;\">Porque, \u00bfsab\u00e9is?, sigo sin sentir rencor. Siempre que por rencor entendamos odio, deseos de venganza o ganas de que a esa persona le pase alguna desgracia, por intervenci\u00f3n humana o por intervenci\u00f3n divina.<\/p>\n<p style=\"text-align: justify;\">\u00a0<\/p>\n<p style=\"text-align: justify;\">No.<\/p>\n<p style=\"text-align: justify;\">\u00a0<\/p>\n<p style=\"text-align: justify;\">No siento rencor.<\/p>\n<p style=\"text-align: justify;\">\u00a0<\/p>\n<p style=\"text-align: justify;\">Siento pena.<\/p>\n<p style=\"text-align: center;\">\u00a0<a href=\"http:\/\/www.granadablogs.com\/pateandoelmundo\/wp-content\/uploads\/2009\/09\/_0142.jpg\"><img loading=\"lazy\" decoding=\"async\" class=\"size-full wp-image-3511 aligncenter\" title=\"Rencor\" src=\"http:\/\/www.granadablogs.com\/pateandoelmundo\/wp-content\/uploads\/2009\/09\/_0142.jpg\" alt=\"\" width=\"275\" height=\"320\" srcset=\"https:\/\/www.granadablogs.com\/pateandoelmundo\/wp-content\/uploads\/2009\/09\/_0142.jpg 275w, https:\/\/www.granadablogs.com\/pateandoelmundo\/wp-content\/uploads\/2009\/09\/_0142-257x300.jpg 257w\" sizes=\"auto, (max-width: 275px) 100vw, 275px\" \/><\/a><\/p>\n<p style=\"text-align: justify;\">Pena. Como la que he sentido en las escasas ocasiones en que alguien me ha hecho mucho da\u00f1o. Porque, hoy, cuando iba corriendo y reflexionando sobre esto del rencor, he recapitulado y, la verdad, no puedo quejar.<\/p>\n<p style=\"text-align: justify;\">\u00a0<\/p>\n<p style=\"text-align: justify;\">Para que alguien te haga da\u00f1o, primero, te tiene que conocer. Y, despu\u00e9s, ha de estar cerca de ti para albergar la capacidad de herirte. Y, a estas alturas de vida, uno ya sabe bien a qui\u00e9n se arrima y a qui\u00e9n deja arrimarse.<\/p>\n<p style=\"text-align: justify;\">\u00a0<\/p>\n<p style=\"text-align: justify;\">Por eso, cuando una de esas personas que tienes cerca consigue herirte, aunque la primera reacci\u00f3n sea sentir odio y rencor; en mi caso, r\u00e1pidamente se ven superadas por una sensaci\u00f3n de decepci\u00f3n y de pena, tanto m\u00e1s hondas y profundas cu\u00e1nto m\u00e1s cercana era y estaba de m\u00ed la persona en cuesti\u00f3n.<\/p>\n<p style=\"text-align: center;\">\u00a0<\/p>\n<p style=\"text-align: justify;\">E insisto en el tiempo verbal. En pasado. Pret\u00e9rito ciertamente imperfecto.<\/p>\n<p style=\"text-align: justify;\">\u00a0<\/p>\n<p style=\"text-align: justify;\">No. Nunca me voy a consumir en el cultivo del odio o del rencor. No voy a gastar fuerzas ni a dedicar el m\u00e1s m\u00ednimo recurso o esfuerzo en imaginar o planear vendettas. \u00bfPara qu\u00e9? \u00bfQu\u00e9 sentido tiene?<\/p>\n<p style=\"text-align: justify;\">\u00a0<\/p>\n<p style=\"text-align: justify;\">Lo \u00fanico que hago es alejar a esa persona de m\u00ed. Borrarla. Convertirla en la nada que siempre debi\u00f3 ser. Ningunearla. Olvidarla. Hacerla desaparecer. Volatilizarla. Como si nunca hubiera existido. Y despreciarla, eso tambi\u00e9n. Pero nada m\u00e1s. Y nada menos.<\/p>\n<p style=\"text-align: center;\">\u00a0<img loading=\"lazy\" decoding=\"async\" class=\"size-full wp-image-3512   aligncenter\" title=\"Olvido\" src=\"http:\/\/www.granadablogs.com\/pateandoelmundo\/wp-content\/uploads\/2009\/09\/_0242.jpg\" alt=\"\" width=\"391\" height=\"400\" srcset=\"https:\/\/www.granadablogs.com\/pateandoelmundo\/wp-content\/uploads\/2009\/09\/_0242.jpg 391w, https:\/\/www.granadablogs.com\/pateandoelmundo\/wp-content\/uploads\/2009\/09\/_0242-293x300.jpg 293w\" sizes=\"auto, (max-width: 391px) 100vw, 391px\" \/><\/p>\n<p style=\"text-align: justify;\">As\u00ed que, lo siento. Al final, y despu\u00e9s de tanta palabrer\u00eda, se demuestra que, al menos por una vez&#8230; \u00a1yo ten\u00eda raz\u00f3n!: no puedo hablar sobre el Rencor.<\/p>\n<p style=\"text-align: justify;\">\u00a0<\/p>\n<p style=\"text-align: justify;\">As\u00ed que, tal y como acordamos, mi querida, provocadora y silenciosa Amiga, la pr\u00f3xima de estas entradas la dedicamos a un tema sobre el que os invito a ir reflexionando: la RUTINA.<\/p>\n<p style=\"text-align: justify;\">\u00a0<\/p>\n<p style=\"text-align: justify;\">Jes\u00fas Lens, a veces decepcionado, pero nunca rencoroso. \u00a0\u00a0\u00a0<\/p>\n","protected":false},"excerpt":{"rendered":"<p>El que toca el fuego, se quema El que busca al demonio, lo conoce&#8230; \u00a0 Todos Tus Muertos. \u00a0 \u00a0 A trav\u00e9s de su silenciosa presencia, la persona provocadora e inspiradora de esta muy especial e \u00edntima serie de Entradas -en las que seguiremos desnudando el alma en tanto que qui\u00e9nes est\u00e1is al otro lado [&hellip;]<\/p>\n","protected":false},"author":1,"featured_media":0,"comment_status":"open","ping_status":"open","sticky":false,"template":"","format":"standard","meta":{"jetpack_post_was_ever_published":false,"_jetpack_newsletter_access":"","_jetpack_dont_email_post_to_subs":false,"_jetpack_newsletter_tier_id":0,"_jetpack_memberships_contains_paywalled_content":false,"_jetpack_memberships_contains_paid_content":false,"footnotes":""},"categories":[22],"tags":[1803,1805,1804],"class_list":["post-3508","post","type-post","status-publish","format-standard","hentry","category-aforismos","tag-rencor","tag-strip-pease-cibernetico","tag-strip-tease"],"jetpack_featured_media_url":"","jetpack_sharing_enabled":true,"_links":{"self":[{"href":"https:\/\/www.granadablogs.com\/pateandoelmundo\/wp-json\/wp\/v2\/posts\/3508","targetHints":{"allow":["GET"]}}],"collection":[{"href":"https:\/\/www.granadablogs.com\/pateandoelmundo\/wp-json\/wp\/v2\/posts"}],"about":[{"href":"https:\/\/www.granadablogs.com\/pateandoelmundo\/wp-json\/wp\/v2\/types\/post"}],"author":[{"embeddable":true,"href":"https:\/\/www.granadablogs.com\/pateandoelmundo\/wp-json\/wp\/v2\/users\/1"}],"replies":[{"embeddable":true,"href":"https:\/\/www.granadablogs.com\/pateandoelmundo\/wp-json\/wp\/v2\/comments?post=3508"}],"version-history":[{"count":1,"href":"https:\/\/www.granadablogs.com\/pateandoelmundo\/wp-json\/wp\/v2\/posts\/3508\/revisions"}],"predecessor-version":[{"id":3513,"href":"https:\/\/www.granadablogs.com\/pateandoelmundo\/wp-json\/wp\/v2\/posts\/3508\/revisions\/3513"}],"wp:attachment":[{"href":"https:\/\/www.granadablogs.com\/pateandoelmundo\/wp-json\/wp\/v2\/media?parent=3508"}],"wp:term":[{"taxonomy":"category","embeddable":true,"href":"https:\/\/www.granadablogs.com\/pateandoelmundo\/wp-json\/wp\/v2\/categories?post=3508"},{"taxonomy":"post_tag","embeddable":true,"href":"https:\/\/www.granadablogs.com\/pateandoelmundo\/wp-json\/wp\/v2\/tags?post=3508"}],"curies":[{"name":"wp","href":"https:\/\/api.w.org\/{rel}","templated":true}]}}