{"id":35036,"date":"2026-09-03T11:36:46","date_gmt":"2026-09-03T10:36:46","guid":{"rendered":"https:\/\/www.granadablogs.com\/pateandoelmundo\/?p=35036"},"modified":"2026-09-03T11:37:09","modified_gmt":"2026-09-03T10:37:09","slug":"y-el-museo-pacuando","status":"publish","type":"post","link":"https:\/\/www.granadablogs.com\/pateandoelmundo\/y-el-museo-pacuando\/","title":{"rendered":"\u00bfY el Museo pa&#8217;cu\u00e1ndo?"},"content":{"rendered":"\n<p>Hace unas semanas, nuestro director, Quico Chirino, alud\u00eda a la posibilidad, m\u00e1s bien necesidad, de que Granada cuente, por fin, con un gran museo, con una pinacoteca a la altura de nuestro patrimonio, el expuesto y el \u2018escondido\u2019 en s\u00f3tanos y almacenes.&nbsp;<\/p>\n\n\n\n<p>Lo mismo la capitalidad cultural tambi\u00e9n podr\u00eda servir para eso: para alumbrar y permitir lucir los \u2018otros\u2019 tesoros de la Alhambra, de la ciudad y la provincia. Los que no encuentran su lugar en el sol expositivo. Los fondos del monumento nazar\u00ed, el Ayuntamiento y la Diputaci\u00f3n que \u2018cr\u00edan malvas\u2019 y acumulan polvo.<\/p>\n\n\n\n<p>La candidatura al 2031 podr\u00eda plantear que Granada tenga un gran centro expositivo que sirva como reclamo para el turismo cultural por s\u00ed mismo. Que est\u00e1n Bellas Artes all\u00e1 arriba y el Museo de la Alhambra. Pero a la ciudad le vendr\u00eda muy bien albergar un gran equipamiento cultural de referencia que complemente al mod\u00e9lico Centro Guerrero y a Condes de Gabia, con sus siempre interesantes propuestas.&nbsp;<\/p>\n\n\n\n<figure class=\"wp-block-image size-full\"><a href=\"https:\/\/www.granadablogs.com\/pateandoelmundo\/wp-content\/uploads\/2026\/09\/Museo-Bellas-Artes-Granada.jpeg\"><img loading=\"lazy\" decoding=\"async\" width=\"597\" height=\"335\" src=\"https:\/\/www.granadablogs.com\/pateandoelmundo\/wp-content\/uploads\/2026\/09\/Museo-Bellas-Artes-Granada.jpeg\" alt=\"\" class=\"wp-image-35037\" srcset=\"https:\/\/www.granadablogs.com\/pateandoelmundo\/wp-content\/uploads\/2026\/09\/Museo-Bellas-Artes-Granada.jpeg 597w, https:\/\/www.granadablogs.com\/pateandoelmundo\/wp-content\/uploads\/2026\/09\/Museo-Bellas-Artes-Granada-300x168.jpeg 300w\" sizes=\"auto, (max-width: 597px) 100vw, 597px\" \/><\/a><\/figure>\n\n\n\n<p>Pienso que a las propias galer\u00edas de arte tambi\u00e9n les encajar\u00eda un museo \u2018poll\u00fao\u2019. Fondos art\u00edsticos los hay, y a porrillo, sin necesidad de franquiciar grandes pinacotecas internacionales. Y luego, a traerse potentes muestras temporales, claro.&nbsp;<\/p>\n\n\n\n<p>Ya apenas se habla del Gran Espacio Esc\u00e9nico, una batalla que se da por perdida. \u00a1Ser\u00e1 hora de reivindicar el Gran Espacio Pict\u00f3rico-Art\u00edstico?&nbsp;<\/p>\n\n\n\n<p>Muchas veces se ha dicho que la candidatura a la capitalidad cultural no debe basarse en infraestructuras que luego corren el riesgo de quedarse vac\u00edas y sin contenido. En este caso, lo ir\u00f3nico es que contenido, hay. Lo que falta es continente. Podr\u00eda ser el ansiado antiguo Convento de la Merced donde se encuentra radicado el MADOC del Ej\u00e9rcito de Tierra. Un edificio hist\u00f3rico del siglo XVI, en pleno centro, que es una joya en s\u00ed mismo.&nbsp;<\/p>\n\n\n\n<figure class=\"wp-block-image size-full\"><a href=\"https:\/\/www.granadablogs.com\/pateandoelmundo\/wp-content\/uploads\/2026\/09\/Convento-de-la-Merced.webp\"><img loading=\"lazy\" decoding=\"async\" width=\"624\" height=\"385\" src=\"https:\/\/www.granadablogs.com\/pateandoelmundo\/wp-content\/uploads\/2026\/09\/Convento-de-la-Merced.webp\" alt=\"\" class=\"wp-image-35038\" srcset=\"https:\/\/www.granadablogs.com\/pateandoelmundo\/wp-content\/uploads\/2026\/09\/Convento-de-la-Merced.webp 624w, https:\/\/www.granadablogs.com\/pateandoelmundo\/wp-content\/uploads\/2026\/09\/Convento-de-la-Merced-300x185.webp 300w\" sizes=\"auto, (max-width: 624px) 100vw, 624px\" \/><\/a><\/figure>\n\n\n\n<p>Podr\u00eda ser la sede del antiguo Banco de Espa\u00f1a, podr\u00eda haber sido el Cubo, poni\u00e9ndolo en di\u00e1logo con su hermano chico, el edificio pantalla de CajaGranada Fundaci\u00f3n y con el vecino Parque de las Ciencias. Hasta se le podr\u00eda dar uso cultural al solar originalmente destinado al Espacio Esc\u00e9nico.<\/p>\n\n\n\n<p>El caso es que Granada se merece, necesita y deber\u00eda tener un museo de referencia. Que para algo se est\u00e1n comprando Sorollas y, quiz\u00e1, m\u00e1s pinturas de artistas de reconocido prestigio que pasaron por Granada y la inmortalizaron en lienzo.&nbsp;<\/p>\n\n\n\n<figure class=\"wp-block-image size-large\"><a href=\"https:\/\/www.granadablogs.com\/pateandoelmundo\/wp-content\/uploads\/2026\/09\/Sorolla-Granada.webp\"><img loading=\"lazy\" decoding=\"async\" width=\"644\" height=\"451\" src=\"https:\/\/www.granadablogs.com\/pateandoelmundo\/wp-content\/uploads\/2026\/09\/Sorolla-Granada-644x451.webp\" alt=\"\" class=\"wp-image-35039\" srcset=\"https:\/\/www.granadablogs.com\/pateandoelmundo\/wp-content\/uploads\/2026\/09\/Sorolla-Granada-644x451.webp 644w, https:\/\/www.granadablogs.com\/pateandoelmundo\/wp-content\/uploads\/2026\/09\/Sorolla-Granada-300x210.webp 300w, https:\/\/www.granadablogs.com\/pateandoelmundo\/wp-content\/uploads\/2026\/09\/Sorolla-Granada-768x538.webp 768w, https:\/\/www.granadablogs.com\/pateandoelmundo\/wp-content\/uploads\/2026\/09\/Sorolla-Granada.webp 1200w\" sizes=\"auto, (max-width: 644px) 100vw, 644px\" \/><\/a><\/figure>\n\n\n\n<p>Por ejemplo.<\/p>\n\n\n\n<p>Jes\u00fas Lens<\/p>\n","protected":false},"excerpt":{"rendered":"<p>Hace unas semanas, nuestro director, Quico Chirino, alud\u00eda a la posibilidad, m\u00e1s bien necesidad, de que Granada cuente, por fin, con un gran museo, con una pinacoteca a la altura de nuestro patrimonio, el expuesto y el \u2018escondido\u2019 en s\u00f3tanos y almacenes.&nbsp; Lo mismo la capitalidad cultural tambi\u00e9n podr\u00eda servir para eso: para alumbrar y [&hellip;]<\/p>\n","protected":false},"author":1,"featured_media":0,"comment_status":"open","ping_status":"open","sticky":false,"template":"","format":"standard","meta":{"jetpack_post_was_ever_published":false,"_jetpack_newsletter_access":"","_jetpack_dont_email_post_to_subs":false,"_jetpack_newsletter_tier_id":0,"_jetpack_memberships_contains_paywalled_content":false,"_jetpack_memberships_contains_paid_content":false,"footnotes":""},"categories":[1],"tags":[],"class_list":["post-35036","post","type-post","status-publish","format-standard","hentry","category-general"],"jetpack_featured_media_url":"","jetpack_sharing_enabled":true,"_links":{"self":[{"href":"https:\/\/www.granadablogs.com\/pateandoelmundo\/wp-json\/wp\/v2\/posts\/35036","targetHints":{"allow":["GET"]}}],"collection":[{"href":"https:\/\/www.granadablogs.com\/pateandoelmundo\/wp-json\/wp\/v2\/posts"}],"about":[{"href":"https:\/\/www.granadablogs.com\/pateandoelmundo\/wp-json\/wp\/v2\/types\/post"}],"author":[{"embeddable":true,"href":"https:\/\/www.granadablogs.com\/pateandoelmundo\/wp-json\/wp\/v2\/users\/1"}],"replies":[{"embeddable":true,"href":"https:\/\/www.granadablogs.com\/pateandoelmundo\/wp-json\/wp\/v2\/comments?post=35036"}],"version-history":[{"count":1,"href":"https:\/\/www.granadablogs.com\/pateandoelmundo\/wp-json\/wp\/v2\/posts\/35036\/revisions"}],"predecessor-version":[{"id":35040,"href":"https:\/\/www.granadablogs.com\/pateandoelmundo\/wp-json\/wp\/v2\/posts\/35036\/revisions\/35040"}],"wp:attachment":[{"href":"https:\/\/www.granadablogs.com\/pateandoelmundo\/wp-json\/wp\/v2\/media?parent=35036"}],"wp:term":[{"taxonomy":"category","embeddable":true,"href":"https:\/\/www.granadablogs.com\/pateandoelmundo\/wp-json\/wp\/v2\/categories?post=35036"},{"taxonomy":"post_tag","embeddable":true,"href":"https:\/\/www.granadablogs.com\/pateandoelmundo\/wp-json\/wp\/v2\/tags?post=35036"}],"curies":[{"name":"wp","href":"https:\/\/api.w.org\/{rel}","templated":true}]}}