{"id":34758,"date":"2026-05-01T12:48:41","date_gmt":"2026-05-01T11:48:41","guid":{"rendered":"https:\/\/www.granadablogs.com\/pateandoelmundo\/?p=34758"},"modified":"2026-05-01T12:48:51","modified_gmt":"2026-05-01T11:48:51","slug":"la-granada-literaria-triunfa-en-andalucia","status":"publish","type":"post","link":"https:\/\/www.granadablogs.com\/pateandoelmundo\/la-granada-literaria-triunfa-en-andalucia\/","title":{"rendered":"La Granada literaria triunfa en Andaluc\u00eda"},"content":{"rendered":"\n<p>Granada se ha \u2018quedado\u2019 con tres de los Premios de la Cr\u00edtica de Andaluc\u00eda, lo que demuestra que el potencial creativo de nuestra provincia no deja de crecer.\u00a0<\/p>\n\n\n\n<p>Sobre el ensayo de Alfredo Alvar acerca de Cervantes no les puedo decir nada, que no lo he le\u00eddo. Pero de \u2018Ma\u00f1ana\u2019 de Olalla Castro, publicado por Lumen y Premio \u00d3pera Prima, s\u00ed debemos hablar mucho y bien, que me fascin\u00f3 una novela de la que el jurado destaca \u00abla construcci\u00f3n de personajes que entienden el dolor de distintas formas y que, con un lenguaje de hondo lirismo, se enfrentan a la p\u00e9rdida con voluntad de redenci\u00f3n y consuelo\u00bb.<\/p>\n\n\n\n<figure class=\"wp-block-image size-full\"><a href=\"https:\/\/www.granadablogs.com\/pateandoelmundo\/wp-content\/uploads\/2026\/05\/Manana-Olalla-Premio.jpeg\"><img loading=\"lazy\" decoding=\"async\" width=\"201\" height=\"251\" src=\"https:\/\/www.granadablogs.com\/pateandoelmundo\/wp-content\/uploads\/2026\/05\/Manana-Olalla-Premio.jpeg\" alt=\"\" class=\"wp-image-34759\"\/><\/a><\/figure>\n\n\n\n<p>Una novela que transcurre en China y cuya lectura es hipn\u00f3tica. Que Olalla Castro sea una consumada poeta se deja traslucir en una prosa cadenciosa y repleta de matices. S\u00f3lo les dir\u00e9 que el concepto de \u2018ma\u00f1ana\u2019 adquiere unas dimensiones y unas connotaciones extraordinarias.&nbsp;<\/p>\n\n\n\n<p>\u00bfY qu\u00e9 les digo de Fernando Navarro y su \u2018Cris\u00e1lida\u2019, de la que tanto y tan bien escrib\u00ed en IDEAL en su momento? No en vano, nuestro paisano es el Premio Granada Noir m\u00e1s reciente.<\/p>\n\n\n\n<figure class=\"wp-block-image size-large\"><a href=\"https:\/\/www.granadablogs.com\/pateandoelmundo\/wp-content\/uploads\/2026\/05\/Crisalida-premio.jpeg\"><img loading=\"lazy\" decoding=\"async\" width=\"644\" height=\"859\" src=\"https:\/\/www.granadablogs.com\/pateandoelmundo\/wp-content\/uploads\/2026\/05\/Crisalida-premio-644x859.jpeg\" alt=\"\" class=\"wp-image-34760\" srcset=\"https:\/\/www.granadablogs.com\/pateandoelmundo\/wp-content\/uploads\/2026\/05\/Crisalida-premio-644x859.jpeg 644w, https:\/\/www.granadablogs.com\/pateandoelmundo\/wp-content\/uploads\/2026\/05\/Crisalida-premio-225x300.jpeg 225w, https:\/\/www.granadablogs.com\/pateandoelmundo\/wp-content\/uploads\/2026\/05\/Crisalida-premio-768x1024.jpeg 768w, https:\/\/www.granadablogs.com\/pateandoelmundo\/wp-content\/uploads\/2026\/05\/Crisalida-premio-1152x1536.jpeg 1152w, https:\/\/www.granadablogs.com\/pateandoelmundo\/wp-content\/uploads\/2026\/05\/Crisalida-premio.jpeg 1170w\" sizes=\"auto, (max-width: 644px) 100vw, 644px\" \/><\/a><figcaption class=\"wp-element-caption\">Screenshot<\/figcaption><\/figure>\n\n\n\n<p>As\u00ed titul\u00e9 en su momento, en mayo de 2025: \u2018Cris\u00e1lida, terror g\u00f3tico alpujarre\u00f1o\u2019. Y escrib\u00eda cosillas como\u2026 \u201cLa novela de Fernando Navarro comienza en el Sanatorio de tuberculosos de la Alfaguara, un lugar al que nos llevaban de excursi\u00f3n en EGB y\/o BUP y que despertaba algunos de nuestros fantasmas. Y despu\u00e9s est\u00e1 La Alpujarra, convertida en aut\u00e9ntico territorio m\u00edtico, escenario de un g\u00f3tico sure\u00f1o\u2026 Una Alpujarra en la que hay bosques de secuoyas y desde la que se vislumbra La Monta\u00f1a del Tigre. Una Alpujarra fuera del tiempo y del espacio a la que el Capit\u00e1n arrastra a Madreselva, su mujer, y a sus hijos sin nombre hasta que se pierde su rastro. \u201cLas monta\u00f1as nos hab\u00edan tragado y no iban a expulsarnos. No hasta que no quedaran ni huesos que digerir\u201d.&nbsp;M\u00e1s terror\u00edfica y m\u00e1s grana\u00edna, \u2018Cris\u00e1lida\u2019 no puede ser. Los botellines de cervezas Alhambra contribuyen a fijarla en el territorio, por cierto. Y nos queda el habla\u201d. \u00a1Ay, el habla!<\/p>\n\n\n\n<figure class=\"wp-block-image size-full\"><a href=\"https:\/\/www.granadablogs.com\/pateandoelmundo\/wp-content\/uploads\/2026\/05\/Fernando-Navarro-Granada-Noir.jpeg\"><img loading=\"lazy\" decoding=\"async\" width=\"275\" height=\"183\" src=\"https:\/\/www.granadablogs.com\/pateandoelmundo\/wp-content\/uploads\/2026\/05\/Fernando-Navarro-Granada-Noir.jpeg\" alt=\"\" class=\"wp-image-34761\"\/><\/a><\/figure>\n\n\n\n<p>No me extra\u00f1a que el Jurado haya destacado \u00absu fuerza y originalidad. La novela presenta personajes bien construidos y de gran dureza, y est\u00e1 narrada con una voz muy aut\u00e9ntica y un ritmo singularmente tensionado que aporta gran dinamismo a la lectura, sostenido por una prosa a la vez mel\u00f3dica y \u00e1spera\u00bb.<\/p>\n\n\n\n<p>Jes\u00fas Lens<\/p>\n","protected":false},"excerpt":{"rendered":"<p>Granada se ha \u2018quedado\u2019 con tres de los Premios de la Cr\u00edtica de Andaluc\u00eda, lo que demuestra que el potencial creativo de nuestra provincia no deja de crecer.\u00a0 Sobre el ensayo de Alfredo Alvar acerca de Cervantes no les puedo decir nada, que no lo he le\u00eddo. Pero de \u2018Ma\u00f1ana\u2019 de Olalla Castro, publicado por [&hellip;]<\/p>\n","protected":false},"author":1,"featured_media":0,"comment_status":"open","ping_status":"open","sticky":false,"template":"","format":"standard","meta":{"jetpack_post_was_ever_published":false,"_jetpack_newsletter_access":"","_jetpack_dont_email_post_to_subs":false,"_jetpack_newsletter_tier_id":0,"_jetpack_memberships_contains_paywalled_content":false,"_jetpack_memberships_contains_paid_content":false,"footnotes":""},"categories":[1],"tags":[],"class_list":["post-34758","post","type-post","status-publish","format-standard","hentry","category-general"],"jetpack_featured_media_url":"","jetpack_sharing_enabled":true,"_links":{"self":[{"href":"https:\/\/www.granadablogs.com\/pateandoelmundo\/wp-json\/wp\/v2\/posts\/34758","targetHints":{"allow":["GET"]}}],"collection":[{"href":"https:\/\/www.granadablogs.com\/pateandoelmundo\/wp-json\/wp\/v2\/posts"}],"about":[{"href":"https:\/\/www.granadablogs.com\/pateandoelmundo\/wp-json\/wp\/v2\/types\/post"}],"author":[{"embeddable":true,"href":"https:\/\/www.granadablogs.com\/pateandoelmundo\/wp-json\/wp\/v2\/users\/1"}],"replies":[{"embeddable":true,"href":"https:\/\/www.granadablogs.com\/pateandoelmundo\/wp-json\/wp\/v2\/comments?post=34758"}],"version-history":[{"count":2,"href":"https:\/\/www.granadablogs.com\/pateandoelmundo\/wp-json\/wp\/v2\/posts\/34758\/revisions"}],"predecessor-version":[{"id":34763,"href":"https:\/\/www.granadablogs.com\/pateandoelmundo\/wp-json\/wp\/v2\/posts\/34758\/revisions\/34763"}],"wp:attachment":[{"href":"https:\/\/www.granadablogs.com\/pateandoelmundo\/wp-json\/wp\/v2\/media?parent=34758"}],"wp:term":[{"taxonomy":"category","embeddable":true,"href":"https:\/\/www.granadablogs.com\/pateandoelmundo\/wp-json\/wp\/v2\/categories?post=34758"},{"taxonomy":"post_tag","embeddable":true,"href":"https:\/\/www.granadablogs.com\/pateandoelmundo\/wp-json\/wp\/v2\/tags?post=34758"}],"curies":[{"name":"wp","href":"https:\/\/api.w.org\/{rel}","templated":true}]}}