{"id":34710,"date":"2026-03-16T19:49:10","date_gmt":"2026-03-16T18:49:10","guid":{"rendered":"https:\/\/www.granadablogs.com\/pateandoelmundo\/?p=34710"},"modified":"2026-03-16T19:49:21","modified_gmt":"2026-03-16T18:49:21","slug":"dos-mujeres-desnudas-obra-maestra-de-luz","status":"publish","type":"post","link":"https:\/\/www.granadablogs.com\/pateandoelmundo\/dos-mujeres-desnudas-obra-maestra-de-luz\/","title":{"rendered":"&#8216;Dos mujeres desnudas&#8217;, obra maestra de Luz"},"content":{"rendered":"\n<p>No soy proclive a hablar de \u2018lecturas imprescindibles\u2019 ni de \u2018libros indispensables\u2019, pero me cuesta no emplear ambas expresiones al referirme a \u2018Dos mujeres desnudas\u2019, el c\u00f3mic de Luz que se public\u00f3 en Francia en 2025 y arras\u00f3 en ventas y que acaba de llegar a nuestras librer\u00edas gracias a Reservoir Books.<\/p>\n\n\n\n<figure class=\"wp-block-image size-full\"><a href=\"https:\/\/www.granadablogs.com\/pateandoelmundo\/wp-content\/uploads\/2026\/03\/Dos-mujeres-desnudas-Luz.jpeg\"><img loading=\"lazy\" decoding=\"async\" width=\"181\" height=\"279\" src=\"https:\/\/www.granadablogs.com\/pateandoelmundo\/wp-content\/uploads\/2026\/03\/Dos-mujeres-desnudas-Luz.jpeg\" alt=\"\" class=\"wp-image-34711\"\/><\/a><\/figure>\n\n\n\n<p>Y precisamente por eso me encant\u00f3 que el propio Jaume Bonfill, su editor en Espa\u00f1a, dijera en rueda de prensa telem\u00e1tica con el autor franc\u00e9s que es uno de los libros m\u00e1s importantes que han publicado en la editorial. \u00a1Firmo y suscribo! Y miren que, como otras veces les he contado, el cat\u00e1logo de Reservoir es como para ponerle un altarico.<\/p>\n\n\n\n<figure class=\"wp-block-image size-large\"><a href=\"https:\/\/www.granadablogs.com\/pateandoelmundo\/wp-content\/uploads\/2026\/03\/Dos-mujeres-desnudas-Luz-vineta.jpeg\"><img loading=\"lazy\" decoding=\"async\" width=\"644\" height=\"802\" src=\"https:\/\/www.granadablogs.com\/pateandoelmundo\/wp-content\/uploads\/2026\/03\/Dos-mujeres-desnudas-Luz-vineta-644x802.jpeg\" alt=\"\" class=\"wp-image-34712\" srcset=\"https:\/\/www.granadablogs.com\/pateandoelmundo\/wp-content\/uploads\/2026\/03\/Dos-mujeres-desnudas-Luz-vineta-644x802.jpeg 644w, https:\/\/www.granadablogs.com\/pateandoelmundo\/wp-content\/uploads\/2026\/03\/Dos-mujeres-desnudas-Luz-vineta-241x300.jpeg 241w, https:\/\/www.granadablogs.com\/pateandoelmundo\/wp-content\/uploads\/2026\/03\/Dos-mujeres-desnudas-Luz-vineta-768x957.jpeg 768w, https:\/\/www.granadablogs.com\/pateandoelmundo\/wp-content\/uploads\/2026\/03\/Dos-mujeres-desnudas-Luz-vineta.jpeg 887w\" sizes=\"auto, (max-width: 644px) 100vw, 644px\" \/><\/a><\/figure>\n\n\n\n<p>Hablemos de Luz. \u00bfLes suena su nombre? A nada que googleen se encontrar\u00e1n con que fue uno de los supervivientes del atentado a la gente de Charlie Hebdo. Aquel fat\u00eddico 07\/01\/2015, Luz se qued\u00f3 remoloneando en la cama y eso le salv\u00f3 la vida.&nbsp;<\/p>\n\n\n\n<figure class=\"wp-block-image size-large\"><a href=\"https:\/\/www.granadablogs.com\/pateandoelmundo\/wp-content\/uploads\/2026\/03\/Luz-Charlie-Hebdo.jpeg\"><img loading=\"lazy\" decoding=\"async\" width=\"644\" height=\"644\" src=\"https:\/\/www.granadablogs.com\/pateandoelmundo\/wp-content\/uploads\/2026\/03\/Luz-Charlie-Hebdo-644x644.jpeg\" alt=\"\" class=\"wp-image-34713\" srcset=\"https:\/\/www.granadablogs.com\/pateandoelmundo\/wp-content\/uploads\/2026\/03\/Luz-Charlie-Hebdo-644x644.jpeg 644w, https:\/\/www.granadablogs.com\/pateandoelmundo\/wp-content\/uploads\/2026\/03\/Luz-Charlie-Hebdo-300x300.jpeg 300w, https:\/\/www.granadablogs.com\/pateandoelmundo\/wp-content\/uploads\/2026\/03\/Luz-Charlie-Hebdo-150x150.jpeg 150w, https:\/\/www.granadablogs.com\/pateandoelmundo\/wp-content\/uploads\/2026\/03\/Luz-Charlie-Hebdo-768x768.jpeg 768w, https:\/\/www.granadablogs.com\/pateandoelmundo\/wp-content\/uploads\/2026\/03\/Luz-Charlie-Hebdo.jpeg 1200w\" sizes=\"auto, (max-width: 644px) 100vw, 644px\" \/><\/a><\/figure>\n\n\n\n<p>\u201cDiez a\u00f1os despu\u00e9s del atentado, quer\u00eda hacer un \u00e1lbum potente, un \u00e1lbum importante, que no fuera c\u00f3mico. No sab\u00eda de qu\u00e9 g\u00e9nero iba a ser, pero s\u00ed ten\u00eda claro que no ser\u00eda mi propia historia, que ya era muy conocida. Me quer\u00eda salir de mi propia piel\u201d, contaba Luz. Adem\u00e1s, el formato puramente period\u00edstico, la inmediatez de la informaci\u00f3n diaria; se le hab\u00eda quedado corta. Y como entre sus preocupaciones m\u00e1s acuciantes estaba \u2014y est\u00e1\u2014 el auge de la extrema derecha, en ello se centr\u00f3, cambiando de registro y de formato.&nbsp;<\/p>\n\n\n\n<p>\u201cTen\u00eda que buscar una historia, con una motivaci\u00f3n y una pasi\u00f3n que fueran previas a 2015. Y empec\u00e9 a trabajar en un tema que me hab\u00eda apasionado y hab\u00eda dejado de lado: el arte expresionista alem\u00e1n. Muchos de aquellos artistas tambi\u00e9n trabajaban en la prensa. Eran vectores de la sociedad de sus contempor\u00e1neos y, quiz\u00e1 sin ser consciente de ello, me han sostenido a lo largo de mi vida y me han acompa\u00f1ado incluso despu\u00e9s de 2015, un periodo que para m\u00ed tambi\u00e9n ha sido de entreguerras. \u00a1Ten\u00eda que recuperarlos!\u201d, explica Luz. Y concluye: \u201c\u2018Dos mujeres desnudas\u2019 es una acumulaci\u00f3n de todo esto, la suma de muchas cosas. Y el tema no era yo, sino todas las personas que trabajamos en el mundo del arte y la cultura, esas personas \u2018dispensables\u2019, no imprescindibles para muchos\u201d, comentaba entre risas.<\/p>\n\n\n\n<figure class=\"wp-block-image size-large\"><a href=\"https:\/\/www.granadablogs.com\/pateandoelmundo\/wp-content\/uploads\/2026\/03\/Luz-la-vuelta.jpeg\"><img loading=\"lazy\" decoding=\"async\" width=\"644\" height=\"396\" src=\"https:\/\/www.granadablogs.com\/pateandoelmundo\/wp-content\/uploads\/2026\/03\/Luz-la-vuelta-644x396.jpeg\" alt=\"\" class=\"wp-image-34714\" srcset=\"https:\/\/www.granadablogs.com\/pateandoelmundo\/wp-content\/uploads\/2026\/03\/Luz-la-vuelta-644x396.jpeg 644w, https:\/\/www.granadablogs.com\/pateandoelmundo\/wp-content\/uploads\/2026\/03\/Luz-la-vuelta-300x185.jpeg 300w, https:\/\/www.granadablogs.com\/pateandoelmundo\/wp-content\/uploads\/2026\/03\/Luz-la-vuelta-768x472.jpeg 768w, https:\/\/www.granadablogs.com\/pateandoelmundo\/wp-content\/uploads\/2026\/03\/Luz-la-vuelta.jpeg 1200w\" sizes=\"auto, (max-width: 644px) 100vw, 644px\" \/><\/a><\/figure>\n\n\n\n<p>Y as\u00ed llegamos a Munich, a la exposici\u00f3n de 1937. \u201cUna de las pocas exposiciones contra algo, en la que los nazis mostraban el arte que no se deb\u00eda hacer, una exposici\u00f3n del odio\u201d, sigue explicando Luz. \u00bfLes suena lo del famoso \u2018arte degenerado\u2019? Pues por ah\u00ed van los tiros. \u201cNo sab\u00eda si buscar a un artista m\u00e1s conocido, como Kandinski, o centrarme en un cuadro concreto. En un cat\u00e1logo de aquella muestra repar\u00e9 en un peque\u00f1o cuadro que me impact\u00f3. Era de Otto Mueller y mostraba a dos mujeres con un contorno muy marcado. Adem\u00e1s, en la exposici\u00f3n estaba situado en un sitio raro y se mostraba de una forma extra\u00f1a: muy bajo, a la altura de la mirada de los ni\u00f1os\u201d.&nbsp;<\/p>\n\n\n\n<p>Y ah\u00ed surgi\u00f3 el chispazo, la posibilidad de contar una historia de ficci\u00f3n. \u201cDecid\u00ed no hacer un libro de historia puro, sino meterle ficci\u00f3n. Es la manera, tambi\u00e9n, de hablar de uno mismo. Y opt\u00e9 por ponerme en el lugar del cuadro para imaginar al ni\u00f1o. Ah\u00ed he querido llevar al lector del c\u00f3mic\u201d, explic\u00f3 Luz.&nbsp;<\/p>\n\n\n\n<p>Llegados a este punto, no les cuento nada m\u00e1s: dejen lo que tengan entre manos, h\u00e1ganse con el c\u00f3mic \u2018Dos mujeres desnudas\u2019 de Luz, l\u00e9anlo y lo comentamos despacio otro martes. O cualquier otro d\u00eda.&nbsp;<\/p>\n\n\n\n<p>Jes\u00fas Lens<\/p>\n","protected":false},"excerpt":{"rendered":"<p>No soy proclive a hablar de \u2018lecturas imprescindibles\u2019 ni de \u2018libros indispensables\u2019, pero me cuesta no emplear ambas expresiones al referirme a \u2018Dos mujeres desnudas\u2019, el c\u00f3mic de Luz que se public\u00f3 en Francia en 2025 y arras\u00f3 en ventas y que acaba de llegar a nuestras librer\u00edas gracias a Reservoir Books. Y precisamente por [&hellip;]<\/p>\n","protected":false},"author":1,"featured_media":0,"comment_status":"open","ping_status":"open","sticky":false,"template":"","format":"standard","meta":{"jetpack_post_was_ever_published":false,"_jetpack_newsletter_access":"","_jetpack_dont_email_post_to_subs":false,"_jetpack_newsletter_tier_id":0,"_jetpack_memberships_contains_paywalled_content":false,"_jetpack_memberships_contains_paid_content":false,"footnotes":""},"categories":[1],"tags":[],"class_list":["post-34710","post","type-post","status-publish","format-standard","hentry","category-general"],"jetpack_featured_media_url":"","jetpack_sharing_enabled":true,"_links":{"self":[{"href":"https:\/\/www.granadablogs.com\/pateandoelmundo\/wp-json\/wp\/v2\/posts\/34710","targetHints":{"allow":["GET"]}}],"collection":[{"href":"https:\/\/www.granadablogs.com\/pateandoelmundo\/wp-json\/wp\/v2\/posts"}],"about":[{"href":"https:\/\/www.granadablogs.com\/pateandoelmundo\/wp-json\/wp\/v2\/types\/post"}],"author":[{"embeddable":true,"href":"https:\/\/www.granadablogs.com\/pateandoelmundo\/wp-json\/wp\/v2\/users\/1"}],"replies":[{"embeddable":true,"href":"https:\/\/www.granadablogs.com\/pateandoelmundo\/wp-json\/wp\/v2\/comments?post=34710"}],"version-history":[{"count":1,"href":"https:\/\/www.granadablogs.com\/pateandoelmundo\/wp-json\/wp\/v2\/posts\/34710\/revisions"}],"predecessor-version":[{"id":34715,"href":"https:\/\/www.granadablogs.com\/pateandoelmundo\/wp-json\/wp\/v2\/posts\/34710\/revisions\/34715"}],"wp:attachment":[{"href":"https:\/\/www.granadablogs.com\/pateandoelmundo\/wp-json\/wp\/v2\/media?parent=34710"}],"wp:term":[{"taxonomy":"category","embeddable":true,"href":"https:\/\/www.granadablogs.com\/pateandoelmundo\/wp-json\/wp\/v2\/categories?post=34710"},{"taxonomy":"post_tag","embeddable":true,"href":"https:\/\/www.granadablogs.com\/pateandoelmundo\/wp-json\/wp\/v2\/tags?post=34710"}],"curies":[{"name":"wp","href":"https:\/\/api.w.org\/{rel}","templated":true}]}}