{"id":34611,"date":"2026-01-23T14:24:53","date_gmt":"2026-01-23T13:24:53","guid":{"rendered":"https:\/\/www.granadablogs.com\/pateandoelmundo\/?p=34611"},"modified":"2026-01-23T14:25:03","modified_gmt":"2026-01-23T13:25:03","slug":"que-animal-seria-usted","status":"publish","type":"post","link":"https:\/\/www.granadablogs.com\/pateandoelmundo\/que-animal-seria-usted\/","title":{"rendered":"\u00bfQu\u00e9 animal ser\u00eda usted?"},"content":{"rendered":"\n<p>Ayer, por razones que no vienen al caso y durante cerca de una hora, tuve que pensar en animalitos. No es que fuera obligatorio invocar mentalmente a la fauna, que no estaba en una conferencia de biolog\u00eda. Ten\u00eda que evadirme de la realidad. Dejar fluir la imaginaci\u00f3n. Y me acord\u00e9 de Zerocalcare, ese artista del c\u00f3mic que no dejar\u00e9 de recomendarles vivamente y que tan bien editado est\u00e1 en Espa\u00f1a gracias a Reservoir Books.<\/p>\n\n\n\n<figure class=\"wp-block-image size-large\"><a href=\"https:\/\/www.granadablogs.com\/pateandoelmundo\/wp-content\/uploads\/2026\/01\/Zerocalcare-armadillo.jpeg\"><img loading=\"lazy\" decoding=\"async\" width=\"644\" height=\"936\" src=\"https:\/\/www.granadablogs.com\/pateandoelmundo\/wp-content\/uploads\/2026\/01\/Zerocalcare-armadillo-644x936.jpeg\" alt=\"\" class=\"wp-image-34612\" srcset=\"https:\/\/www.granadablogs.com\/pateandoelmundo\/wp-content\/uploads\/2026\/01\/Zerocalcare-armadillo-644x936.jpeg 644w, https:\/\/www.granadablogs.com\/pateandoelmundo\/wp-content\/uploads\/2026\/01\/Zerocalcare-armadillo-206x300.jpeg 206w, https:\/\/www.granadablogs.com\/pateandoelmundo\/wp-content\/uploads\/2026\/01\/Zerocalcare-armadillo.jpeg 688w\" sizes=\"auto, (max-width: 644px) 100vw, 644px\" \/><\/a><\/figure>\n\n\n\n<p>En sus c\u00f3mics, Zerocalcare siempre introduce personajes de fantas\u00eda. Uno de ellos es el ya famoso armadillo que vive dentro del protagonista y que, cual Pepito Grillo, ejerce de conciencia. \u00a1Y cr\u00edtica, adem\u00e1s! \u00a1Qu\u00e9 di\u00e1logos m\u00e1s jugosos mantienen! En su obra m\u00e1s reciente, \u2018M\u00e1s all\u00e1 de los escombros\u2019, de la que escrib\u00ed el pasado martes en las p\u00e1ginas de Cultura, un oso panda arrincona al armadillo y menuda bronca tienen, que se hinchan a palos.<\/p>\n\n\n\n<figure class=\"wp-block-image size-full\"><a href=\"https:\/\/www.granadablogs.com\/pateandoelmundo\/wp-content\/uploads\/2026\/01\/Zerocalcare-panda.jpeg\"><img loading=\"lazy\" decoding=\"async\" width=\"405\" height=\"720\" src=\"https:\/\/www.granadablogs.com\/pateandoelmundo\/wp-content\/uploads\/2026\/01\/Zerocalcare-panda.jpeg\" alt=\"\" class=\"wp-image-34613\" srcset=\"https:\/\/www.granadablogs.com\/pateandoelmundo\/wp-content\/uploads\/2026\/01\/Zerocalcare-panda.jpeg 405w, https:\/\/www.granadablogs.com\/pateandoelmundo\/wp-content\/uploads\/2026\/01\/Zerocalcare-panda-169x300.jpeg 169w\" sizes=\"auto, (max-width: 405px) 100vw, 405px\" \/><\/a><\/figure>\n\n\n\n<p>As\u00ed las cosas, cuando me vi impelido a dejar volar la imaginaci\u00f3n para evadirme del aqu\u00ed y el ahora, empec\u00e9 a pensar en qu\u00e9 animal podr\u00eda vivir dentro de m\u00ed. Con cu\u00e1l me identificar\u00eda. Primero pens\u00e9 en un guepardo, que de chavea ten\u00eda un p\u00f3ster de la revista Natura en mi cuarto con uno de esos hermosos felinos corriendo a toda mecha por la sabana. Pero como deb\u00eda ser honesto conmigo mismo, lo cambi\u00e9 por un ciempi\u00e9s.<\/p>\n\n\n\n<figure class=\"wp-block-image size-large\"><a href=\"https:\/\/www.granadablogs.com\/pateandoelmundo\/wp-content\/uploads\/2026\/01\/Guepardo.jpeg\"><img loading=\"lazy\" decoding=\"async\" width=\"644\" height=\"431\" src=\"https:\/\/www.granadablogs.com\/pateandoelmundo\/wp-content\/uploads\/2026\/01\/Guepardo-644x431.jpeg\" alt=\"\" class=\"wp-image-34616\" srcset=\"https:\/\/www.granadablogs.com\/pateandoelmundo\/wp-content\/uploads\/2026\/01\/Guepardo-644x431.jpeg 644w, https:\/\/www.granadablogs.com\/pateandoelmundo\/wp-content\/uploads\/2026\/01\/Guepardo-300x201.jpeg 300w, https:\/\/www.granadablogs.com\/pateandoelmundo\/wp-content\/uploads\/2026\/01\/Guepardo-768x514.jpeg 768w, https:\/\/www.granadablogs.com\/pateandoelmundo\/wp-content\/uploads\/2026\/01\/Guepardo.jpeg 1255w\" sizes=\"auto, (max-width: 644px) 100vw, 644px\" \/><\/a><\/figure>\n\n\n\n<p>Y es que me paso la vida caminando. Cuando no estoy sentado currando, acodado en la barra del bar o tumbado en el sof\u00e1, leyendo a la bartola. Camino mientras hablo por tel\u00e9fono y mando audios. Camino para ir y venir y camino hasta sin raz\u00f3n aparente, que a veces parezco enajenado.&nbsp;<\/p>\n\n\n\n<p>Y luego est\u00e1 el oso. El pardo. Pero solo en invierno. Llevo un oso dentro que se encierra en su cueva para hibernar y no sale bajo ning\u00fan concepto. \u00a1Y qu\u00e9 pintas, cuando llega la primavera y asoma el hocico de nuevo al bosque, t\u00f3 espeluchao! <\/p>\n\n\n\n<figure class=\"wp-block-image size-full\"><a href=\"https:\/\/www.granadablogs.com\/pateandoelmundo\/wp-content\/uploads\/2026\/01\/Oso-hibernar.jpeg\"><img loading=\"lazy\" decoding=\"async\" width=\"306\" height=\"165\" src=\"https:\/\/www.granadablogs.com\/pateandoelmundo\/wp-content\/uploads\/2026\/01\/Oso-hibernar.jpeg\" alt=\"\" class=\"wp-image-34615\" srcset=\"https:\/\/www.granadablogs.com\/pateandoelmundo\/wp-content\/uploads\/2026\/01\/Oso-hibernar.jpeg 306w, https:\/\/www.granadablogs.com\/pateandoelmundo\/wp-content\/uploads\/2026\/01\/Oso-hibernar-300x162.jpeg 300w\" sizes=\"auto, (max-width: 306px) 100vw, 306px\" \/><\/a><\/figure>\n\n\n\n<p>Y tambi\u00e9n quer\u00eda buscar un animal acu\u00e1tico. \u00bfUn delf\u00edn? \u00a1Ojal\u00e1! Lo dejo en anhelo. Me quedo con la tortuga, que tambi\u00e9n tiene mucho de oso y, cuando le da el volunto, se mete en su covacha y santas pascuas. \u00a1Nada de socializar!<\/p>\n\n\n\n<figure class=\"wp-block-image size-large\"><a href=\"https:\/\/www.granadablogs.com\/pateandoelmundo\/wp-content\/uploads\/2026\/01\/Tortuga.jpeg\"><img loading=\"lazy\" decoding=\"async\" width=\"644\" height=\"357\" src=\"https:\/\/www.granadablogs.com\/pateandoelmundo\/wp-content\/uploads\/2026\/01\/Tortuga-644x357.jpeg\" alt=\"\" class=\"wp-image-34614\" srcset=\"https:\/\/www.granadablogs.com\/pateandoelmundo\/wp-content\/uploads\/2026\/01\/Tortuga-644x357.jpeg 644w, https:\/\/www.granadablogs.com\/pateandoelmundo\/wp-content\/uploads\/2026\/01\/Tortuga-300x166.jpeg 300w, https:\/\/www.granadablogs.com\/pateandoelmundo\/wp-content\/uploads\/2026\/01\/Tortuga-768x426.jpeg 768w, https:\/\/www.granadablogs.com\/pateandoelmundo\/wp-content\/uploads\/2026\/01\/Tortuga.jpeg 1038w\" sizes=\"auto, (max-width: 644px) 100vw, 644px\" \/><\/a><\/figure>\n\n\n\n<p>\u00bfY usted? \u00bfQu\u00e9 animal piensa que convive dentro de usted? \u00bfCu\u00e1l le representa m\u00e1s y mejor? \u00bfCon cu\u00e1l se identifica? Lo s\u00e9, lo s\u00e9. \u00a1Menuda chorrada! Pero para evadirse un rato, funciona.<\/p>\n\n\n\n<p>Jes\u00fas Lens<\/p>\n","protected":false},"excerpt":{"rendered":"<p>Ayer, por razones que no vienen al caso y durante cerca de una hora, tuve que pensar en animalitos. No es que fuera obligatorio invocar mentalmente a la fauna, que no estaba en una conferencia de biolog\u00eda. Ten\u00eda que evadirme de la realidad. Dejar fluir la imaginaci\u00f3n. Y me acord\u00e9 de Zerocalcare, ese artista del [&hellip;]<\/p>\n","protected":false},"author":1,"featured_media":34612,"comment_status":"open","ping_status":"open","sticky":false,"template":"","format":"standard","meta":{"jetpack_post_was_ever_published":false,"_jetpack_newsletter_access":"","_jetpack_dont_email_post_to_subs":false,"_jetpack_newsletter_tier_id":0,"_jetpack_memberships_contains_paywalled_content":false,"_jetpack_memberships_contains_paid_content":false,"footnotes":""},"categories":[1],"tags":[],"class_list":["post-34611","post","type-post","status-publish","format-standard","has-post-thumbnail","hentry","category-general"],"jetpack_featured_media_url":"https:\/\/www.granadablogs.com\/pateandoelmundo\/wp-content\/uploads\/2026\/01\/Zerocalcare-armadillo.jpeg","jetpack_sharing_enabled":true,"_links":{"self":[{"href":"https:\/\/www.granadablogs.com\/pateandoelmundo\/wp-json\/wp\/v2\/posts\/34611","targetHints":{"allow":["GET"]}}],"collection":[{"href":"https:\/\/www.granadablogs.com\/pateandoelmundo\/wp-json\/wp\/v2\/posts"}],"about":[{"href":"https:\/\/www.granadablogs.com\/pateandoelmundo\/wp-json\/wp\/v2\/types\/post"}],"author":[{"embeddable":true,"href":"https:\/\/www.granadablogs.com\/pateandoelmundo\/wp-json\/wp\/v2\/users\/1"}],"replies":[{"embeddable":true,"href":"https:\/\/www.granadablogs.com\/pateandoelmundo\/wp-json\/wp\/v2\/comments?post=34611"}],"version-history":[{"count":1,"href":"https:\/\/www.granadablogs.com\/pateandoelmundo\/wp-json\/wp\/v2\/posts\/34611\/revisions"}],"predecessor-version":[{"id":34617,"href":"https:\/\/www.granadablogs.com\/pateandoelmundo\/wp-json\/wp\/v2\/posts\/34611\/revisions\/34617"}],"wp:featuredmedia":[{"embeddable":true,"href":"https:\/\/www.granadablogs.com\/pateandoelmundo\/wp-json\/wp\/v2\/media\/34612"}],"wp:attachment":[{"href":"https:\/\/www.granadablogs.com\/pateandoelmundo\/wp-json\/wp\/v2\/media?parent=34611"}],"wp:term":[{"taxonomy":"category","embeddable":true,"href":"https:\/\/www.granadablogs.com\/pateandoelmundo\/wp-json\/wp\/v2\/categories?post=34611"},{"taxonomy":"post_tag","embeddable":true,"href":"https:\/\/www.granadablogs.com\/pateandoelmundo\/wp-json\/wp\/v2\/tags?post=34611"}],"curies":[{"name":"wp","href":"https:\/\/api.w.org\/{rel}","templated":true}]}}