{"id":34514,"date":"2025-11-23T16:52:57","date_gmt":"2025-11-23T15:52:57","guid":{"rendered":"https:\/\/www.granadablogs.com\/pateandoelmundo\/?p=34514"},"modified":"2025-11-23T16:53:04","modified_gmt":"2025-11-23T15:53:04","slug":"lo-que-mata-los-suenos","status":"publish","type":"post","link":"https:\/\/www.granadablogs.com\/pateandoelmundo\/lo-que-mata-los-suenos\/","title":{"rendered":"Lo que mata los sue\u00f1os"},"content":{"rendered":"\n<p>Al irme a dormir program\u00e9 mi reloj inteligente para que, una hora antes de que sonara la alarma, me hiciera so\u00f1ar con un pa\u00eds africano en el que estuve hace a\u00f1os y al que ahora, sumido en una de esas guerras sordas e invisibles por estos lares, no se puede volver.<\/p>\n\n\n\n<p>Una hora de sue\u00f1o programada y patrocinada por Travelling Dreams, una de las empresas que forman parte del conglomerado que desarroll\u00f3 el software que permite inducir sue\u00f1os en el cerebro mapeado mientras dormimos. Su versi\u00f3n de pago, sin anuncios, es demasiado cara, as\u00ed que me toca tragarme la publi, pero merece la pena poder controlar lo que pasa en nuestro cerebro mientras dormimos. Eso s\u00ed: conviene no abusar. Una hora por noche ya va bien. Si no, te levantas m\u00e1s cansado que al acostarte.<\/p>\n\n\n\n<figure class=\"wp-block-image size-large\"><a href=\"https:\/\/www.granadablogs.com\/pateandoelmundo\/wp-content\/uploads\/2025\/11\/En-vela-Ana-Penyas.jpeg\"><img loading=\"lazy\" decoding=\"async\" width=\"644\" height=\"890\" src=\"https:\/\/www.granadablogs.com\/pateandoelmundo\/wp-content\/uploads\/2025\/11\/En-vela-Ana-Penyas-644x890.jpeg\" alt=\"\" class=\"wp-image-34515\" srcset=\"https:\/\/www.granadablogs.com\/pateandoelmundo\/wp-content\/uploads\/2025\/11\/En-vela-Ana-Penyas-644x890.jpeg 644w, https:\/\/www.granadablogs.com\/pateandoelmundo\/wp-content\/uploads\/2025\/11\/En-vela-Ana-Penyas-217x300.jpeg 217w, https:\/\/www.granadablogs.com\/pateandoelmundo\/wp-content\/uploads\/2025\/11\/En-vela-Ana-Penyas-768x1062.jpeg 768w, https:\/\/www.granadablogs.com\/pateandoelmundo\/wp-content\/uploads\/2025\/11\/En-vela-Ana-Penyas-1111x1536.jpeg 1111w, https:\/\/www.granadablogs.com\/pateandoelmundo\/wp-content\/uploads\/2025\/11\/En-vela-Ana-Penyas-1482x2048.jpeg 1482w, https:\/\/www.granadablogs.com\/pateandoelmundo\/wp-content\/uploads\/2025\/11\/En-vela-Ana-Penyas.jpeg 1852w\" sizes=\"auto, (max-width: 644px) 100vw, 644px\" \/><\/a><\/figure>\n\n\n\n<p>Me acord\u00e9 de este argumento, que me gustar\u00eda desarrollar en forma de relato, mientras escuchaba a la Premio Nacional del C\u00f3mic, Ana Penyas, en conversaci\u00f3n con Antonio Collados en Librer\u00eda Picasso, durante la presentaci\u00f3n de \u2018En vela\u2019, su c\u00f3mic m\u00e1s reciente, excepcional y que les recomiendo vivamente, publicado por Salamandra Graphic.<\/p>\n\n\n\n<p>Cuando a\u00fan es de noche ah\u00ed fuera, te despiertas mucho antes del amanecer y tu cabeza comienza a mandarte mensajes del tipo \u201ctienes que\u2026\u201d, \u201cno te va a dar tiempo a\u2026\u201d o \u201cvas fatal con\u2026\u201d; sabes que dif\u00edcilmente volver\u00e1s a pegar ojo. Y si a duras penas lo consigues, todav\u00eda peor: no tardar\u00e1 en sonar el despertador poni\u00e9ndote de m\u00e1s mala leche a\u00fan.&nbsp;<\/p>\n\n\n\n<p>No s\u00e9 si le pasar\u00e1 a usted esto o algo parecido. Si as\u00ed fuera, podr\u00eda ser usted personaje en este c\u00f3mic portentoso, imposible ser m\u00e1s rabiosamente actual, moderno y contempor\u00e1neo. Y si no le pasa \u2014\u00a1qu\u00e9 bendici\u00f3n!\u2014 leer esta obra magna le har\u00e1 empatizar con quienes somos aves nocturnas a nuestro pesar y arrastramos bolsas bajo los ojos de tama\u00f1o industrial. Las criaturas de \u2018En vela\u2019 son precisamente eso: noct\u00e1mbulas sin querer.<\/p>\n\n\n\n<figure class=\"wp-block-image size-large\"><a href=\"https:\/\/www.granadablogs.com\/pateandoelmundo\/wp-content\/uploads\/2025\/11\/En-vela-paginas.jpeg\"><img loading=\"lazy\" decoding=\"async\" width=\"644\" height=\"449\" src=\"https:\/\/www.granadablogs.com\/pateandoelmundo\/wp-content\/uploads\/2025\/11\/En-vela-paginas-644x449.jpeg\" alt=\"\" class=\"wp-image-34516\" srcset=\"https:\/\/www.granadablogs.com\/pateandoelmundo\/wp-content\/uploads\/2025\/11\/En-vela-paginas-644x449.jpeg 644w, https:\/\/www.granadablogs.com\/pateandoelmundo\/wp-content\/uploads\/2025\/11\/En-vela-paginas-300x209.jpeg 300w, https:\/\/www.granadablogs.com\/pateandoelmundo\/wp-content\/uploads\/2025\/11\/En-vela-paginas-768x536.jpeg 768w, https:\/\/www.granadablogs.com\/pateandoelmundo\/wp-content\/uploads\/2025\/11\/En-vela-paginas.jpeg 900w\" sizes=\"auto, (max-width: 644px) 100vw, 644px\" \/><\/a><\/figure>\n\n\n\n<p>En \u00e9l, la autora alude a la teor\u00eda de los dos sue\u00f1os, algo habitual antes de que la luz el\u00e9ctrica nos iluminara y nos alegrara la vida. Cuando ca\u00eda la oscuridad, llegaba el primer sue\u00f1o. A mitad de la noche, lo habitual era despertarse y dedicarse a tareas de limpieza y mantenimiento del hogar. Y a rezar, contar historias o disfrutar del sexo antes de sumirse en ese segundo sue\u00f1o que se prolongaba hasta el amanecer.<\/p>\n\n\n\n<p>A m\u00ed me pasa cada vez m\u00e1s. Despertarme a horas intempestivas de la noche y aprovechar para leer un buen rato. Es el siguiente bloque durmiente el que me depara sue\u00f1os m\u00e1s interesantes, ardientes y electrizantes. Sin tener que pagar por ellos, de momento. Termino con una obviedad sobre la que me gustar\u00eda volver: la falta de sue\u00f1o mata los sue\u00f1os.<\/p>\n\n\n\n<p>Jes\u00fas Lens<\/p>\n","protected":false},"excerpt":{"rendered":"<p>Al irme a dormir program\u00e9 mi reloj inteligente para que, una hora antes de que sonara la alarma, me hiciera so\u00f1ar con un pa\u00eds africano en el que estuve hace a\u00f1os y al que ahora, sumido en una de esas guerras sordas e invisibles por estos lares, no se puede volver. Una hora de sue\u00f1o [&hellip;]<\/p>\n","protected":false},"author":1,"featured_media":34515,"comment_status":"open","ping_status":"open","sticky":false,"template":"","format":"standard","meta":{"jetpack_post_was_ever_published":false,"_jetpack_newsletter_access":"","_jetpack_dont_email_post_to_subs":false,"_jetpack_newsletter_tier_id":0,"_jetpack_memberships_contains_paywalled_content":false,"_jetpack_memberships_contains_paid_content":false,"footnotes":""},"categories":[1],"tags":[],"class_list":["post-34514","post","type-post","status-publish","format-standard","has-post-thumbnail","hentry","category-general"],"jetpack_featured_media_url":"https:\/\/www.granadablogs.com\/pateandoelmundo\/wp-content\/uploads\/2025\/11\/En-vela-Ana-Penyas.jpeg","jetpack_sharing_enabled":true,"_links":{"self":[{"href":"https:\/\/www.granadablogs.com\/pateandoelmundo\/wp-json\/wp\/v2\/posts\/34514","targetHints":{"allow":["GET"]}}],"collection":[{"href":"https:\/\/www.granadablogs.com\/pateandoelmundo\/wp-json\/wp\/v2\/posts"}],"about":[{"href":"https:\/\/www.granadablogs.com\/pateandoelmundo\/wp-json\/wp\/v2\/types\/post"}],"author":[{"embeddable":true,"href":"https:\/\/www.granadablogs.com\/pateandoelmundo\/wp-json\/wp\/v2\/users\/1"}],"replies":[{"embeddable":true,"href":"https:\/\/www.granadablogs.com\/pateandoelmundo\/wp-json\/wp\/v2\/comments?post=34514"}],"version-history":[{"count":1,"href":"https:\/\/www.granadablogs.com\/pateandoelmundo\/wp-json\/wp\/v2\/posts\/34514\/revisions"}],"predecessor-version":[{"id":34517,"href":"https:\/\/www.granadablogs.com\/pateandoelmundo\/wp-json\/wp\/v2\/posts\/34514\/revisions\/34517"}],"wp:featuredmedia":[{"embeddable":true,"href":"https:\/\/www.granadablogs.com\/pateandoelmundo\/wp-json\/wp\/v2\/media\/34515"}],"wp:attachment":[{"href":"https:\/\/www.granadablogs.com\/pateandoelmundo\/wp-json\/wp\/v2\/media?parent=34514"}],"wp:term":[{"taxonomy":"category","embeddable":true,"href":"https:\/\/www.granadablogs.com\/pateandoelmundo\/wp-json\/wp\/v2\/categories?post=34514"},{"taxonomy":"post_tag","embeddable":true,"href":"https:\/\/www.granadablogs.com\/pateandoelmundo\/wp-json\/wp\/v2\/tags?post=34514"}],"curies":[{"name":"wp","href":"https:\/\/api.w.org\/{rel}","templated":true}]}}