{"id":34509,"date":"2025-11-18T00:29:39","date_gmt":"2025-11-17T23:29:39","guid":{"rendered":"https:\/\/www.granadablogs.com\/pateandoelmundo\/?p=34509"},"modified":"2025-11-18T00:29:47","modified_gmt":"2025-11-17T23:29:47","slug":"safaris-humanos-o-lo-peor-del-horror","status":"publish","type":"post","link":"https:\/\/www.granadablogs.com\/pateandoelmundo\/safaris-humanos-o-lo-peor-del-horror\/","title":{"rendered":"Safaris humanos o lo peor del horror"},"content":{"rendered":"\n<p>Es una de esas frases que nunca veremos en un sobrecillo de az\u00facar a la hora del caf\u00e9. \u201cEl poder tiende a corromper y el poder absoluto corrompe absolutamente\u201d. Lo dijo Lord Acton en el siglo XIX y, por desgracia, no ha perdido vigencia. Cuando hablamos de corrupci\u00f3n pensamos en cuestiones econ\u00f3micas. En mordidas, sobornos, cohechos y prevaricaciones. \u00bfPero qu\u00e9 pasa con la corrupci\u00f3n moral?<\/p>\n\n\n\n<figure class=\"wp-block-image size-large\"><a href=\"https:\/\/www.granadablogs.com\/pateandoelmundo\/wp-content\/uploads\/2025\/11\/El-sendero-de-la-traicion.jpeg\"><img loading=\"lazy\" decoding=\"async\" width=\"644\" height=\"925\" src=\"https:\/\/www.granadablogs.com\/pateandoelmundo\/wp-content\/uploads\/2025\/11\/El-sendero-de-la-traicion-644x925.jpeg\" alt=\"\" class=\"wp-image-34510\" srcset=\"https:\/\/www.granadablogs.com\/pateandoelmundo\/wp-content\/uploads\/2025\/11\/El-sendero-de-la-traicion-644x925.jpeg 644w, https:\/\/www.granadablogs.com\/pateandoelmundo\/wp-content\/uploads\/2025\/11\/El-sendero-de-la-traicion-209x300.jpeg 209w, https:\/\/www.granadablogs.com\/pateandoelmundo\/wp-content\/uploads\/2025\/11\/El-sendero-de-la-traicion-768x1104.jpeg 768w, https:\/\/www.granadablogs.com\/pateandoelmundo\/wp-content\/uploads\/2025\/11\/El-sendero-de-la-traicion.jpeg 1000w\" sizes=\"auto, (max-width: 644px) 100vw, 644px\" \/><\/a><\/figure>\n\n\n\n<p>No s\u00e9 ustedes, pero esta semana he sentido asco, pavor, indignaci\u00f3n y dolor a raudales al leer lo de los safaris humanos en Bosnia durante el asedio de Sarajevo. Es de las cosas m\u00e1s nauseabundas que imaginarse puedan. Ricos y poderosos pagando cifras cercanas a los 100.000 euros para apostarse en las colinas de alrededor de la capital bosnia y disparar a los ciudadanos inermes que trataban de sobrevivir al acoso de los serbios. Y m\u00e1s dinero a\u00fan si la potencial v\u00edctima era un ni\u00f1o. \u00a1Qu\u00e9 ganas de vomitar! Y qu\u00e9 ganas de que la fiscal\u00eda italiana que por fin est\u00e1 investigando esta ignominia consiga acusar, con nombre y apellidos, a esa hez humana.<\/p>\n\n\n\n<p>\u00bfA que les parece incre\u00edble e inaudito que algo as\u00ed pudiera ocurrir? Pues d\u00e9jenme que les diga que los buenos aficionados al noir ya ten\u00edamos informaci\u00f3n y conocimiento de ello, dado que se lo hab\u00edamos le\u00eddo a uno de los grandes escritores espa\u00f1oles contempor\u00e1neos: V\u00edctor del \u00c1rbol, ganador del Premio Nadal entre otros muchos galardones.&nbsp;<\/p>\n\n\n\n<p>Hace ahora un a\u00f1o, en esta misma secci\u00f3n, les recomendaba leer \u2018El tiempo de las fieras\u2019. Y como tantas veces, lo \u00fanico que escrib\u00eda sobre su argumento era esto: \u201c\u00bfY de la trama? De la trama no les cuento nada en absoluto. S\u00f3lo les dir\u00e9 que es apasionante, global y con muchas conexiones entre presente y pasado, como es marca de la casa en un V\u00edctor del \u00c1rbol m\u00e1s negro, criminal, existencialista y desatado que nunca\u201d.<\/p>\n\n\n\n<figure class=\"wp-block-image size-full\"><a href=\"https:\/\/www.granadablogs.com\/pateandoelmundo\/wp-content\/uploads\/2025\/11\/El-tiempo-de-las-fieras.jpeg\"><img loading=\"lazy\" decoding=\"async\" width=\"587\" height=\"1000\" src=\"https:\/\/www.granadablogs.com\/pateandoelmundo\/wp-content\/uploads\/2025\/11\/El-tiempo-de-las-fieras.jpeg\" alt=\"\" class=\"wp-image-34512\" srcset=\"https:\/\/www.granadablogs.com\/pateandoelmundo\/wp-content\/uploads\/2025\/11\/El-tiempo-de-las-fieras.jpeg 587w, https:\/\/www.granadablogs.com\/pateandoelmundo\/wp-content\/uploads\/2025\/11\/El-tiempo-de-las-fieras-176x300.jpeg 176w\" sizes=\"auto, (max-width: 587px) 100vw, 587px\" \/><\/a><\/figure>\n\n\n\n<p>Pienso que no pasa nada si ahora les desvelo que uno de los hilos argumentales de esa gran novela es precisamente el de esos vomitivos \u2018safaris humanos\u2019 que se dieron durante las guerras balc\u00e1nicas. Lean \u2018El tiempo de las fieras\u2019 y se pondr\u00e1n en la piel de las v\u00edctimas adem\u00e1s de escarbar en el sucio y podrido cerebro de esos ricos y todopoderosos que tratan de justificar su inaceptable proceder.&nbsp;<\/p>\n\n\n\n<p>Sobre la caza del hombre hay otras novelas y pel\u00edculas siempre estremecedoras. Les recomiendo \u2018La presa desnuda\u2019, la impresionante pel\u00edcula \u2018africana\u2019 de Cornel Wilde, de 1966. O la m\u00e1s antigua a\u00fan \u2018El malvado Zaroff\u2019, de 1932. Si les interesa esa terrible historia, recuerden este c\u00f3mic del que tambi\u00e9n les habl\u00e9 hace meses: \u201cUn arist\u00f3crata que, bajo el barniz de la civilizaci\u00f3n, se muestra como una bestia sangrienta obsesionada con su presa\u201d. As\u00ed se describe al protagonista de \u2018Zaroff\u2019, el tebeo de Runberg y Miville-Desch\u00eanes publicado por Norma Editorial y que, por desgracia, se ha vuelto a poner de actualidad.&nbsp;<\/p>\n\n\n\n<figure class=\"wp-block-image size-large\"><a href=\"https:\/\/www.granadablogs.com\/pateandoelmundo\/wp-content\/uploads\/2025\/11\/Zaroff.jpeg\"><img loading=\"lazy\" decoding=\"async\" width=\"644\" height=\"855\" src=\"https:\/\/www.granadablogs.com\/pateandoelmundo\/wp-content\/uploads\/2025\/11\/Zaroff-644x855.jpeg\" alt=\"\" class=\"wp-image-34511\" srcset=\"https:\/\/www.granadablogs.com\/pateandoelmundo\/wp-content\/uploads\/2025\/11\/Zaroff-644x855.jpeg 644w, https:\/\/www.granadablogs.com\/pateandoelmundo\/wp-content\/uploads\/2025\/11\/Zaroff-226x300.jpeg 226w, https:\/\/www.granadablogs.com\/pateandoelmundo\/wp-content\/uploads\/2025\/11\/Zaroff-768x1020.jpeg 768w, https:\/\/www.granadablogs.com\/pateandoelmundo\/wp-content\/uploads\/2025\/11\/Zaroff-1156x1536.jpeg 1156w, https:\/\/www.granadablogs.com\/pateandoelmundo\/wp-content\/uploads\/2025\/11\/Zaroff.jpeg 1200w\" sizes=\"auto, (max-width: 644px) 100vw, 644px\" \/><\/a><\/figure>\n\n\n\n<p>Y una pel\u00edcula igualmente estremecedora: \u2018El sendero de la traici\u00f3n\u2019 de Costa-Gavras, protagonizada por una sensacional Debra Winger y un inquietante Tom Berenger en el papel de un abnegado padre de dos criaturas que, supremacista blanco convencido, en sus ratos libres se dedica a ir a c\u00f3nclaves del Ku Klux Klan y a organizar cacer\u00edas de seres humanos de color. Se trata de un thriller portentoso que resulta tristemente vigente.&nbsp;<\/p>\n\n\n\n<p>Y ahora caigo en que Roca Editorial public\u00f3 \u2018La cacer\u00eda\u2019, de Steffen Jacobsen, un thriller presentado en BCNegra hace un par de a\u00f1os y en el que se cuenta, de nuevo, un safari humano. Qu\u00e9 pena constatar una vez m\u00e1s que la realidad supera a la m\u00e1s cruel de las ficciones.&nbsp;<\/p>\n\n\n\n<p>Jes\u00fas Lens&nbsp;<\/p>\n","protected":false},"excerpt":{"rendered":"<p>Es una de esas frases que nunca veremos en un sobrecillo de az\u00facar a la hora del caf\u00e9. \u201cEl poder tiende a corromper y el poder absoluto corrompe absolutamente\u201d. Lo dijo Lord Acton en el siglo XIX y, por desgracia, no ha perdido vigencia. Cuando hablamos de corrupci\u00f3n pensamos en cuestiones econ\u00f3micas. En mordidas, sobornos, [&hellip;]<\/p>\n","protected":false},"author":1,"featured_media":34511,"comment_status":"open","ping_status":"open","sticky":false,"template":"","format":"standard","meta":{"jetpack_post_was_ever_published":false,"_jetpack_newsletter_access":"","_jetpack_dont_email_post_to_subs":false,"_jetpack_newsletter_tier_id":0,"_jetpack_memberships_contains_paywalled_content":false,"_jetpack_memberships_contains_paid_content":false,"footnotes":""},"categories":[1],"tags":[],"class_list":["post-34509","post","type-post","status-publish","format-standard","has-post-thumbnail","hentry","category-general"],"jetpack_featured_media_url":"https:\/\/www.granadablogs.com\/pateandoelmundo\/wp-content\/uploads\/2025\/11\/Zaroff.jpeg","jetpack_sharing_enabled":true,"_links":{"self":[{"href":"https:\/\/www.granadablogs.com\/pateandoelmundo\/wp-json\/wp\/v2\/posts\/34509","targetHints":{"allow":["GET"]}}],"collection":[{"href":"https:\/\/www.granadablogs.com\/pateandoelmundo\/wp-json\/wp\/v2\/posts"}],"about":[{"href":"https:\/\/www.granadablogs.com\/pateandoelmundo\/wp-json\/wp\/v2\/types\/post"}],"author":[{"embeddable":true,"href":"https:\/\/www.granadablogs.com\/pateandoelmundo\/wp-json\/wp\/v2\/users\/1"}],"replies":[{"embeddable":true,"href":"https:\/\/www.granadablogs.com\/pateandoelmundo\/wp-json\/wp\/v2\/comments?post=34509"}],"version-history":[{"count":1,"href":"https:\/\/www.granadablogs.com\/pateandoelmundo\/wp-json\/wp\/v2\/posts\/34509\/revisions"}],"predecessor-version":[{"id":34513,"href":"https:\/\/www.granadablogs.com\/pateandoelmundo\/wp-json\/wp\/v2\/posts\/34509\/revisions\/34513"}],"wp:featuredmedia":[{"embeddable":true,"href":"https:\/\/www.granadablogs.com\/pateandoelmundo\/wp-json\/wp\/v2\/media\/34511"}],"wp:attachment":[{"href":"https:\/\/www.granadablogs.com\/pateandoelmundo\/wp-json\/wp\/v2\/media?parent=34509"}],"wp:term":[{"taxonomy":"category","embeddable":true,"href":"https:\/\/www.granadablogs.com\/pateandoelmundo\/wp-json\/wp\/v2\/categories?post=34509"},{"taxonomy":"post_tag","embeddable":true,"href":"https:\/\/www.granadablogs.com\/pateandoelmundo\/wp-json\/wp\/v2\/tags?post=34509"}],"curies":[{"name":"wp","href":"https:\/\/api.w.org\/{rel}","templated":true}]}}