{"id":34506,"date":"2025-11-12T11:18:53","date_gmt":"2025-11-12T10:18:53","guid":{"rendered":"https:\/\/www.granadablogs.com\/pateandoelmundo\/?p=34506"},"modified":"2025-11-12T11:19:01","modified_gmt":"2025-11-12T10:19:01","slug":"elogio-de-la-diferencia","status":"publish","type":"post","link":"https:\/\/www.granadablogs.com\/pateandoelmundo\/elogio-de-la-diferencia\/","title":{"rendered":"Elogio de la diferencia"},"content":{"rendered":"\n<p>Siempre que me dicen que soy raro, doy las gracias. En un mundo cada vez m\u00e1s uniformado, uniformizado, medido, ponderado y estandarizado; ser raros, extra\u00f1os y diferentes es lo que precisamente marca la diferencia.&nbsp;<\/p>\n\n\n\n<p>Se lo he contado otras veces, pero como hace unos d\u00edas lo volv\u00eda a hablar con el escritor Pedro Mart\u00ed, el secreto mejor \u2014o peor\u2014 guardado de la novela negra m\u00e1s joven y rabiosamente contempor\u00e1nea, lo traigo de nuevo a colaci\u00f3n.&nbsp;<\/p>\n\n\n\n<p>\u201cLa normalidad est\u00e1 sobrevalorada\u201d, dice en su novela \u2018La mala hija\u2019, que va por la sexta edici\u00f3n. \u201cDiferente es una de mis palabras favoritas\u201d, confesar\u00e1 la hero\u00edna unas p\u00e1ginas despu\u00e9s.&nbsp;<\/p>\n\n\n\n<figure class=\"wp-block-image size-full\"><a href=\"https:\/\/www.granadablogs.com\/pateandoelmundo\/wp-content\/uploads\/2025\/11\/La-mala-hija.jpeg\"><img loading=\"lazy\" decoding=\"async\" width=\"585\" height=\"1000\" src=\"https:\/\/www.granadablogs.com\/pateandoelmundo\/wp-content\/uploads\/2025\/11\/La-mala-hija.jpeg\" alt=\"\" class=\"wp-image-34494\" srcset=\"https:\/\/www.granadablogs.com\/pateandoelmundo\/wp-content\/uploads\/2025\/11\/La-mala-hija.jpeg 585w, https:\/\/www.granadablogs.com\/pateandoelmundo\/wp-content\/uploads\/2025\/11\/La-mala-hija-176x300.jpeg 176w\" sizes=\"auto, (max-width: 585px) 100vw, 585px\" \/><\/a><\/figure>\n\n\n\n<p>Le preguntaba a Mart\u00ed, que tambi\u00e9n es profesor, por su querencia por lo extra\u00f1o y lo bizarro y esto me responde: \u201cTyrion Lannister dijo en \u2018Juego de Tronos\u2019 que ten\u00eda predilecci\u00f3n por \u201clos tullidos, bastardos y cosas rotas\u201d. Yo creo que siempre he sido un poco como Tyrion y creo que todo el mundo deber\u00eda serlo. Quiz\u00e1s nos falta empat\u00eda como sociedad, quiz\u00e1s, como docente lo digo, deber\u00edamos ense\u00f1arle a nuestros j\u00f3venes que no todos somos iguales: que hay gente que no es neurot\u00edpica, que no piensa igual, que tiene obsesiones, que ve el mundo de otra forma. Creo que es una carrera de fondo, y aunque con mi novela no trato de sermonear a nadie, me gusta que acabe calando en el lector la idea de que, como dice alguno de mis personajes, \u2018diferente\u2019 puede ser una gran palabra, y no necesariamente algo malo\u201d. \u00a1Lo suscribo de pe a pa!<\/p>\n\n\n\n<figure class=\"wp-block-image size-large\"><a href=\"https:\/\/www.granadablogs.com\/pateandoelmundo\/wp-content\/uploads\/2025\/11\/Tyrion.webp\"><img loading=\"lazy\" decoding=\"async\" width=\"644\" height=\"362\" src=\"https:\/\/www.granadablogs.com\/pateandoelmundo\/wp-content\/uploads\/2025\/11\/Tyrion-644x362.webp\" alt=\"\" class=\"wp-image-34507\" srcset=\"https:\/\/www.granadablogs.com\/pateandoelmundo\/wp-content\/uploads\/2025\/11\/Tyrion-644x362.webp 644w, https:\/\/www.granadablogs.com\/pateandoelmundo\/wp-content\/uploads\/2025\/11\/Tyrion-300x169.webp 300w, https:\/\/www.granadablogs.com\/pateandoelmundo\/wp-content\/uploads\/2025\/11\/Tyrion-768x432.webp 768w, https:\/\/www.granadablogs.com\/pateandoelmundo\/wp-content\/uploads\/2025\/11\/Tyrion-1536x864.webp 1536w, https:\/\/www.granadablogs.com\/pateandoelmundo\/wp-content\/uploads\/2025\/11\/Tyrion.webp 1900w\" sizes=\"auto, (max-width: 644px) 100vw, 644px\" \/><\/a><\/figure>\n\n\n\n<p>\u00bfQu\u00e9 es ser diferente, hoy d\u00eda? Posiblemente, ser m\u00e1s anal\u00f3gico que digital. Y, sobre todo, hacer cosas no productivas, de leer por el gusto de leer, sin necesidad de tratar de ser mejores personas; a pasear por el gusto de pasear pasando por ver cl\u00e1sicos en blanco y negro en la tele.&nbsp;<\/p>\n\n\n\n<p>A m\u00ed me traen sin cuidado las barbitas aparentemente descuidadas, los tatuajes y los piercings. El consumo de suplementos alimenticios, el \u2018pelao escarola\u2019, los ejercicios de fuerza en el gimnasio o el mindfulness. Me dan igual las modas que nacen y las que pasan. Lo aut\u00e9nticamente revolucionario, lo que la marca la diferencia en estos tiempos de postureo, m\u00e1scaras \u2014no s\u00f3lo faciales\u2014 y bienquedismo es la autenticidad y la naturalidad. Que cada persona sea y se muestre como es, aunque vaya en contra de los gustos mayoritarios, las tendencias y las costumbres del momento.<\/p>\n\n\n\n<p>Jes\u00fas Lens<\/p>\n","protected":false},"excerpt":{"rendered":"<p>Siempre que me dicen que soy raro, doy las gracias. En un mundo cada vez m\u00e1s uniformado, uniformizado, medido, ponderado y estandarizado; ser raros, extra\u00f1os y diferentes es lo que precisamente marca la diferencia.&nbsp; Se lo he contado otras veces, pero como hace unos d\u00edas lo volv\u00eda a hablar con el escritor Pedro Mart\u00ed, el [&hellip;]<\/p>\n","protected":false},"author":1,"featured_media":34507,"comment_status":"open","ping_status":"open","sticky":false,"template":"","format":"standard","meta":{"jetpack_post_was_ever_published":false,"_jetpack_newsletter_access":"","_jetpack_dont_email_post_to_subs":false,"_jetpack_newsletter_tier_id":0,"_jetpack_memberships_contains_paywalled_content":false,"_jetpack_memberships_contains_paid_content":false,"footnotes":""},"categories":[1],"tags":[],"class_list":["post-34506","post","type-post","status-publish","format-standard","has-post-thumbnail","hentry","category-general"],"jetpack_featured_media_url":"https:\/\/www.granadablogs.com\/pateandoelmundo\/wp-content\/uploads\/2025\/11\/Tyrion.webp","jetpack_sharing_enabled":true,"_links":{"self":[{"href":"https:\/\/www.granadablogs.com\/pateandoelmundo\/wp-json\/wp\/v2\/posts\/34506","targetHints":{"allow":["GET"]}}],"collection":[{"href":"https:\/\/www.granadablogs.com\/pateandoelmundo\/wp-json\/wp\/v2\/posts"}],"about":[{"href":"https:\/\/www.granadablogs.com\/pateandoelmundo\/wp-json\/wp\/v2\/types\/post"}],"author":[{"embeddable":true,"href":"https:\/\/www.granadablogs.com\/pateandoelmundo\/wp-json\/wp\/v2\/users\/1"}],"replies":[{"embeddable":true,"href":"https:\/\/www.granadablogs.com\/pateandoelmundo\/wp-json\/wp\/v2\/comments?post=34506"}],"version-history":[{"count":1,"href":"https:\/\/www.granadablogs.com\/pateandoelmundo\/wp-json\/wp\/v2\/posts\/34506\/revisions"}],"predecessor-version":[{"id":34508,"href":"https:\/\/www.granadablogs.com\/pateandoelmundo\/wp-json\/wp\/v2\/posts\/34506\/revisions\/34508"}],"wp:featuredmedia":[{"embeddable":true,"href":"https:\/\/www.granadablogs.com\/pateandoelmundo\/wp-json\/wp\/v2\/media\/34507"}],"wp:attachment":[{"href":"https:\/\/www.granadablogs.com\/pateandoelmundo\/wp-json\/wp\/v2\/media?parent=34506"}],"wp:term":[{"taxonomy":"category","embeddable":true,"href":"https:\/\/www.granadablogs.com\/pateandoelmundo\/wp-json\/wp\/v2\/categories?post=34506"},{"taxonomy":"post_tag","embeddable":true,"href":"https:\/\/www.granadablogs.com\/pateandoelmundo\/wp-json\/wp\/v2\/tags?post=34506"}],"curies":[{"name":"wp","href":"https:\/\/api.w.org\/{rel}","templated":true}]}}