{"id":34500,"date":"2025-11-10T18:33:47","date_gmt":"2025-11-10T17:33:47","guid":{"rendered":"https:\/\/www.granadablogs.com\/pateandoelmundo\/?p=34500"},"modified":"2025-11-10T18:33:57","modified_gmt":"2025-11-10T17:33:57","slug":"espias-en-el-centro-de-la-ficcion","status":"publish","type":"post","link":"https:\/\/www.granadablogs.com\/pateandoelmundo\/espias-en-el-centro-de-la-ficcion\/","title":{"rendered":"Esp\u00edas en &#8216;El Centro&#8217; de la ficci\u00f3n"},"content":{"rendered":"\n<p>En Espa\u00f1a tambi\u00e9n tenemos esp\u00edas. Esp\u00edas propios, me refiero. Que haya tipos de la CIA yanqui y del GRU ruso, heredero de la antigua KGB; lo damos por sentado. Y del MI6 brit\u00e1nico, la DGSE francesa y, por supuesto, del Mosaad israel\u00ed y de la DGED marroqu\u00ed. \u00a1Y lo que te rondar\u00e9, seas rubio o moreno! &nbsp;<\/p>\n\n\n\n<p>En Espa\u00f1a, los esp\u00edas dependen del CNI, el Centro Nacional de Inteligencia, conocido como El Centro. Y \u00e9se es precisamente el t\u00edtulo de la nueva y atractiva serie de Movistar Plus+, en la que se cuenta una historia de espionaje protagonizada por Juan Diego Botto, Elena Mart\u00edn Gimeno, Elisabet Casanovas, Clara Segura, Trist\u00e1n Ulloa y varias actrices y actores m\u00e1s, que el elenco es amplio y variado.&nbsp;<\/p>\n\n\n\n<figure class=\"wp-block-image size-large\"><a href=\"https:\/\/www.granadablogs.com\/pateandoelmundo\/wp-content\/uploads\/2025\/11\/El-centro-serie.jpeg\"><img loading=\"lazy\" decoding=\"async\" width=\"644\" height=\"966\" src=\"https:\/\/www.granadablogs.com\/pateandoelmundo\/wp-content\/uploads\/2025\/11\/El-centro-serie-644x966.jpeg\" alt=\"\" class=\"wp-image-34501\" srcset=\"https:\/\/www.granadablogs.com\/pateandoelmundo\/wp-content\/uploads\/2025\/11\/El-centro-serie-644x966.jpeg 644w, https:\/\/www.granadablogs.com\/pateandoelmundo\/wp-content\/uploads\/2025\/11\/El-centro-serie-200x300.jpeg 200w, https:\/\/www.granadablogs.com\/pateandoelmundo\/wp-content\/uploads\/2025\/11\/El-centro-serie-768x1152.jpeg 768w, https:\/\/www.granadablogs.com\/pateandoelmundo\/wp-content\/uploads\/2025\/11\/El-centro-serie-1024x1536.jpeg 1024w, https:\/\/www.granadablogs.com\/pateandoelmundo\/wp-content\/uploads\/2025\/11\/El-centro-serie-1366x2048.jpeg 1366w, https:\/\/www.granadablogs.com\/pateandoelmundo\/wp-content\/uploads\/2025\/11\/El-centro-serie.jpeg 1707w\" sizes=\"auto, (max-width: 644px) 100vw, 644px\" \/><\/a><\/figure>\n\n\n\n<p>El creador de \u2018El Centro\u2019 es David Moreno y, a t\u00edtulo de curiosidad, entre los productores se encuentra Pablo Isla, el que fuera pieza imprescindible de Amancio Ortega en Inditex hasta que le dej\u00f3 el puesto a Marta Ortega.<\/p>\n\n\n\n<p>La serie parte de una premisa muy atractiva: la b\u00fasqueda de un agente ruso que operaba en Espa\u00f1a y amenaza con volver. Un esp\u00eda del CNI que le sigue el rastro y un periodista espa\u00f1ol coinciden en el mismo pa\u00eds y en el mismo momento y comienzan una colaboraci\u00f3n que, sin embargo, no tardar\u00e1 en torcerse. Todo eso se cuenta en un sensacional primer episodio repleto de matices y de giros de guion, hasta llegar a un cliffhanger de manual, de los que obligan a responder \u201c\u00a1S\u00ed\u00ed\u00ed\u00ed\u00ed\u00ed\u00ed!\u201d cuando la plataforma te pregunta si quieres ver el siguiente cap\u00edtulo.<\/p>\n\n\n\n<p>En total son seis episodios, esa medida justa para una buena primera temporada de una serie que, ojal\u00e1, tenga continuidad. No les voy a contar (casi) nada de la trama. S\u00f3lo que la principal, en la que hay involucrado el director de un importante conglomerado medi\u00e1tico de nuestro pa\u00eds, no me convence demasiado ni me resulta particularmente cre\u00edble. Todo lo dem\u00e1s, s\u00ed. Sobre todo lo del topo.&nbsp;<\/p>\n\n\n\n<figure class=\"wp-block-image size-large\"><a href=\"https:\/\/www.granadablogs.com\/pateandoelmundo\/wp-content\/uploads\/2025\/11\/El-centro-reparto.jpeg\"><img loading=\"lazy\" decoding=\"async\" width=\"644\" height=\"343\" src=\"https:\/\/www.granadablogs.com\/pateandoelmundo\/wp-content\/uploads\/2025\/11\/El-centro-reparto-644x343.jpeg\" alt=\"\" class=\"wp-image-34502\" srcset=\"https:\/\/www.granadablogs.com\/pateandoelmundo\/wp-content\/uploads\/2025\/11\/El-centro-reparto-644x343.jpeg 644w, https:\/\/www.granadablogs.com\/pateandoelmundo\/wp-content\/uploads\/2025\/11\/El-centro-reparto-300x160.jpeg 300w, https:\/\/www.granadablogs.com\/pateandoelmundo\/wp-content\/uploads\/2025\/11\/El-centro-reparto-768x410.jpeg 768w, https:\/\/www.granadablogs.com\/pateandoelmundo\/wp-content\/uploads\/2025\/11\/El-centro-reparto.jpeg 1500w\" sizes=\"auto, (max-width: 644px) 100vw, 644px\" \/><\/a><\/figure>\n\n\n\n<p>Y es que, entre mis personajes favoritos de la vida, est\u00e1n los agentes dobles. Si siendo esp\u00eda ya tienes que llevar una doble existencia, con lo que eso supone de fingimiento; ser un agente doble tiene que ser ya la leche, por decirlo suavemente. Y ah\u00ed est\u00e1 lo m\u00e1s interesante de la serie: en los personajes, en las relaciones entre ellos. Se lo he le\u00eddo a David Moreno: la gente llega y entra en las series por el tema, pero se queda por los personajes.<\/p>\n\n\n\n<p>Cuando hablamos de la maravillosa \u2018Oficina de infiltrados\u2019, sobre los esp\u00edas franceses, comentamos lo extremadamente complejo que es compatibilizar una vida \u2018normal\u2019 con la profesi\u00f3n de esp\u00eda, que requiere dedicaci\u00f3n absoluta y en la que no hay horarios ni d\u00edas de vacaciones, en un sentido tradicional del t\u00e9rmino. De ah\u00ed que el concepto de conciliaci\u00f3n familiar, social y profesional sea tan complejo y contradictorio.<\/p>\n\n\n\n<p>Lealtad vs. traici\u00f3n est\u00e1 en el meollo de la historia que nos cuenta \u2018El Centro\u2019. Ser leal a un pa\u00eds, a los compa\u00f1eros de trabajo, a la familia y, como la periodista protagonista, a la profesi\u00f3n. O no serlo, claro. Traicionar tus principios o a tu gente dej\u00e1ndote corromper o, lo que es peor, convertirte en el tonto \u00fatil de la funci\u00f3n por no enterarte de la misa la media.<\/p>\n\n\n\n<p>\u00a0<\/p>\n\n\n\n<figure class=\"wp-block-image size-large\"><a href=\"https:\/\/www.granadablogs.com\/pateandoelmundo\/wp-content\/uploads\/2025\/11\/El-Centro-Situation-Room.jpeg\"><img loading=\"lazy\" decoding=\"async\" width=\"644\" height=\"362\" src=\"https:\/\/www.granadablogs.com\/pateandoelmundo\/wp-content\/uploads\/2025\/11\/El-Centro-Situation-Room-644x362.jpeg\" alt=\"\" class=\"wp-image-34503\" srcset=\"https:\/\/www.granadablogs.com\/pateandoelmundo\/wp-content\/uploads\/2025\/11\/El-Centro-Situation-Room-644x362.jpeg 644w, https:\/\/www.granadablogs.com\/pateandoelmundo\/wp-content\/uploads\/2025\/11\/El-Centro-Situation-Room-300x169.jpeg 300w, https:\/\/www.granadablogs.com\/pateandoelmundo\/wp-content\/uploads\/2025\/11\/El-Centro-Situation-Room-768x432.jpeg 768w, https:\/\/www.granadablogs.com\/pateandoelmundo\/wp-content\/uploads\/2025\/11\/El-Centro-Situation-Room.jpeg 1200w\" sizes=\"auto, (max-width: 644px) 100vw, 644px\" \/><\/a><\/figure>\n\n\n\n<p>Esta serie nos permite conocer un poco m\u00e1s de cerca c\u00f3mo funcionan los servicios secretos espa\u00f1oles, que el propio CNI ha asesorado a los creadores de \u2018El centro\u2019. Tampoco piensen que nos van a contar sus m\u00e1s \u00edntimos secretos, faltar\u00eda m\u00e1s, pero pesa m\u00e1s el factor humano que la adrenalina y las heroicidades, lo que es muy de agradecer.<\/p>\n\n\n\n<p>Jes\u00fas Lens<\/p>\n","protected":false},"excerpt":{"rendered":"<p>En Espa\u00f1a tambi\u00e9n tenemos esp\u00edas. Esp\u00edas propios, me refiero. Que haya tipos de la CIA yanqui y del GRU ruso, heredero de la antigua KGB; lo damos por sentado. Y del MI6 brit\u00e1nico, la DGSE francesa y, por supuesto, del Mosaad israel\u00ed y de la DGED marroqu\u00ed. \u00a1Y lo que te rondar\u00e9, seas rubio o [&hellip;]<\/p>\n","protected":false},"author":1,"featured_media":34502,"comment_status":"open","ping_status":"open","sticky":false,"template":"","format":"standard","meta":{"jetpack_post_was_ever_published":false,"_jetpack_newsletter_access":"","_jetpack_dont_email_post_to_subs":false,"_jetpack_newsletter_tier_id":0,"_jetpack_memberships_contains_paywalled_content":false,"_jetpack_memberships_contains_paid_content":false,"footnotes":""},"categories":[1],"tags":[],"class_list":["post-34500","post","type-post","status-publish","format-standard","has-post-thumbnail","hentry","category-general"],"jetpack_featured_media_url":"https:\/\/www.granadablogs.com\/pateandoelmundo\/wp-content\/uploads\/2025\/11\/El-centro-reparto.jpeg","jetpack_sharing_enabled":true,"_links":{"self":[{"href":"https:\/\/www.granadablogs.com\/pateandoelmundo\/wp-json\/wp\/v2\/posts\/34500","targetHints":{"allow":["GET"]}}],"collection":[{"href":"https:\/\/www.granadablogs.com\/pateandoelmundo\/wp-json\/wp\/v2\/posts"}],"about":[{"href":"https:\/\/www.granadablogs.com\/pateandoelmundo\/wp-json\/wp\/v2\/types\/post"}],"author":[{"embeddable":true,"href":"https:\/\/www.granadablogs.com\/pateandoelmundo\/wp-json\/wp\/v2\/users\/1"}],"replies":[{"embeddable":true,"href":"https:\/\/www.granadablogs.com\/pateandoelmundo\/wp-json\/wp\/v2\/comments?post=34500"}],"version-history":[{"count":2,"href":"https:\/\/www.granadablogs.com\/pateandoelmundo\/wp-json\/wp\/v2\/posts\/34500\/revisions"}],"predecessor-version":[{"id":34505,"href":"https:\/\/www.granadablogs.com\/pateandoelmundo\/wp-json\/wp\/v2\/posts\/34500\/revisions\/34505"}],"wp:featuredmedia":[{"embeddable":true,"href":"https:\/\/www.granadablogs.com\/pateandoelmundo\/wp-json\/wp\/v2\/media\/34502"}],"wp:attachment":[{"href":"https:\/\/www.granadablogs.com\/pateandoelmundo\/wp-json\/wp\/v2\/media?parent=34500"}],"wp:term":[{"taxonomy":"category","embeddable":true,"href":"https:\/\/www.granadablogs.com\/pateandoelmundo\/wp-json\/wp\/v2\/categories?post=34500"},{"taxonomy":"post_tag","embeddable":true,"href":"https:\/\/www.granadablogs.com\/pateandoelmundo\/wp-json\/wp\/v2\/tags?post=34500"}],"curies":[{"name":"wp","href":"https:\/\/api.w.org\/{rel}","templated":true}]}}