{"id":34210,"date":"2025-04-21T21:14:56","date_gmt":"2025-04-21T20:14:56","guid":{"rendered":"https:\/\/www.granadablogs.com\/pateandoelmundo\/?p=34210"},"modified":"2025-04-21T21:15:07","modified_gmt":"2025-04-21T20:15:07","slug":"que-se-lleva-el-dia-del-libro","status":"publish","type":"post","link":"https:\/\/www.granadablogs.com\/pateandoelmundo\/que-se-lleva-el-dia-del-libro\/","title":{"rendered":"Qu\u00e9 se lleva el D\u00eda del Libro"},"content":{"rendered":"\n<p>Empecemos a celebrarlo hoy mismo. Que s\u00ed, que ya sabemos que todos los d\u00edas deber\u00edan ser el D\u00eda del Libro, pero que para un d\u00eda en que se habla de libros con fervor, no nos vamos a poner puristas, soberbios, altaneros y tiquismiquis, \u00bfno les parece?\u00a0<\/p>\n\n\n\n<p>\u00bfQu\u00e9 se lleva un lector aficionado al noir este D\u00eda del Libro a casa? Para empezar, la reedici\u00f3n de una novela gr\u00e1fica que ha sido capital en Granada: \u2019La ara\u00f1a del olvido\u2019, del sin par, del \u00fanico e irreductible Enrique Bonet. Desde su publicaci\u00f3n, all\u00e1 por 2015, la obra sobre la investigaci\u00f3n de la muerte de Lorca emprendida por Agust\u00edn Pen\u00f3n no ha dejado de crecer y de generar cosas a su alrededor, desde la fundaci\u00f3n de una cofrad\u00eda en su honor a la realizaci\u00f3n de congresos, exposiciones, rutas, etc.&nbsp;<\/p>\n\n\n\n<figure class=\"wp-block-image size-large\"><a href=\"https:\/\/www.granadablogs.com\/pateandoelmundo\/wp-content\/uploads\/2025\/04\/La-arana-del-olvido-Peligros.jpeg\"><img loading=\"lazy\" decoding=\"async\" width=\"644\" height=\"911\" src=\"https:\/\/www.granadablogs.com\/pateandoelmundo\/wp-content\/uploads\/2025\/04\/La-arana-del-olvido-Peligros-644x911.jpeg\" alt=\"\" class=\"wp-image-34212\" srcset=\"https:\/\/www.granadablogs.com\/pateandoelmundo\/wp-content\/uploads\/2025\/04\/La-arana-del-olvido-Peligros-644x911.jpeg 644w, https:\/\/www.granadablogs.com\/pateandoelmundo\/wp-content\/uploads\/2025\/04\/La-arana-del-olvido-Peligros-212x300.jpeg 212w, https:\/\/www.granadablogs.com\/pateandoelmundo\/wp-content\/uploads\/2025\/04\/La-arana-del-olvido-Peligros-768x1086.jpeg 768w, https:\/\/www.granadablogs.com\/pateandoelmundo\/wp-content\/uploads\/2025\/04\/La-arana-del-olvido-Peligros-1086x1536.jpeg 1086w, https:\/\/www.granadablogs.com\/pateandoelmundo\/wp-content\/uploads\/2025\/04\/La-arana-del-olvido-Peligros.jpeg 1131w\" sizes=\"auto, (max-width: 644px) 100vw, 644px\" \/><\/a><\/figure>\n\n\n\n<p>Me encant\u00f3 que Astiberri la reeditara en tapa blanda, en su colecci\u00f3n Sill\u00f3n Orejero, para darle un nuevo impulso. Y precisamente hoy martes, en la Feria del Libro de Peligros, nos juntaremos con Enrique, a las 18.30 horas, en la Plaza de los Patos, para hablar de la relaci\u00f3n entre Literatura y Derechos Humanos a partir de su portentoso tebeo. Y por terminar con los c\u00f3mics, no me olviden la segunda entrega del \u2018Contrapaso\u2019 de Teresa Valero publicado por Norma. Es una joya. &nbsp;<\/p>\n\n\n\n<p>El m\u00e1s exigente lector negro-criminal se tiene que llevar, s\u00ed o tambi\u00e9n, \u2018Cris\u00e1lida\u2019, la impresionante, conmocionante y abracadabrante novelaza de otro de los nuestros, Fernando Navarro, que est\u00e1 en estado de gracia. Publicada por la siempre exquisita Impedimenta, transcurre entre el antiguo sanatorio de La Alfaguara y el centro de Granada antes de trasladarse a una Alpujarra convertida en territorio m\u00edtico. Y g\u00f3tico. Sure\u00f1o, adem\u00e1s. Ya les hablar\u00e9 largo y tendido de ella, pero es imprescindible.&nbsp;<\/p>\n\n\n\n<figure class=\"wp-block-image size-full\"><a href=\"https:\/\/www.granadablogs.com\/pateandoelmundo\/wp-content\/uploads\/2025\/04\/Crisalida.jpeg\"><img loading=\"lazy\" decoding=\"async\" width=\"172\" height=\"293\" src=\"https:\/\/www.granadablogs.com\/pateandoelmundo\/wp-content\/uploads\/2025\/04\/Crisalida.jpeg\" alt=\"\" class=\"wp-image-34211\"\/><\/a><\/figure>\n\n\n\n<p>Y la siguiente se la recomiendo con los ojos cerrados, que estoy aplazando el placer de su lectura igual que se deja una caja de exquisitos bombones para el momento preciso y oportuno. Ha vuelto May R. Ayamonte, una de las m\u00e1s nuestras de entre las nuestras, con una novela grana\u00edna y muy grana\u00edna: \u2018Lo que oculta la noche\u2019, publicada por Contraluz. Es una obra de ficci\u00f3n \u2014nunca se olvide este dato cuando hablamos de novelas\u2014 que parte de un suceso que conmocion\u00f3 a Granada: el llamado exorcismo del Albaic\u00edn. Y como la presentamos el primer s\u00e1bado de feria (del libro) ya s\u00ed que tengo que hincarle el diente. Como a \u2018Una muerte en busca de autor\u2019, de Jos\u00e9 Manuel Palma, que publica Esdr\u00fajula estos d\u00edas y que tambi\u00e9n presentamos el d\u00eda 6 de mayo en un lugar muy especial: la Estaci\u00f3n Experimental del Zaid\u00edn.&nbsp;<\/p>\n\n\n\n<p>\u00bfY qu\u00e9 se lleva un lector que, adem\u00e1s de aficionado al noir, lo sea al universo biot\u00f3pico y natural? Adem\u00e1s de \u2018Detr\u00e1s del cielo\u2019, de Manuel Rivas, publicada por Alfaguara y elegida como la mejor de las lecturas de 2024 por el colectivo \u2018Qu\u00e9 haces aqu\u00ed que no est\u00e1s leyendo\u2019; hay que leer \u2018Cordillera\u2019, de Marta del Riego, editada por ADN. Y \u2018Proscrito y salvaje\u2019, de Doug Peacock, subtitulada como \u2018Aventuras y desventuras de un combatiente por la naturaleza\u2019, publicada por la igualmente combativa editorial Errata Naturae.<\/p>\n\n\n\n<figure class=\"wp-block-image size-large\"><a href=\"https:\/\/www.granadablogs.com\/pateandoelmundo\/wp-content\/uploads\/2025\/04\/Cordillera-Marta-del-Riego.jpeg\"><img loading=\"lazy\" decoding=\"async\" width=\"644\" height=\"963\" src=\"https:\/\/www.granadablogs.com\/pateandoelmundo\/wp-content\/uploads\/2025\/04\/Cordillera-Marta-del-Riego-644x963.jpeg\" alt=\"\" class=\"wp-image-34213\" srcset=\"https:\/\/www.granadablogs.com\/pateandoelmundo\/wp-content\/uploads\/2025\/04\/Cordillera-Marta-del-Riego-644x963.jpeg 644w, https:\/\/www.granadablogs.com\/pateandoelmundo\/wp-content\/uploads\/2025\/04\/Cordillera-Marta-del-Riego-201x300.jpeg 201w, https:\/\/www.granadablogs.com\/pateandoelmundo\/wp-content\/uploads\/2025\/04\/Cordillera-Marta-del-Riego-768x1149.jpeg 768w, https:\/\/www.granadablogs.com\/pateandoelmundo\/wp-content\/uploads\/2025\/04\/Cordillera-Marta-del-Riego.jpeg 1000w\" sizes=\"auto, (max-width: 644px) 100vw, 644px\" \/><\/a><\/figure>\n\n\n\n<p>\u00bfY si lo que nos apetece es embarcarnos en un viaje gravitacional con periplos temporales? En ese caso, hay que cruzar \u2018Un puente sobre el tiempo\u2019, de la escritora anglo-camboyana Kaliane Bradley, publicada por Salamandra. Pero si preferimos aposentarnos en casa y construir un hogar, May Sarton nos habla de su \u2018Anhelo de ra\u00edces\u2019 en la bella edici\u00f3n de Gallo Nero. \u00a1Y es que libros son amores para leer con las mejores intenciones!<\/p>\n\n\n\n<p>Jes\u00fas Lens<\/p>\n","protected":false},"excerpt":{"rendered":"<p>Empecemos a celebrarlo hoy mismo. Que s\u00ed, que ya sabemos que todos los d\u00edas deber\u00edan ser el D\u00eda del Libro, pero que para un d\u00eda en que se habla de libros con fervor, no nos vamos a poner puristas, soberbios, altaneros y tiquismiquis, \u00bfno les parece?\u00a0 \u00bfQu\u00e9 se lleva un lector aficionado al noir este [&hellip;]<\/p>\n","protected":false},"author":1,"featured_media":34211,"comment_status":"open","ping_status":"open","sticky":false,"template":"","format":"standard","meta":{"jetpack_post_was_ever_published":false,"_jetpack_newsletter_access":"","_jetpack_dont_email_post_to_subs":false,"_jetpack_newsletter_tier_id":0,"_jetpack_memberships_contains_paywalled_content":false,"_jetpack_memberships_contains_paid_content":false,"footnotes":""},"categories":[1],"tags":[],"class_list":["post-34210","post","type-post","status-publish","format-standard","has-post-thumbnail","hentry","category-general"],"jetpack_featured_media_url":"https:\/\/www.granadablogs.com\/pateandoelmundo\/wp-content\/uploads\/2025\/04\/Crisalida.jpeg","jetpack_sharing_enabled":true,"_links":{"self":[{"href":"https:\/\/www.granadablogs.com\/pateandoelmundo\/wp-json\/wp\/v2\/posts\/34210","targetHints":{"allow":["GET"]}}],"collection":[{"href":"https:\/\/www.granadablogs.com\/pateandoelmundo\/wp-json\/wp\/v2\/posts"}],"about":[{"href":"https:\/\/www.granadablogs.com\/pateandoelmundo\/wp-json\/wp\/v2\/types\/post"}],"author":[{"embeddable":true,"href":"https:\/\/www.granadablogs.com\/pateandoelmundo\/wp-json\/wp\/v2\/users\/1"}],"replies":[{"embeddable":true,"href":"https:\/\/www.granadablogs.com\/pateandoelmundo\/wp-json\/wp\/v2\/comments?post=34210"}],"version-history":[{"count":2,"href":"https:\/\/www.granadablogs.com\/pateandoelmundo\/wp-json\/wp\/v2\/posts\/34210\/revisions"}],"predecessor-version":[{"id":34215,"href":"https:\/\/www.granadablogs.com\/pateandoelmundo\/wp-json\/wp\/v2\/posts\/34210\/revisions\/34215"}],"wp:featuredmedia":[{"embeddable":true,"href":"https:\/\/www.granadablogs.com\/pateandoelmundo\/wp-json\/wp\/v2\/media\/34211"}],"wp:attachment":[{"href":"https:\/\/www.granadablogs.com\/pateandoelmundo\/wp-json\/wp\/v2\/media?parent=34210"}],"wp:term":[{"taxonomy":"category","embeddable":true,"href":"https:\/\/www.granadablogs.com\/pateandoelmundo\/wp-json\/wp\/v2\/categories?post=34210"},{"taxonomy":"post_tag","embeddable":true,"href":"https:\/\/www.granadablogs.com\/pateandoelmundo\/wp-json\/wp\/v2\/tags?post=34210"}],"curies":[{"name":"wp","href":"https:\/\/api.w.org\/{rel}","templated":true}]}}