{"id":34205,"date":"2025-04-21T07:56:53","date_gmt":"2025-04-21T06:56:53","guid":{"rendered":"https:\/\/www.granadablogs.com\/pateandoelmundo\/?p=34205"},"modified":"2025-04-21T07:57:05","modified_gmt":"2025-04-21T06:57:05","slug":"piezas-raritas-y-guays","status":"publish","type":"post","link":"https:\/\/www.granadablogs.com\/pateandoelmundo\/piezas-raritas-y-guays\/","title":{"rendered":"Piezas raritas y guays"},"content":{"rendered":"\n<p>Cuando me llaman raro, siempre contesto con un sentido y sincero \u201c\u00a1Gracias!\u201d. Entiendan, pues, que el \u2018raritas\u2019 del titular es un elogio. Era lunes, era Semana Santa y estaba en un silencioso Palacio de Condes de Gabia. Me encontraba frente al baqueteado Superm\u00e1n de Luciano Alonso y me encant\u00f3 el t\u00edtulo de la obra: \u2018Monday, take it easy\u2019. \u00a1Eso! \u00a1T\u00f3matelo con calma, lunes y resto de la Semana Santa!<\/p>\n\n\n\n<figure class=\"wp-block-image size-large\"><a href=\"https:\/\/www.granadablogs.com\/pateandoelmundo\/wp-content\/uploads\/2025\/04\/Lunes-tomatelo-con-calma-de-Luciano-Sanchez-rotated.jpg\"><img loading=\"lazy\" decoding=\"async\" width=\"644\" height=\"859\" src=\"https:\/\/www.granadablogs.com\/pateandoelmundo\/wp-content\/uploads\/2025\/04\/Lunes-tomatelo-con-calma-de-Luciano-Sanchez-644x859.jpg\" alt=\"\" class=\"wp-image-34207\" srcset=\"https:\/\/www.granadablogs.com\/pateandoelmundo\/wp-content\/uploads\/2025\/04\/Lunes-tomatelo-con-calma-de-Luciano-Sanchez-644x859.jpg 644w, https:\/\/www.granadablogs.com\/pateandoelmundo\/wp-content\/uploads\/2025\/04\/Lunes-tomatelo-con-calma-de-Luciano-Sanchez-225x300.jpg 225w, https:\/\/www.granadablogs.com\/pateandoelmundo\/wp-content\/uploads\/2025\/04\/Lunes-tomatelo-con-calma-de-Luciano-Sanchez-768x1024.jpg 768w, https:\/\/www.granadablogs.com\/pateandoelmundo\/wp-content\/uploads\/2025\/04\/Lunes-tomatelo-con-calma-de-Luciano-Sanchez-1152x1536.jpg 1152w, https:\/\/www.granadablogs.com\/pateandoelmundo\/wp-content\/uploads\/2025\/04\/Lunes-tomatelo-con-calma-de-Luciano-Sanchez-rotated.jpg 1512w\" sizes=\"auto, (max-width: 644px) 100vw, 644px\" \/><\/a><\/figure>\n\n\n\n<p>No me las quiero dar de sabihondo, pero sab\u00eda perfectamente a qu\u00e9 galer\u00eda correspond\u00eda esa pieza, que El Silo El\u00e9ctrico est\u00e1 entregada al fascinante Surrealismo pop, el \u2018lowbrow\u2019 que tanto me gusta. Inciso: esto del \u2018lowbrow\u2019 lo s\u00e9 porque me lo explic\u00f3 la galerista Esperanza de los Reyes hace unos meses y, desde entonces, lo suelto siempre que puedo. \u00a1Es tan juguet\u00f3n, iconoclasta y cabr\u00f3n\u2026!<\/p>\n\n\n\n<p>Si est\u00e1n por Granada estos d\u00edas y les apetece hacer algo m\u00e1s que ver procesiones y comer Potaje de Vigilia y torrijas, as\u00f3mense a la exposici\u00f3n \u2018Custodia temporal. Trece colecciones de arte contempor\u00e1neo en Granada\u2019. La muestra sirve, adem\u00e1s de para disfrutar de la parte est\u00e9tica y emocional del arte, para conocer m\u00e1s en profundidad el sentido del coleccionismo.&nbsp;<\/p>\n\n\n\n<figure class=\"wp-block-image size-large\"><a href=\"https:\/\/www.granadablogs.com\/pateandoelmundo\/wp-content\/uploads\/2025\/04\/Ok-por-Salva-Di-marte-rotated.jpg\"><img loading=\"lazy\" decoding=\"async\" width=\"644\" height=\"859\" src=\"https:\/\/www.granadablogs.com\/pateandoelmundo\/wp-content\/uploads\/2025\/04\/Ok-por-Salva-Di-marte-644x859.jpg\" alt=\"\" class=\"wp-image-34206\" srcset=\"https:\/\/www.granadablogs.com\/pateandoelmundo\/wp-content\/uploads\/2025\/04\/Ok-por-Salva-Di-marte-644x859.jpg 644w, https:\/\/www.granadablogs.com\/pateandoelmundo\/wp-content\/uploads\/2025\/04\/Ok-por-Salva-Di-marte-225x300.jpg 225w, https:\/\/www.granadablogs.com\/pateandoelmundo\/wp-content\/uploads\/2025\/04\/Ok-por-Salva-Di-marte-768x1024.jpg 768w, https:\/\/www.granadablogs.com\/pateandoelmundo\/wp-content\/uploads\/2025\/04\/Ok-por-Salva-Di-marte-1152x1536.jpg 1152w, https:\/\/www.granadablogs.com\/pateandoelmundo\/wp-content\/uploads\/2025\/04\/Ok-por-Salva-Di-marte-rotated.jpg 1512w\" sizes=\"auto, (max-width: 644px) 100vw, 644px\" \/><\/a><\/figure>\n\n\n\n<p>Por ejemplo, esa Colecci\u00f3n Campos que apuesta por la \u2018nueva cantera\u2019, como la definen. \u201cLa pr\u00e1ctica art\u00edstica que se est\u00e1 produciendo en la actualidad\u201d, con especial predilecci\u00f3n por \u201clas vetas expresionista, pop y kitsch\u201d. Y es que las piezas expuestas de Elena N\u00fa\u00f1ez, Sa\u00fal Corona y Fran Baena son de 2023 y 2024.<\/p>\n\n\n\n<p>Me encant\u00f3, tambi\u00e9n, la declaraci\u00f3n de principios de Eduardo Quesada Dorador, que reivindica reforzar los museos ya existentes en Granada y no dispersarnos. Y, como apasionado que compra piezas de artistas granadinos o relacionados con nuestra tierra, defiende la dimensi\u00f3n p\u00fablica del coleccionismo, \u201cque adquiere las obras pensando en su donaci\u00f3n al Museo de Bellas Artes de Granada\u201d, tal y como leemos en el extraordinario cat\u00e1logo de la muestra, un libro que se merece columna aparte.<\/p>\n\n\n\n<p>Hay mucha pintura en la exposici\u00f3n, pero tambi\u00e9n hay fotograf\u00eda, escultura, libros ilustrados y libros intervenidos. Hay videoarte y otros formatos de lo m\u00e1s singular. Y est\u00e1 mi favorito de la vida. <\/p>\n\n\n\n<figure class=\"wp-block-image size-large\"><a href=\"https:\/\/www.granadablogs.com\/pateandoelmundo\/wp-content\/uploads\/2025\/04\/Paco-Pomet-fragmento.jpg\"><img loading=\"lazy\" decoding=\"async\" width=\"644\" height=\"483\" src=\"https:\/\/www.granadablogs.com\/pateandoelmundo\/wp-content\/uploads\/2025\/04\/Paco-Pomet-fragmento-644x483.jpg\" alt=\"\" class=\"wp-image-34208\" srcset=\"https:\/\/www.granadablogs.com\/pateandoelmundo\/wp-content\/uploads\/2025\/04\/Paco-Pomet-fragmento-644x483.jpg 644w, https:\/\/www.granadablogs.com\/pateandoelmundo\/wp-content\/uploads\/2025\/04\/Paco-Pomet-fragmento-300x225.jpg 300w, https:\/\/www.granadablogs.com\/pateandoelmundo\/wp-content\/uploads\/2025\/04\/Paco-Pomet-fragmento-768x576.jpg 768w, https:\/\/www.granadablogs.com\/pateandoelmundo\/wp-content\/uploads\/2025\/04\/Paco-Pomet-fragmento-1536x1152.jpg 1536w, https:\/\/www.granadablogs.com\/pateandoelmundo\/wp-content\/uploads\/2025\/04\/Paco-Pomet-fragmento.jpg 2016w\" sizes=\"auto, (max-width: 644px) 100vw, 644px\" \/><\/a><\/figure>\n\n\n\n<p>Por dos razones. La primera, por ser de quien es: mi querido y admirado Paco Pomet. Y la segunda: porque m\u00e1s noir no puede ser. M\u00edrenlo y lo comentamos.\u00a0<\/p>\n\n\n\n<p>Jes\u00fas Lens<\/p>\n","protected":false},"excerpt":{"rendered":"<p>Cuando me llaman raro, siempre contesto con un sentido y sincero \u201c\u00a1Gracias!\u201d. Entiendan, pues, que el \u2018raritas\u2019 del titular es un elogio. Era lunes, era Semana Santa y estaba en un silencioso Palacio de Condes de Gabia. Me encontraba frente al baqueteado Superm\u00e1n de Luciano Alonso y me encant\u00f3 el t\u00edtulo de la obra: \u2018Monday, [&hellip;]<\/p>\n","protected":false},"author":1,"featured_media":34206,"comment_status":"open","ping_status":"open","sticky":false,"template":"","format":"standard","meta":{"jetpack_post_was_ever_published":false,"_jetpack_newsletter_access":"","_jetpack_dont_email_post_to_subs":false,"_jetpack_newsletter_tier_id":0,"_jetpack_memberships_contains_paywalled_content":false,"_jetpack_memberships_contains_paid_content":false,"footnotes":""},"categories":[1],"tags":[],"class_list":["post-34205","post","type-post","status-publish","format-standard","has-post-thumbnail","hentry","category-general"],"jetpack_featured_media_url":"https:\/\/www.granadablogs.com\/pateandoelmundo\/wp-content\/uploads\/2025\/04\/Ok-por-Salva-Di-marte-rotated.jpg","jetpack_sharing_enabled":true,"_links":{"self":[{"href":"https:\/\/www.granadablogs.com\/pateandoelmundo\/wp-json\/wp\/v2\/posts\/34205","targetHints":{"allow":["GET"]}}],"collection":[{"href":"https:\/\/www.granadablogs.com\/pateandoelmundo\/wp-json\/wp\/v2\/posts"}],"about":[{"href":"https:\/\/www.granadablogs.com\/pateandoelmundo\/wp-json\/wp\/v2\/types\/post"}],"author":[{"embeddable":true,"href":"https:\/\/www.granadablogs.com\/pateandoelmundo\/wp-json\/wp\/v2\/users\/1"}],"replies":[{"embeddable":true,"href":"https:\/\/www.granadablogs.com\/pateandoelmundo\/wp-json\/wp\/v2\/comments?post=34205"}],"version-history":[{"count":1,"href":"https:\/\/www.granadablogs.com\/pateandoelmundo\/wp-json\/wp\/v2\/posts\/34205\/revisions"}],"predecessor-version":[{"id":34209,"href":"https:\/\/www.granadablogs.com\/pateandoelmundo\/wp-json\/wp\/v2\/posts\/34205\/revisions\/34209"}],"wp:featuredmedia":[{"embeddable":true,"href":"https:\/\/www.granadablogs.com\/pateandoelmundo\/wp-json\/wp\/v2\/media\/34206"}],"wp:attachment":[{"href":"https:\/\/www.granadablogs.com\/pateandoelmundo\/wp-json\/wp\/v2\/media?parent=34205"}],"wp:term":[{"taxonomy":"category","embeddable":true,"href":"https:\/\/www.granadablogs.com\/pateandoelmundo\/wp-json\/wp\/v2\/categories?post=34205"},{"taxonomy":"post_tag","embeddable":true,"href":"https:\/\/www.granadablogs.com\/pateandoelmundo\/wp-json\/wp\/v2\/tags?post=34205"}],"curies":[{"name":"wp","href":"https:\/\/api.w.org\/{rel}","templated":true}]}}