{"id":34189,"date":"2025-04-01T09:48:58","date_gmt":"2025-04-01T08:48:58","guid":{"rendered":"https:\/\/www.granadablogs.com\/pateandoelmundo\/?p=34189"},"modified":"2025-04-01T09:49:06","modified_gmt":"2025-04-01T08:49:06","slug":"en-tierra-de-nadie-terreno-del-mejor-thriller","status":"publish","type":"post","link":"https:\/\/www.granadablogs.com\/pateandoelmundo\/en-tierra-de-nadie-terreno-del-mejor-thriller\/","title":{"rendered":"En &#8216;Tierra de nadie&#8217;, terreno del mejor thriller"},"content":{"rendered":"\n<p>Guardias civiles y narcos como protagonistas de un vibrante thriller con aroma al mejor western noir contempor\u00e1neo. La Bah\u00eda de C\u00e1diz como escenario \u00fanico, elevado a la categor\u00eda de territorio m\u00edtico. Y una expresi\u00f3n compartida al salir de la sala: \u201c\u00a1Qu\u00e9 pelicul\u00f3n, qu\u00e9 pelicul\u00f3n!\u201d.<\/p>\n\n\n\n<figure class=\"wp-block-image size-large\"><a href=\"https:\/\/www.granadablogs.com\/pateandoelmundo\/wp-content\/uploads\/2025\/04\/Tierra-de-nadie.jpeg\"><img loading=\"lazy\" decoding=\"async\" width=\"644\" height=\"911\" src=\"https:\/\/www.granadablogs.com\/pateandoelmundo\/wp-content\/uploads\/2025\/04\/Tierra-de-nadie-644x911.jpeg\" alt=\"\" class=\"wp-image-34191\" srcset=\"https:\/\/www.granadablogs.com\/pateandoelmundo\/wp-content\/uploads\/2025\/04\/Tierra-de-nadie-644x911.jpeg 644w, https:\/\/www.granadablogs.com\/pateandoelmundo\/wp-content\/uploads\/2025\/04\/Tierra-de-nadie-212x300.jpeg 212w, https:\/\/www.granadablogs.com\/pateandoelmundo\/wp-content\/uploads\/2025\/04\/Tierra-de-nadie-768x1086.jpeg 768w, https:\/\/www.granadablogs.com\/pateandoelmundo\/wp-content\/uploads\/2025\/04\/Tierra-de-nadie.jpeg 980w\" sizes=\"auto, (max-width: 644px) 100vw, 644px\" \/><\/a><\/figure>\n\n\n\n<p>Y qu\u00e9 gustazo, ir al cine un soleado domingo por la tarde, reci\u00e9n cambiada la hora, y encontrarte una nutrida concurrencia para compartir el visionado de \u2018Tierra de nadie\u2019, una de las grandes pel\u00edculas espa\u00f1olas del a\u00f1o.<\/p>\n\n\n\n<p>Los protagonistas de la nueva cinta de Albert Pint\u00f3, que cuenta con producci\u00f3n del mismo equipo de \u2018La infiltrada\u2019 y guion de nuestro paisano Fernando Navarro, que est\u00e1 que se sale; son Luis Zahera como Mateo, un \u2018picoleto\u2019 de origen gallego; Karra Elejalde como Juan, un antiguo pescador de origen vasco que trafica con \u2018chocolate\u2019; y Jes\u00fas Carroza como Benito, depositario judicial de bienes intervenidos al narcotr\u00e1fico. Y a ese elenco hay que sumarle a Vicente Romero, otro pedazo de actor que se ha convertido en un g\u00e9nero en s\u00ed mismo.<\/p>\n\n\n\n<p>Una historia de amistad y desenga\u00f1o que, al estilo del western crepuscular, se basa en la relaci\u00f3n entre los personajes. El MacGuffin es la detenci\u00f3n de unos narcos y la incautaci\u00f3n de un yate que quedar\u00e1 almacenado en el dep\u00f3sito judicial de Benito, conocido como el \u2018Yeye\u2019. Tras la primera secuencia, que derrocha adrenalina, violencia y tensi\u00f3n en alta mar, la acci\u00f3n se traslada a tierra. A los despachos, donde cunde una innegable sensaci\u00f3n de des\u00e1nimo, fracaso y abandono tanto en la Guardia Civil como en la judicatura.\u00a0<\/p>\n\n\n\n<p>Y de ah\u00ed a los bares del entorno del puerto, a la zona vieja de C\u00e1diz. A las calles de andar por casa. Y a los di\u00e1logos entre los personajes, a una relaci\u00f3n labrada a fuerza de recuerdos compartidos, tragos y traiciones, mejores o peores decisiones, fotograf\u00edas antiguas y decepciones. Amistades en las que hay m\u00e1s pasado que futuro, por volver a los h\u00e9roes del western crepuscular.<\/p>\n\n\n\n<figure class=\"wp-block-image size-large\"><a href=\"https:\/\/www.granadablogs.com\/pateandoelmundo\/wp-content\/uploads\/2025\/04\/Tierra-de-nadie-poster.jpeg\"><img loading=\"lazy\" decoding=\"async\" width=\"644\" height=\"911\" src=\"https:\/\/www.granadablogs.com\/pateandoelmundo\/wp-content\/uploads\/2025\/04\/Tierra-de-nadie-poster-644x911.jpeg\" alt=\"\" class=\"wp-image-34192\" srcset=\"https:\/\/www.granadablogs.com\/pateandoelmundo\/wp-content\/uploads\/2025\/04\/Tierra-de-nadie-poster-644x911.jpeg 644w, https:\/\/www.granadablogs.com\/pateandoelmundo\/wp-content\/uploads\/2025\/04\/Tierra-de-nadie-poster-212x300.jpeg 212w, https:\/\/www.granadablogs.com\/pateandoelmundo\/wp-content\/uploads\/2025\/04\/Tierra-de-nadie-poster-768x1087.jpeg 768w, https:\/\/www.granadablogs.com\/pateandoelmundo\/wp-content\/uploads\/2025\/04\/Tierra-de-nadie-poster.jpeg 848w\" sizes=\"auto, (max-width: 644px) 100vw, 644px\" \/><\/a><\/figure>\n\n\n\n<p>Que el elenco principal de \u2018Tierra de nadie\u2019 est\u00e9 formado por actores de la personalidad de los citados me ha llevado a preguntarle a Fernando Navarro, el guionista de la pel\u00edcula, por c\u00f3mo fue el proceso de escritura. Al principio, su idea era que los tres protagonistas fueran andaluces y ver c\u00f3mo les afecta la tierra en la que viven. \u201cConforme avanzamos en la escritura nos planteamos la idea de que la tierra tambi\u00e9n puede transformar a los personajes venidos de fuera. \u2018Tierra de nadie\u2019 tiene una vocaci\u00f3n comercial y cuando tuvimos los s\u00edes de Luis Zahera y Karra Elejalde, los personajes se transformaron y los escrib\u00ed directamente para ellos, con ellos en mente y con ellos recitando los di\u00e1logos\u201d.<\/p>\n\n\n\n<figure class=\"wp-block-image size-large\"><a href=\"https:\/\/www.granadablogs.com\/pateandoelmundo\/wp-content\/uploads\/2025\/04\/Tierra-de-nadie-actores.webp\"><img loading=\"lazy\" decoding=\"async\" width=\"644\" height=\"362\" src=\"https:\/\/www.granadablogs.com\/pateandoelmundo\/wp-content\/uploads\/2025\/04\/Tierra-de-nadie-actores-644x362.webp\" alt=\"\" class=\"wp-image-34190\" srcset=\"https:\/\/www.granadablogs.com\/pateandoelmundo\/wp-content\/uploads\/2025\/04\/Tierra-de-nadie-actores-644x362.webp 644w, https:\/\/www.granadablogs.com\/pateandoelmundo\/wp-content\/uploads\/2025\/04\/Tierra-de-nadie-actores-300x168.webp 300w, https:\/\/www.granadablogs.com\/pateandoelmundo\/wp-content\/uploads\/2025\/04\/Tierra-de-nadie-actores-768x431.webp 768w, https:\/\/www.granadablogs.com\/pateandoelmundo\/wp-content\/uploads\/2025\/04\/Tierra-de-nadie-actores.webp 990w\" sizes=\"auto, (max-width: 644px) 100vw, 644px\" \/><\/a><\/figure>\n\n\n\n<p>Y con Jes\u00fas Carroza, un grande de nuestro cine llamado a darnos m\u00e1s grandes alegr\u00edas a\u00fan, y un Vicente Romero al que, insisto, tambi\u00e9n hay que hacerle un monumento. Y es que cada vez me gusta m\u00e1s escuchar el andaluz en el cine. Y leerlo en los libros. Pero de eso hablamos otro d\u00eda.&nbsp;<\/p>\n\n\n\n<p>Vayan a ver \u2018Tierra de nadie\u2019. Es una gozada visual, un espect\u00e1culo cinematogr\u00e1fico de primer orden que ofrece todo lo que promete. Y m\u00e1s a\u00fan. Cine comercial de divisi\u00f3n de honor, en el mejor sentido de la expresi\u00f3n, que te hace disfrutar de todos los elementos que conforman una gran pel\u00edcula: direcci\u00f3n impecable, actores en estado de gracia, un guion s\u00f3lido repleto de grandes y acerados di\u00e1logos y que combina momentos de acci\u00f3n, tensi\u00f3n, cercan\u00eda, ternura, complicidad y buen humor. Un paisaje espectacular, una fotograf\u00eda de lujo, tomas a\u00e9reas exquisitas, grandes persecuciones, tiroteos molones, m\u00fasica estupenda\u2026 \u00a1No se la pierdan!<\/p>\n\n\n\n<p>Jes\u00fas Lens<\/p>\n","protected":false},"excerpt":{"rendered":"<p>Guardias civiles y narcos como protagonistas de un vibrante thriller con aroma al mejor western noir contempor\u00e1neo. La Bah\u00eda de C\u00e1diz como escenario \u00fanico, elevado a la categor\u00eda de territorio m\u00edtico. Y una expresi\u00f3n compartida al salir de la sala: \u201c\u00a1Qu\u00e9 pelicul\u00f3n, qu\u00e9 pelicul\u00f3n!\u201d. Y qu\u00e9 gustazo, ir al cine un soleado domingo por la [&hellip;]<\/p>\n","protected":false},"author":1,"featured_media":34190,"comment_status":"open","ping_status":"open","sticky":false,"template":"","format":"standard","meta":{"jetpack_post_was_ever_published":false,"_jetpack_newsletter_access":"","_jetpack_dont_email_post_to_subs":false,"_jetpack_newsletter_tier_id":0,"_jetpack_memberships_contains_paywalled_content":false,"_jetpack_memberships_contains_paid_content":false,"footnotes":""},"categories":[1],"tags":[],"class_list":["post-34189","post","type-post","status-publish","format-standard","has-post-thumbnail","hentry","category-general"],"jetpack_featured_media_url":"https:\/\/www.granadablogs.com\/pateandoelmundo\/wp-content\/uploads\/2025\/04\/Tierra-de-nadie-actores.webp","jetpack_sharing_enabled":true,"_links":{"self":[{"href":"https:\/\/www.granadablogs.com\/pateandoelmundo\/wp-json\/wp\/v2\/posts\/34189","targetHints":{"allow":["GET"]}}],"collection":[{"href":"https:\/\/www.granadablogs.com\/pateandoelmundo\/wp-json\/wp\/v2\/posts"}],"about":[{"href":"https:\/\/www.granadablogs.com\/pateandoelmundo\/wp-json\/wp\/v2\/types\/post"}],"author":[{"embeddable":true,"href":"https:\/\/www.granadablogs.com\/pateandoelmundo\/wp-json\/wp\/v2\/users\/1"}],"replies":[{"embeddable":true,"href":"https:\/\/www.granadablogs.com\/pateandoelmundo\/wp-json\/wp\/v2\/comments?post=34189"}],"version-history":[{"count":2,"href":"https:\/\/www.granadablogs.com\/pateandoelmundo\/wp-json\/wp\/v2\/posts\/34189\/revisions"}],"predecessor-version":[{"id":34194,"href":"https:\/\/www.granadablogs.com\/pateandoelmundo\/wp-json\/wp\/v2\/posts\/34189\/revisions\/34194"}],"wp:featuredmedia":[{"embeddable":true,"href":"https:\/\/www.granadablogs.com\/pateandoelmundo\/wp-json\/wp\/v2\/media\/34190"}],"wp:attachment":[{"href":"https:\/\/www.granadablogs.com\/pateandoelmundo\/wp-json\/wp\/v2\/media?parent=34189"}],"wp:term":[{"taxonomy":"category","embeddable":true,"href":"https:\/\/www.granadablogs.com\/pateandoelmundo\/wp-json\/wp\/v2\/categories?post=34189"},{"taxonomy":"post_tag","embeddable":true,"href":"https:\/\/www.granadablogs.com\/pateandoelmundo\/wp-json\/wp\/v2\/tags?post=34189"}],"curies":[{"name":"wp","href":"https:\/\/api.w.org\/{rel}","templated":true}]}}