{"id":34158,"date":"2025-03-03T15:24:31","date_gmt":"2025-03-03T14:24:31","guid":{"rendered":"https:\/\/www.granadablogs.com\/pateandoelmundo\/?p=34158"},"modified":"2025-03-03T15:24:44","modified_gmt":"2025-03-03T14:24:44","slug":"clasicos-modernos-del-noir-en-pantalla-grande","status":"publish","type":"post","link":"https:\/\/www.granadablogs.com\/pateandoelmundo\/clasicos-modernos-del-noir-en-pantalla-grande\/","title":{"rendered":"Cl\u00e1sicos modernos del noir en pantalla grande"},"content":{"rendered":"\n<p>A finales del a\u00f1o pasado les hablaba de cine cl\u00e1sico de g\u00e1ngsteres. La \u2018Scarface\u2019 de Howard Hawks de 1932, por ejemplo, en la que se contaba la historia de Al Capone. El pr\u00f3ximo jueves 13 de marzo, en Kinepolis, tendremos la ocasi\u00f3n de disfrutar en pantalla grande y VOS de otra \u2018Scarface\u2019, m\u00e1s moderna, pero tambi\u00e9n ya cl\u00e1sica. Si la pel\u00edcula de Hawks se estren\u00f3 en nuestro pa\u00eds como \u2018El terror del hampa\u2019, la versi\u00f3n del \u2018caracortada\u2019 de Brian de Palma de 1983 la conocemos como \u2018El precio del poder\u2019.\u00a0<\/p>\n\n\n\n<figure class=\"wp-block-image size-large\"><a href=\"https:\/\/www.granadablogs.com\/pateandoelmundo\/wp-content\/uploads\/2025\/03\/El-precio-del-poder-Montana-1.jpeg\"><img loading=\"lazy\" decoding=\"async\" width=\"644\" height=\"462\" src=\"https:\/\/www.granadablogs.com\/pateandoelmundo\/wp-content\/uploads\/2025\/03\/El-precio-del-poder-Montana-1-644x462.jpeg\" alt=\"\" class=\"wp-image-34160\" srcset=\"https:\/\/www.granadablogs.com\/pateandoelmundo\/wp-content\/uploads\/2025\/03\/El-precio-del-poder-Montana-1-644x462.jpeg 644w, https:\/\/www.granadablogs.com\/pateandoelmundo\/wp-content\/uploads\/2025\/03\/El-precio-del-poder-Montana-1-300x215.jpeg 300w, https:\/\/www.granadablogs.com\/pateandoelmundo\/wp-content\/uploads\/2025\/03\/El-precio-del-poder-Montana-1-768x551.jpeg 768w, https:\/\/www.granadablogs.com\/pateandoelmundo\/wp-content\/uploads\/2025\/03\/El-precio-del-poder-Montana-1-1536x1102.jpeg 1536w, https:\/\/www.granadablogs.com\/pateandoelmundo\/wp-content\/uploads\/2025\/03\/El-precio-del-poder-Montana-1.jpeg 1673w\" sizes=\"auto, (max-width: 644px) 100vw, 644px\" \/><\/a><\/figure>\n\n\n\n<p>Lo que voy a decir puede ser considerado una herej\u00eda, pero mi yo m\u00e1s canalla, macarra y cinematogr\u00e1ficamente duro siempre prefiri\u00f3 al Al Pacino que vacilaba en Miami con la chuler\u00eda de Tony Montana que al fr\u00edo y cerebral Michael Corleone. No. No digo que me guste m\u00e1s \u2018El precio del poder\u2019 que la saga de \u2018El Padrino\u2019. Lo que digo es que Tony Montana molaba \u2014y sigue molando\u2014 todo. \u00a1Y la maravillosa Elvira interpretada por una gloriosa Michelle Pfeiffer!&nbsp;<\/p>\n\n\n\n<figure class=\"wp-block-image size-large\"><a href=\"https:\/\/www.granadablogs.com\/pateandoelmundo\/wp-content\/uploads\/2025\/03\/El-precio-del-poder-pareja.jpeg\"><img loading=\"lazy\" decoding=\"async\" width=\"644\" height=\"425\" src=\"https:\/\/www.granadablogs.com\/pateandoelmundo\/wp-content\/uploads\/2025\/03\/El-precio-del-poder-pareja-644x425.jpeg\" alt=\"\" class=\"wp-image-34161\" srcset=\"https:\/\/www.granadablogs.com\/pateandoelmundo\/wp-content\/uploads\/2025\/03\/El-precio-del-poder-pareja-644x425.jpeg 644w, https:\/\/www.granadablogs.com\/pateandoelmundo\/wp-content\/uploads\/2025\/03\/El-precio-del-poder-pareja-300x198.jpeg 300w, https:\/\/www.granadablogs.com\/pateandoelmundo\/wp-content\/uploads\/2025\/03\/El-precio-del-poder-pareja-768x507.jpeg 768w, https:\/\/www.granadablogs.com\/pateandoelmundo\/wp-content\/uploads\/2025\/03\/El-precio-del-poder-pareja.jpeg 800w\" sizes=\"auto, (max-width: 644px) 100vw, 644px\" \/><\/a><\/figure>\n\n\n\n<p>Tengo una debilidad especial por esta pel\u00edcula, lo confieso. Me s\u00e9 sus di\u00e1logos de memoria y los he repetido hasta la saciedad. En entornos de seguridad y confianza, claro. Tengo figuritas de Tony Montana en mi escritorio y cada vez que veo la pel\u00edcula y se acerca el final, abrigo esperanzas de que\u2026 Bueno, no les digo m\u00e1s, a la espera del jueves 13, que mi querido Manolo O\u00f1a y un servidor mantendremos apasionada conversaci\u00f3n al finalizar la proyecci\u00f3n con las y los valientes que aguanten despu\u00e9s de casi tres horas de proyecci\u00f3n. \u00a1Nadie dijo que fuera f\u00e1cil, la cinefilia!<\/p>\n\n\n\n<p>Con desmadrado guion de Oliver Stone, inolvidable banda sonora de Giorgio Moroder y brillante fotograf\u00eda de John A. Alonzo, \u2018El precio del poder\u2019 es una pel\u00edcula impactante que empieza con un discurso de Fidel Castro y termina\u2026 \u00a1c\u00f3mo termina! En este caso, los g\u00e1ngsteres protagonistas no son mafiosos italianos, sino \u2018refugiados\u2019 cubanos que salieron de la isla durante el \u00e9xodo de Mariel para instalarse en Miami, a donde llegan con una mano delante y otra detr\u00e1s. Pero con hambre. Mucha hambre. Y no de tacos, precisamente. En el momento de sus estreno, la desmesurada pel\u00edcula de Brian de Palma fue vapuleada por la cr\u00edtica por su inusual violencia y la b\u00e1rbara cantidad de droga que aparec\u00eda en pantalla, adem\u00e1s de por su lenguaje malsonante, que bati\u00f3 un r\u00e9cord por las veces que se pronunciaba la palabra \u2018fuck\u2019. No tard\u00f3, sin embargo, en convertirse en pel\u00edcula de culto, un cl\u00e1sico instant\u00e1neo.<\/p>\n\n\n\n<figure class=\"wp-block-image size-large\"><a href=\"https:\/\/www.granadablogs.com\/pateandoelmundo\/wp-content\/uploads\/2025\/03\/El-precio-del-poder-coca-1.jpeg\"><img loading=\"lazy\" decoding=\"async\" width=\"644\" height=\"429\" src=\"https:\/\/www.granadablogs.com\/pateandoelmundo\/wp-content\/uploads\/2025\/03\/El-precio-del-poder-coca-1-644x429.jpeg\" alt=\"\" class=\"wp-image-34164\" srcset=\"https:\/\/www.granadablogs.com\/pateandoelmundo\/wp-content\/uploads\/2025\/03\/El-precio-del-poder-coca-1-644x429.jpeg 644w, https:\/\/www.granadablogs.com\/pateandoelmundo\/wp-content\/uploads\/2025\/03\/El-precio-del-poder-coca-1-300x200.jpeg 300w, https:\/\/www.granadablogs.com\/pateandoelmundo\/wp-content\/uploads\/2025\/03\/El-precio-del-poder-coca-1-768x512.jpeg 768w, https:\/\/www.granadablogs.com\/pateandoelmundo\/wp-content\/uploads\/2025\/03\/El-precio-del-poder-coca-1.jpeg 1050w\" sizes=\"auto, (max-width: 644px) 100vw, 644px\" \/><\/a><\/figure>\n\n\n\n<p>En ese sentido, qu\u00e9 lujo y qu\u00e9 maravilla fue volver a ver \u2018Carretera perdida\u2019, igualmente en VOS, en el Cine Madrigal, que est\u00e1 haciendo un sentido homenaje a David Lynch con la complicidad de la distribuidora Avalon. Un llenazo apote\u00f3sico para disfrutar de una de esas pel\u00edculas herm\u00e9ticas, complejas y extra\u00f1as que son marca de f\u00e1brica de uno de los grandes genios de la historia del cine.&nbsp;<\/p>\n\n\n\n<figure class=\"wp-block-image size-full\"><a href=\"https:\/\/www.granadablogs.com\/pateandoelmundo\/wp-content\/uploads\/2025\/03\/Lost-Highway.jpeg\"><img loading=\"lazy\" decoding=\"async\" width=\"640\" height=\"480\" src=\"https:\/\/www.granadablogs.com\/pateandoelmundo\/wp-content\/uploads\/2025\/03\/Lost-Highway.jpeg\" alt=\"\" class=\"wp-image-34163\" srcset=\"https:\/\/www.granadablogs.com\/pateandoelmundo\/wp-content\/uploads\/2025\/03\/Lost-Highway.jpeg 640w, https:\/\/www.granadablogs.com\/pateandoelmundo\/wp-content\/uploads\/2025\/03\/Lost-Highway-300x225.jpeg 300w\" sizes=\"auto, (max-width: 640px) 100vw, 640px\" \/><\/a><\/figure>\n\n\n\n<p>Volv\u00ed a revivir el impacto que en su momento me produjo una historia protot\u00edpica del noir, con una maravillosa femme fatale interpretada por Patricia Arquette, pero trufada de \u2018ininteligibles\u2019 y bizarros toques surrealistas. Como el cambio de personalidad del protagonista, sin entrar en m\u00e1s detalles; o el m\u00edtico y desconcertante mensaje: \u2018Dick Laurent est\u00e1 muerto\u2019. Con guion del siempre sugerente y lac\u00f3nico Barry Gifford y una descomunal banda sonora, \u2018Carretera perdida\u2019 te imanta al asiento con el poder\u00edo de sus im\u00e1genes y te deja con la mand\u00edbula descolgada, balbuceante y anonadado.&nbsp;<\/p>\n\n\n\n<figure class=\"wp-block-image size-large\"><a href=\"https:\/\/www.granadablogs.com\/pateandoelmundo\/wp-content\/uploads\/2025\/03\/Lost-Highway-crazy.webp\"><img loading=\"lazy\" decoding=\"async\" width=\"644\" height=\"644\" src=\"https:\/\/www.granadablogs.com\/pateandoelmundo\/wp-content\/uploads\/2025\/03\/Lost-Highway-crazy-644x644.webp\" alt=\"\" class=\"wp-image-34165\" srcset=\"https:\/\/www.granadablogs.com\/pateandoelmundo\/wp-content\/uploads\/2025\/03\/Lost-Highway-crazy-644x644.webp 644w, https:\/\/www.granadablogs.com\/pateandoelmundo\/wp-content\/uploads\/2025\/03\/Lost-Highway-crazy-300x300.webp 300w, https:\/\/www.granadablogs.com\/pateandoelmundo\/wp-content\/uploads\/2025\/03\/Lost-Highway-crazy-150x150.webp 150w, https:\/\/www.granadablogs.com\/pateandoelmundo\/wp-content\/uploads\/2025\/03\/Lost-Highway-crazy-768x768.webp 768w, https:\/\/www.granadablogs.com\/pateandoelmundo\/wp-content\/uploads\/2025\/03\/Lost-Highway-crazy.webp 1200w\" sizes=\"auto, (max-width: 644px) 100vw, 644px\" \/><\/a><\/figure>\n\n\n\n<p>\u00a1Qu\u00e9 gustazo, volver a ver estos cl\u00e1sicos contempor\u00e1neos en pantalla grande y en comuni\u00f3n con decenas y decenas de enfermos de cine!&nbsp;<\/p>\n\n\n\n<p>Jes\u00fas Lens&nbsp; &nbsp; &nbsp; &nbsp;<\/p>\n","protected":false},"excerpt":{"rendered":"<p>A finales del a\u00f1o pasado les hablaba de cine cl\u00e1sico de g\u00e1ngsteres. La \u2018Scarface\u2019 de Howard Hawks de 1932, por ejemplo, en la que se contaba la historia de Al Capone. El pr\u00f3ximo jueves 13 de marzo, en Kinepolis, tendremos la ocasi\u00f3n de disfrutar en pantalla grande y VOS de otra \u2018Scarface\u2019, m\u00e1s moderna, pero [&hellip;]<\/p>\n","protected":false},"author":1,"featured_media":34159,"comment_status":"open","ping_status":"open","sticky":false,"template":"","format":"standard","meta":{"jetpack_post_was_ever_published":false,"_jetpack_newsletter_access":"","_jetpack_dont_email_post_to_subs":false,"_jetpack_newsletter_tier_id":0,"_jetpack_memberships_contains_paywalled_content":false,"_jetpack_memberships_contains_paid_content":false,"footnotes":""},"categories":[1],"tags":[],"class_list":["post-34158","post","type-post","status-publish","format-standard","has-post-thumbnail","hentry","category-general"],"jetpack_featured_media_url":"https:\/\/www.granadablogs.com\/pateandoelmundo\/wp-content\/uploads\/2025\/03\/El-precio-del-poder-Montana.jpeg","jetpack_sharing_enabled":true,"_links":{"self":[{"href":"https:\/\/www.granadablogs.com\/pateandoelmundo\/wp-json\/wp\/v2\/posts\/34158","targetHints":{"allow":["GET"]}}],"collection":[{"href":"https:\/\/www.granadablogs.com\/pateandoelmundo\/wp-json\/wp\/v2\/posts"}],"about":[{"href":"https:\/\/www.granadablogs.com\/pateandoelmundo\/wp-json\/wp\/v2\/types\/post"}],"author":[{"embeddable":true,"href":"https:\/\/www.granadablogs.com\/pateandoelmundo\/wp-json\/wp\/v2\/users\/1"}],"replies":[{"embeddable":true,"href":"https:\/\/www.granadablogs.com\/pateandoelmundo\/wp-json\/wp\/v2\/comments?post=34158"}],"version-history":[{"count":2,"href":"https:\/\/www.granadablogs.com\/pateandoelmundo\/wp-json\/wp\/v2\/posts\/34158\/revisions"}],"predecessor-version":[{"id":34167,"href":"https:\/\/www.granadablogs.com\/pateandoelmundo\/wp-json\/wp\/v2\/posts\/34158\/revisions\/34167"}],"wp:featuredmedia":[{"embeddable":true,"href":"https:\/\/www.granadablogs.com\/pateandoelmundo\/wp-json\/wp\/v2\/media\/34159"}],"wp:attachment":[{"href":"https:\/\/www.granadablogs.com\/pateandoelmundo\/wp-json\/wp\/v2\/media?parent=34158"}],"wp:term":[{"taxonomy":"category","embeddable":true,"href":"https:\/\/www.granadablogs.com\/pateandoelmundo\/wp-json\/wp\/v2\/categories?post=34158"},{"taxonomy":"post_tag","embeddable":true,"href":"https:\/\/www.granadablogs.com\/pateandoelmundo\/wp-json\/wp\/v2\/tags?post=34158"}],"curies":[{"name":"wp","href":"https:\/\/api.w.org\/{rel}","templated":true}]}}