{"id":34093,"date":"2025-01-20T10:50:39","date_gmt":"2025-01-20T09:50:39","guid":{"rendered":"https:\/\/www.granadablogs.com\/pateandoelmundo\/?p=34093"},"modified":"2025-01-20T10:53:10","modified_gmt":"2025-01-20T09:53:10","slug":"manten-la-vista-en-el-donut","status":"publish","type":"post","link":"https:\/\/www.granadablogs.com\/pateandoelmundo\/manten-la-vista-en-el-donut\/","title":{"rendered":"Mant\u00e9n la vista en el d\u00f3nut"},"content":{"rendered":"\n<p>Hoy es el d\u00eda m\u00e1s triste del a\u00f1o y, encima, se ha muerto David Lynch. Perra vida\u2026 Me est\u00e1 costando asumirlo. A lo de Lynch, me refiero, que el blue monday me trae bastante al pairo, la verdad sea dicha.<\/p>\n\n\n\n<figure class=\"wp-block-image size-large\"><a href=\"https:\/\/www.granadablogs.com\/pateandoelmundo\/wp-content\/uploads\/2025\/01\/David-Lynch-Liberation.jpg\"><img loading=\"lazy\" decoding=\"async\" width=\"644\" height=\"828\" src=\"https:\/\/www.granadablogs.com\/pateandoelmundo\/wp-content\/uploads\/2025\/01\/David-Lynch-Liberation-644x828.jpg\" alt=\"\" class=\"wp-image-34095\" srcset=\"https:\/\/www.granadablogs.com\/pateandoelmundo\/wp-content\/uploads\/2025\/01\/David-Lynch-Liberation-644x828.jpg 644w, https:\/\/www.granadablogs.com\/pateandoelmundo\/wp-content\/uploads\/2025\/01\/David-Lynch-Liberation-233x300.jpg 233w, https:\/\/www.granadablogs.com\/pateandoelmundo\/wp-content\/uploads\/2025\/01\/David-Lynch-Liberation-768x987.jpg 768w, https:\/\/www.granadablogs.com\/pateandoelmundo\/wp-content\/uploads\/2025\/01\/David-Lynch-Liberation-1195x1536.jpg 1195w, https:\/\/www.granadablogs.com\/pateandoelmundo\/wp-content\/uploads\/2025\/01\/David-Lynch-Liberation.jpg 1593w\" sizes=\"auto, (max-width: 644px) 100vw, 644px\" \/><\/a><\/figure>\n\n\n\n<p>Lo del cineasta, sin embargo, es otra cosa. Precisamente hoy, 20 de enero, habr\u00eda cumplido 79 a\u00f1os y nunca dej\u00e9 de so\u00f1ar con un nuevo estreno, una nueva pel\u00edcula, otro cortometraje, libro, c\u00f3mic, cuento, exposici\u00f3n, podcast\u2026 lo que fuera. Pero de David Lynch. Para m\u00ed s\u00f3lo hay otro director con una personalidad tan acusada como para llevar todo lo que toca a su terreno, a su mundo: el otro David. David Cronenberg.<\/p>\n\n\n\n<p>No les puedo decir que recuerdo ver el estreno de \u2018Dune\u2019 en el cine, pero s\u00ed \u2018Terciopelo azul\u2019, una pel\u00edcula que me volvi\u00f3 loco, en todos los sentidos de la expresi\u00f3n, y por la que siento una debilidad extrema. Y, desde entonces, todas y cada una de sus pel\u00edculas. Hasta \u2018Twin Peaks: Fuego camina conmigo\u2019, que necesit\u00e9 varios a\u00f1os y tres o cuatro visionados hasta \u2018entenderla\u2019, aceptarla y amarla a ella tambi\u00e9n. \u00a1Incluso la denostada \u2018Coraz\u00f3n salvaje\u2019, que celebr\u00e9 su Palma de Oro en Cannes como el ascenso del Covir\u00e1n!&nbsp;<\/p>\n\n\n\n<figure class=\"wp-block-image size-large\"><a href=\"https:\/\/www.granadablogs.com\/pateandoelmundo\/wp-content\/uploads\/2025\/01\/David-Lynch.jpeg\"><img loading=\"lazy\" decoding=\"async\" width=\"644\" height=\"859\" src=\"https:\/\/www.granadablogs.com\/pateandoelmundo\/wp-content\/uploads\/2025\/01\/David-Lynch-644x859.jpeg\" alt=\"\" class=\"wp-image-34096\" srcset=\"https:\/\/www.granadablogs.com\/pateandoelmundo\/wp-content\/uploads\/2025\/01\/David-Lynch-644x859.jpeg 644w, https:\/\/www.granadablogs.com\/pateandoelmundo\/wp-content\/uploads\/2025\/01\/David-Lynch-225x300.jpeg 225w, https:\/\/www.granadablogs.com\/pateandoelmundo\/wp-content\/uploads\/2025\/01\/David-Lynch.jpeg 710w\" sizes=\"auto, (max-width: 644px) 100vw, 644px\" \/><\/a><\/figure>\n\n\n\n<p>Haber sido espectador del cine de Lynch en tiempo real es una de las mejores cosas que me han pasado en esta vida y por eso siento su muerte como la de un amigo cercano. Hace 15 a\u00f1os, David Lynch estuvo en Granada. Bueno, \u00e9l no. Su obra pict\u00f3rica, en una brillante exposici\u00f3n en el Museo de Bellas Artes. Inclu\u00eda m\u00fasica de Angelo Badalamenti, cortometrajes y hasta fragmentos de algunas de sus pel\u00edculas. Recuerdo que sub\u00ed a la Alhambra en peregrinaci\u00f3n. \u00a1Qu\u00e9 maravilla! (Leer AQU\u00cd)<\/p>\n\n\n\n<figure class=\"wp-block-embed is-type-wp-embed is-provider-pateando-el-mundo wp-block-embed-pateando-el-mundo\"><div class=\"wp-block-embed__wrapper\">\n<blockquote class=\"wp-embedded-content\" data-secret=\"171OxrqVZm\"><a href=\"https:\/\/www.granadablogs.com\/pateandoelmundo\/david-lynch-en-granada\/\">DAVID LYNCH EN GRANADA<\/a><\/blockquote><iframe loading=\"lazy\" class=\"wp-embedded-content\" sandbox=\"allow-scripts\" security=\"restricted\" style=\"position: absolute; visibility: hidden;\" title=\"\u00abDAVID LYNCH EN GRANADA\u00bb \u2014 Pateando el mundo\" src=\"https:\/\/www.granadablogs.com\/pateandoelmundo\/david-lynch-en-granada\/embed\/#?secret=n3a03zGh44#?secret=171OxrqVZm\" data-secret=\"171OxrqVZm\" width=\"500\" height=\"282\" frameborder=\"0\" marginwidth=\"0\" marginheight=\"0\" scrolling=\"no\"><\/iframe>\n<\/div><\/figure>\n\n\n\n<figure class=\"wp-block-image size-large\"><a href=\"https:\/\/www.granadablogs.com\/pateandoelmundo\/wp-content\/uploads\/2025\/01\/David-Lynch-por-Goyo-Rodriguez.jpeg\"><img loading=\"lazy\" decoding=\"async\" width=\"644\" height=\"902\" src=\"https:\/\/www.granadablogs.com\/pateandoelmundo\/wp-content\/uploads\/2025\/01\/David-Lynch-por-Goyo-Rodriguez-644x902.jpeg\" alt=\"\" class=\"wp-image-34097\" srcset=\"https:\/\/www.granadablogs.com\/pateandoelmundo\/wp-content\/uploads\/2025\/01\/David-Lynch-por-Goyo-Rodriguez-644x902.jpeg 644w, https:\/\/www.granadablogs.com\/pateandoelmundo\/wp-content\/uploads\/2025\/01\/David-Lynch-por-Goyo-Rodriguez-214x300.jpeg 214w, https:\/\/www.granadablogs.com\/pateandoelmundo\/wp-content\/uploads\/2025\/01\/David-Lynch-por-Goyo-Rodriguez-768x1076.jpeg 768w, https:\/\/www.granadablogs.com\/pateandoelmundo\/wp-content\/uploads\/2025\/01\/David-Lynch-por-Goyo-Rodriguez.jpeg 771w\" sizes=\"auto, (max-width: 644px) 100vw, 644px\" \/><\/a><\/figure>\n\n\n\n<p>Su familia, al anunciar su muerte el pasado jueves, recordaba una de sus memorables frases en el comunicado: \u2018Mant\u00e9n tus ojos en el d\u00f3nut, no en el agujero\u2019. \u00a1Ay! Ahora tengo que encargar el famoso vinilo transparente para poner en la ventana con la leyenda \u2018Directed by David Lynch\u2019. <\/p>\n\n\n\n<figure class=\"wp-block-image size-large\"><a href=\"https:\/\/www.granadablogs.com\/pateandoelmundo\/wp-content\/uploads\/2025\/01\/David-Lynch-por-Javier-Olivares-1.jpeg\"><img loading=\"lazy\" decoding=\"async\" width=\"644\" height=\"400\" src=\"https:\/\/www.granadablogs.com\/pateandoelmundo\/wp-content\/uploads\/2025\/01\/David-Lynch-por-Javier-Olivares-1-644x400.jpeg\" alt=\"\" class=\"wp-image-34098\" srcset=\"https:\/\/www.granadablogs.com\/pateandoelmundo\/wp-content\/uploads\/2025\/01\/David-Lynch-por-Javier-Olivares-1-644x400.jpeg 644w, https:\/\/www.granadablogs.com\/pateandoelmundo\/wp-content\/uploads\/2025\/01\/David-Lynch-por-Javier-Olivares-1-300x186.jpeg 300w, https:\/\/www.granadablogs.com\/pateandoelmundo\/wp-content\/uploads\/2025\/01\/David-Lynch-por-Javier-Olivares-1-768x477.jpeg 768w, https:\/\/www.granadablogs.com\/pateandoelmundo\/wp-content\/uploads\/2025\/01\/David-Lynch-por-Javier-Olivares-1-1536x954.jpeg 1536w, https:\/\/www.granadablogs.com\/pateandoelmundo\/wp-content\/uploads\/2025\/01\/David-Lynch-por-Javier-Olivares-1.jpeg 2048w\" sizes=\"auto, (max-width: 644px) 100vw, 644px\" \/><\/a><\/figure>\n\n\n\n<p>Porque la realidad es diferente y m\u00e1s atractiva, cobra todo su (sin)sentido a trav\u00e9s de su lente prodigiosa. Eso, y desayunar caf\u00e9 y d\u00f3nuts. Y al blue monday, que le den.&nbsp;<\/p>\n\n\n\n<p>Jes\u00fas Lens<\/p>\n","protected":false},"excerpt":{"rendered":"<p>Hoy es el d\u00eda m\u00e1s triste del a\u00f1o y, encima, se ha muerto David Lynch. Perra vida\u2026 Me est\u00e1 costando asumirlo. A lo de Lynch, me refiero, que el blue monday me trae bastante al pairo, la verdad sea dicha. Lo del cineasta, sin embargo, es otra cosa. Precisamente hoy, 20 de enero, habr\u00eda cumplido [&hellip;]<\/p>\n","protected":false},"author":1,"featured_media":34094,"comment_status":"open","ping_status":"open","sticky":false,"template":"","format":"standard","meta":{"jetpack_post_was_ever_published":false,"_jetpack_newsletter_access":"","_jetpack_dont_email_post_to_subs":false,"_jetpack_newsletter_tier_id":0,"_jetpack_memberships_contains_paywalled_content":false,"_jetpack_memberships_contains_paid_content":false,"footnotes":""},"categories":[1],"tags":[],"class_list":["post-34093","post","type-post","status-publish","format-standard","has-post-thumbnail","hentry","category-general"],"jetpack_featured_media_url":"https:\/\/www.granadablogs.com\/pateandoelmundo\/wp-content\/uploads\/2025\/01\/David-Lynch-por-Javier-Olivares.jpeg","jetpack_sharing_enabled":true,"_links":{"self":[{"href":"https:\/\/www.granadablogs.com\/pateandoelmundo\/wp-json\/wp\/v2\/posts\/34093","targetHints":{"allow":["GET"]}}],"collection":[{"href":"https:\/\/www.granadablogs.com\/pateandoelmundo\/wp-json\/wp\/v2\/posts"}],"about":[{"href":"https:\/\/www.granadablogs.com\/pateandoelmundo\/wp-json\/wp\/v2\/types\/post"}],"author":[{"embeddable":true,"href":"https:\/\/www.granadablogs.com\/pateandoelmundo\/wp-json\/wp\/v2\/users\/1"}],"replies":[{"embeddable":true,"href":"https:\/\/www.granadablogs.com\/pateandoelmundo\/wp-json\/wp\/v2\/comments?post=34093"}],"version-history":[{"count":3,"href":"https:\/\/www.granadablogs.com\/pateandoelmundo\/wp-json\/wp\/v2\/posts\/34093\/revisions"}],"predecessor-version":[{"id":34101,"href":"https:\/\/www.granadablogs.com\/pateandoelmundo\/wp-json\/wp\/v2\/posts\/34093\/revisions\/34101"}],"wp:featuredmedia":[{"embeddable":true,"href":"https:\/\/www.granadablogs.com\/pateandoelmundo\/wp-json\/wp\/v2\/media\/34094"}],"wp:attachment":[{"href":"https:\/\/www.granadablogs.com\/pateandoelmundo\/wp-json\/wp\/v2\/media?parent=34093"}],"wp:term":[{"taxonomy":"category","embeddable":true,"href":"https:\/\/www.granadablogs.com\/pateandoelmundo\/wp-json\/wp\/v2\/categories?post=34093"},{"taxonomy":"post_tag","embeddable":true,"href":"https:\/\/www.granadablogs.com\/pateandoelmundo\/wp-json\/wp\/v2\/tags?post=34093"}],"curies":[{"name":"wp","href":"https:\/\/api.w.org\/{rel}","templated":true}]}}